{"id":19382,"date":"2026-01-21T19:45:00","date_gmt":"2026-01-21T18:45:00","guid":{"rendered":"http:\/\/marburg.news\/?p=19382"},"modified":"2026-01-21T19:45:00","modified_gmt":"2026-01-21T18:45:00","slug":"beruhigen-gruene-zur-krisenfestigkeit-der-marburger-infrastruktur","status":"publish","type":"post","link":"http:\/\/marburg.news\/?p=19382","title":{"rendered":"Beruhigen: Gr\u00fcne zur Krisenfestigkeit der Marburger Infrastruktur"},"content":{"rendered":"<p>Die Gr\u00fcnen sind von der Krisenfestigkeit der kritischen Infrastruktur in Marburg \u00fcberzeugt. Das haben sie am Mittwoch (21. Januar) mitgeteilt. <!--more--><br \/>\n&#8222;Marburg wird im Falle eines Unfalls oder Anschlags nicht zum zweiten Berlin&#8220;, erkl\u00e4rte B\u00fcrgermeisterin Nadine Bernshausen. Nach dem extremistischen Anschlag auf das Stromnetz in Berlin und dessen katastrophalen Folgen fragen sich viele Marburgerinnen und Marburger: &#8222;wie resistent ist Marburg?&#8220;<br \/>\nDas seien &#8222;berechtigte Sorgen, auf die wir unseren Mitb\u00fcrger*innen schnell klare Antworten geben m\u00fcssen&#8220;, sagte Gr\u00fcnen-Sprecherin Annika M\u00fcnzer. Als Aufsichtsratsvorsitzende der Stadtwerke berichtete B\u00fcrgermeisterin Bernshausen dazu, dass die Stadtwerke Marburg in den letzten drei Jahren eine Reihe von Ma\u00dfnahmen ergriffen und Investitionen get\u00e4tigt haben, die die Sicherheit und Krisenfestigkeit der kritischen Infrastruktur in Marburg erheblich verbessert haben. Der stellvertretende Gr\u00fcnen-Fraktionsvorsitzende Uwe Volz erkl\u00e4rte: &#8222;Die getroffenen Sicherheitsma\u00dfnahmen der letzten drei Jahren sind richtig und wichtig. Damit wird eine deutlich h\u00f6here Sicherheit hergestellt.&#8220;<br \/>\nBernshausen hat gegen\u00fcber der Gr\u00fcnen Fraktion betont: &#8222;Es war wichtig, f\u00fcr Strom, Gas, Fernw\u00e4rme und Wassernetze Redundanzen herzustellen. Ein wichtiger Schritt wird abschlie\u00dfend die Fertigstellung des zweiten Umspannwerks sein.&#8220;<br \/>\nF\u00fcr die Fraktion ist damit klar: &#8222;Die Netze der Stadtwerke Marburg haben bereits ein hohes Ma\u00df an Sicherheit. Der Anschlag in Berlin zeigt aber, dass wir sehr wachsam sein m\u00fcssen.&#8220;<br \/>\nDie Fraktion ist der Auffassung, dass es notwendig wird, die Bev\u00f6lkerung zu informieren: &#8222;Wir bitten die Stadtwerke Marburg um einen zeitnahen Bericht \u00fcber die Krisenfestigkeit der Stadt Marburg, der f\u00fcr die Gefahren sensibilisiert und die Notwendigkeit von Vorsorge verdeutlicht&#8220;, forderte Volz.<\/p>\n<p>* pm: Die Gr\u00fcnen Marburg<\/p>\n","protected":false},"excerpt":{"rendered":"<p>Die Gr\u00fcnen sind von der Krisenfestigkeit der kritischen Infrastruktur in Marburg \u00fcberzeugt. Das haben sie am Mittwoch (21. Januar) mitgeteilt.<\/p>\n","protected":false},"author":2,"featured_media":0,"comment_status":"closed","ping_status":"open","sticky":false,"template":"","format":"standard","meta":{"advanced_seo_description":"","spay_email":"","jetpack_publicize_message":"","jetpack_is_tweetstorm":false,"jetpack_publicize_feature_enabled":true},"categories":[2,4],"tags":[165,2899,3837],"jetpack_featured_media_url":"","jetpack_publicize_connections":[],"jetpack_sharing_enabled":true,"jetpack_shortlink":"https:\/\/wp.me\/p8mhvd-52C","jetpack-related-posts":[{"id":8703,"url":"http:\/\/marburg.news\/?p=8703","url_meta":{"origin":19382,"position":0},"title":"F\u00fcr Bernshausen: Neue B\u00fcrgermeisterin gew\u00e4hlt und ins Amt eingef\u00fchrt","date":"1. Februar 2022","format":false,"excerpt":"Nadine Bernshausen ist neue B\u00fcrgermeisterin von Marburg. Ihre Amtszeit startete mit der Vereidigung w\u00e4hrend der Sitzung am Freitag (28. Januar). Gew\u00e4hlt, vereidigt und mit Handschlag in das neue Amt eingef\u00fchrt wurde Nadine Bernshausen am Freitagabend. Die Gr\u00fcne ist neue B\u00fcrgermeisterin der Universit\u00e4tsstadt Marburg. Ihre Amtszeit begann mit der Wahl in\u2026","rel":"","context":"In &quot;Politik&quot;","img":{"alt_text":"","src":"","width":0,"height":0},"classes":[]},{"id":5826,"url":"http:\/\/marburg.news\/?p=5826","url_meta":{"origin":19382,"position":1},"title":"Gr\u00fcne Kandidatin: Nadine Bernshausen will Oberb\u00fcrgermeisterin werden","date":"10. Oktober 2020","format":false,"excerpt":"Die Gr\u00fcnen haben Nadine Bernshausen als Kandidatin f\u00fcr das Amt der Marburger Oberb\u00fcrgermeisterin nominiert. Die Wahl ist f\u00fcr den 14. M\u00e4rz 2021 zusammen mit den Kommunalwahlen in Hessen angesetzt. F\u00fcr dieNeuwahl der Stadtspitze haben der Parteivorstand und die Fraktion von B\u00fcndnis 90\/Die Gr\u00fcnen in Marburg sowie der Vorstand der Gr\u00fcnen\u2026","rel":"","context":"In &quot;Politik&quot;","img":{"alt_text":"","src":"","width":0,"height":0},"classes":[]},{"id":11405,"url":"http:\/\/marburg.news\/?p=11405","url_meta":{"origin":19382,"position":2},"title":"Trotz Belastung: Bernshausen \u00fcbernimmt Funktion beim St\u00e4dtetag","date":"8. Dezember 2022","format":false,"excerpt":"Der Ausschuss f\u00fcr Recht und Verfassung hat Nadine Bernshausen benannt. Die Marburger B\u00fcrgermeisterin wird Mitglied in Gremium des Deutschen St\u00e4dtetags B\u00fcrgermeisterin Nadine Bernshausen ist neues Mitglied im Ausschuss f\u00fcr Recht und Verfassung des Deutschen St\u00e4dtetags. Die Dezernentin f\u00fcr Kinder, Jugend, Familien, Umwelt-, Klima-, Naturschutz und Fairer Handel der Universit\u00e4tsstadt Marburg\u2026","rel":"","context":"In &quot;Politik&quot;","img":{"alt_text":"","src":"","width":0,"height":0},"classes":[]},{"id":12631,"url":"http:\/\/marburg.news\/?p=12631","url_meta":{"origin":19382,"position":3},"title":"Infos an Interessierte: Zur W\u00e4rmeversorgung in drei Stadtteilen","date":"19. Mai 2023","format":false,"excerpt":"Eine Informationsveranstaltung zeigt M\u00f6glichkeiten zur W\u00e4rmeversorgung und energetischen Sanierung in Cyriaxweimar, Haddamshausen und Wehrshausen auf. Sie findet am Dienstag (23. Mai) in Cyriaxweimar statt. Wegen der gestiegenen Energiekosten und der - von der Bundesregierung beschlossenen - \u00c4nderung im Geb\u00e4udeenergiegesetz zum Austausch von \u00d6l- und Gasheizungen besch\u00e4ftigen sich inzwischen immer mehr\u2026","rel":"","context":"In &quot;Politik&quot;","img":{"alt_text":"","src":"","width":0,"height":0},"classes":[]},{"id":19791,"url":"http:\/\/marburg.news\/?p=19791","url_meta":{"origin":19382,"position":4},"title":"Stimmen f\u00fcr Kandidierende: Wahlergebnis der StVV in barrierefreier Form","date":"27. M\u00e4rz 2026","format":false,"excerpt":"B\u00fcrgermeisterin Nadine Bernshausen ist die beliebteste Politikerin Marburgs. Bei der Kommunalwahl am Sonntag (15. M\u00e4rz) bekam die Gr\u00fcne in der Stadt die meisten Stimmen. Auf dem zweiten Platz folgt mit deutlichem Abstand der CDU-Landtagsabgeordnete Dirk Bamberger. Bei der Wahl zur Stadtverordnetenversammlung (StVV) erhielt der SPD-Oberb\u00fcrgermeister Dr. Thomas Spies nur die\u2026","rel":"","context":"In &quot;Politik&quot;","img":{"alt_text":"","src":"","width":0,"height":0},"classes":[]},{"id":15596,"url":"http:\/\/marburg.news\/?p=15596","url_meta":{"origin":19382,"position":5},"title":"Wahlkampfmarathon: Anna L\u00fchrmann spricht im TTZ","date":"15. Mai 2024","format":false,"excerpt":"Die Gr\u00fcnen Marburg-Biedenkopf richten eine Veranstaltung im Rahmen der Europawahl aus. Staatsministerin Anna L\u00fchrmann spricht zum Thema \"So machen wir Europa wehrhaft gegen Populismus\". Die Bundestagsabgeordnete Anna L\u00fchrmann spricht am Donnerstag (23. Mai) im Technologie- und Tagungszentrum TTZ \u00fcber das wehrhafte Europa. Beginn der Veranstaltung ist um 19 Uhr. In\u2026","rel":"","context":"In &quot;Politik&quot;","img":{"alt_text":"","src":"","width":0,"height":0},"classes":[]}],"_links":{"self":[{"href":"http:\/\/marburg.news\/index.php?rest_route=\/wp\/v2\/posts\/19382"}],"collection":[{"href":"http:\/\/marburg.news\/index.php?rest_route=\/wp\/v2\/posts"}],"about":[{"href":"http:\/\/marburg.news\/index.php?rest_route=\/wp\/v2\/types\/post"}],"author":[{"embeddable":true,"href":"http:\/\/marburg.news\/index.php?rest_route=\/wp\/v2\/users\/2"}],"replies":[{"embeddable":true,"href":"http:\/\/marburg.news\/index.php?rest_route=%2Fwp%2Fv2%2Fcomments&post=19382"}],"version-history":[{"count":0,"href":"http:\/\/marburg.news\/index.php?rest_route=\/wp\/v2\/posts\/19382\/revisions"}],"wp:attachment":[{"href":"http:\/\/marburg.news\/index.php?rest_route=%2Fwp%2Fv2%2Fmedia&parent=19382"}],"wp:term":[{"taxonomy":"category","embeddable":true,"href":"http:\/\/marburg.news\/index.php?rest_route=%2Fwp%2Fv2%2Fcategories&post=19382"},{"taxonomy":"post_tag","embeddable":true,"href":"http:\/\/marburg.news\/index.php?rest_route=%2Fwp%2Fv2%2Ftags&post=19382"}],"curies":[{"name":"wp","href":"https:\/\/api.w.org\/{rel}","templated":true}]}}