{"id":19374,"date":"2026-01-20T15:52:28","date_gmt":"2026-01-20T14:52:28","guid":{"rendered":"http:\/\/marburg.news\/?p=19374"},"modified":"2026-01-20T15:52:28","modified_gmt":"2026-01-20T14:52:28","slug":"vorfreude-fuer-2026-theaterauffuehrungen-und-konzert-in-der-esg","status":"publish","type":"post","link":"http:\/\/marburg.news\/?p=19374","title":{"rendered":"Vorfreude f\u00fcr 2026: Theaterauff\u00fchrungen und Konzert in der ESG"},"content":{"rendered":"<p>die Evangelische Studierendengemeinde Marburg (ESG) l\u00e4dt zu drei Veranstaltungen ein. Es geht um zwei Auff\u00fchrungen eines Theaterst\u00fccks sowie ein Chorkonzert. <!--more--><br \/>\nAm Samstag (24. Januar) und Sonntag (25. Januar) f\u00fchrt die Theatergruppe der ESG die Kriminalkom\u00f6die &#8222;Meine Leiche Deine Leiche&#8220; von Christine Steinwasser auf. Die Auff\u00fchrungen beginnen jeweils um 19 Uhr in der ESG an der Rudolf-Bultmann-Stra\u00dfe. Der Eintritt ist frei.<br \/>\nF\u00fcr Samstag (31. Januar) steht das Konzert zum Wintersemester auf dem Programm: Um 18 Uhr pr\u00e4sentiert der Chor der ESG in der Marburger Universit\u00e4tskirche ein Programm mit dem Titel &#8222;\u00dcberLeben&#8220; mit Liedern und deren Geschichten \u00fcber das, was uns durchs Leben tr\u00e4gt. Im Alltag, in Krisen, im Miteinander, zwischen Hoffnung und Zweifel, zwischen St\u00e4rke und Verletzlichkeit. Unter der musikalischen Leitung von Jonathan Haarmann und Mara J\u00e4pel pr\u00e4sentieren die rund 100 S\u00e4ngerinnen und S\u00e4nger ein Programm, das sich stilistisch zwischen Pop, Jazz, Swing und zeitgen\u00f6ssischer Chormusik bewegt.<br \/>\nZu h\u00f6ren sein werden unter anderem &#8222;Eye of the Tiger&#8220; von Frank Sullivan und Jim Peterik, &#8222;Das zweite Gesicht&#8220; von Peter Fox, poetische Werke wie &#8222;Wide Open Spaces&#8220; von Sarah Quartel und &#8222;Harbour&#8220; von Anna Taboush oder der Klassiker &#8222;New York, New York&#8220; von John Kander. Auch zum Konzert wird kein Eintritt erhoben, alle Besucherinnen und Besucher sind herzlich willkommen.<\/p>\n<p>* pm: Evangelischer Kirchenkreis Marburg<\/p>\n","protected":false},"excerpt":{"rendered":"<p>die Evangelische Studierendengemeinde Marburg (ESG) l\u00e4dt zu drei Veranstaltungen ein. Es geht um zwei Auff\u00fchrungen eines Theaterst\u00fccks sowie ein Chorkonzert.<\/p>\n","protected":false},"author":2,"featured_media":0,"comment_status":"closed","ping_status":"open","sticky":false,"template":"","format":"standard","meta":{"advanced_seo_description":"","spay_email":"","jetpack_publicize_message":"","jetpack_is_tweetstorm":false,"jetpack_publicize_feature_enabled":true},"categories":[3],"tags":[7304,358,14],"jetpack_featured_media_url":"","jetpack_publicize_connections":[],"jetpack_sharing_enabled":true,"jetpack_shortlink":"https:\/\/wp.me\/p8mhvd-52u","jetpack-related-posts":[{"id":19277,"url":"http:\/\/marburg.news\/?p=19277","url_meta":{"origin":19374,"position":0},"title":"Hinwendung: Pianist Alexander Gadjiev spielt im EPH","date":"30. Dezember 2025","format":false,"excerpt":"Ein Konzert mit dem Pianisten Alexander Gadjiev veranstaltet der Marburger Konzertverein am Samstag (10. Januar) um 20 Uhr im Erwin-Piscator-Haus (EPH). Er verspricht einen Klavierabend von poetischer Tiefe und vision\u00e4rer Kraft. Zu einem au\u00dfergew\u00f6hnlichen Klavierabend am Samstag (10. Januar) l\u00e4dt der Marburger Konzertverein ins Erwin-Piscator-Haus (EPH) an der Biegenstra\u00dfe ein.\u2026","rel":"","context":"In &quot;Kultur&quot;","img":{"alt_text":"","src":"","width":0,"height":0},"classes":[]},{"id":16740,"url":"http:\/\/marburg.news\/?p=16740","url_meta":{"origin":19374,"position":1},"title":"Gemeinsamkeit Glauben: Kunstausstellung zur Klimakatastrophe in der ESG","date":"25. Oktober 2024","format":false,"excerpt":"Unter dem Motto \"\"Life in Crisis - Solidarity in Art\" (Leben in der Krise - Gemeinschaft in der Kunst) steht eine Kunstausstellung der Gruppe \"greenfaith Deutschland\". Ab Mittwoch (30. Oktober) wird sie in Marburg zu sehen sein. Auch in Marburg ist eine lokale Gruppe von \"greenfaith\" aktiv, in der sich\u2026","rel":"","context":"In &quot;Kultur&quot;","img":{"alt_text":"","src":"","width":0,"height":0},"classes":[]},{"id":10701,"url":"http:\/\/marburg.news\/?p=10701","url_meta":{"origin":19374,"position":2},"title":"Schlosskonzert: Musik barrierefrei mit Geb\u00e4rdensprache","date":"25. September 2022","format":false,"excerpt":"Einen Liederabend f\u00fcr H\u00f6rbeeintr\u00e4chtigte und H\u00f6rende veranstalten die \"Marburger Schlosskonzerte\" am Samstag (1. Oktober). Das barrierefreie Konzert findet im F\u00fcrstensaal des Landgrafenschlosses statt. erstmalig findet in Marburg ein Konzert f\u00fcr Geh\u00f6rlose, H\u00f6rbehinderte und H\u00f6rende statt; dabei werden Kompositionen von Gustav Jenner und von Alexander Friedrich, dem von Geburt an stark\u2026","rel":"","context":"In &quot;Kultur&quot;","img":{"alt_text":"","src":"","width":0,"height":0},"classes":[]},{"id":5377,"url":"http:\/\/marburg.news\/?p=5377","url_meta":{"origin":19374,"position":3},"title":"Nothilfe n\u00f6tig: Fonds unterst\u00fctzte 230 Studierende","date":"8. Juli 2020","format":false,"excerpt":"Der Corona-Nothilfefonds der Philipps-Universit\u00e4t hat bisher 230 Studierende unterst\u00fctzt. Das gab die Uni am Dienstag (7. Juli) bekannt. Seit Anfang Mai haben B\u00fcrgerinnen und B\u00fcrger fast 72.000 Euro gespendet, um Studierenden zu helfen, die durch die Corona-Pandemie in Not geraten sind. Das Geld wurde an 230 Studierende ausgesch\u00fcttet. Im Durchschnitt\u2026","rel":"","context":"In &quot;Bildung&quot;","img":{"alt_text":"","src":"","width":0,"height":0},"classes":[]},{"id":10014,"url":"http:\/\/marburg.news\/?p=10014","url_meta":{"origin":19374,"position":4},"title":"Zweifacher Erfolg: Doppelkonzert von Ferdinand und Severin Marks","date":"28. Juni 2022","format":false,"excerpt":"Zwei Benefizkonzerte hat der Kirchenkreis Marburg angek\u00fcndigt. Zwei jugendliche Br\u00fcder vermitteln dabei musikalische Impressionen aus f\u00fcnf Jahrhunderten. unter dem Motto \"zauberhafte Impressionen\" gestalten die Br\u00fcder Ferdinand und Severin Marks ein Konzert f\u00fcr Gitarre und Violine. Von barocken Kl\u00e4ngen bis hin zu spanischer Gitarrenmusik spannt sich der musikalische Bogen der beiden\u2026","rel":"","context":"In &quot;Kultur&quot;","img":{"alt_text":"","src":"","width":0,"height":0},"classes":[]},{"id":19005,"url":"http:\/\/marburg.news\/?p=19005","url_meta":{"origin":19374,"position":5},"title":"Vor der Karnevalszeit: Auch 2026 wieder ein &#8222;Rosenmontagsunzug&#8220;","date":"11. November 2025","format":false,"excerpt":"Die \"F\u00fcnfte Jahreszeit\" beginnt am 11.11. auch in Marburg. Die Narrenschar bietet auch dortein buntes Karnevalsprogramm. Engagiert, bunt und mit vielen T\u00e4nzen startet Marburg wieder in die \"F\u00fcnfte Jahreszeit\". Der Karneval beginnt am Dienstag (11. November) um 19.11 Uhr im B\u00fcrgerhaus Cappel. Die Marburger Vereine stellen ihr vielf\u00e4ltiges Programm f\u00fcr\u2026","rel":"","context":"In &quot;Kultur&quot;","img":{"alt_text":"","src":"","width":0,"height":0},"classes":[]}],"_links":{"self":[{"href":"http:\/\/marburg.news\/index.php?rest_route=\/wp\/v2\/posts\/19374"}],"collection":[{"href":"http:\/\/marburg.news\/index.php?rest_route=\/wp\/v2\/posts"}],"about":[{"href":"http:\/\/marburg.news\/index.php?rest_route=\/wp\/v2\/types\/post"}],"author":[{"embeddable":true,"href":"http:\/\/marburg.news\/index.php?rest_route=\/wp\/v2\/users\/2"}],"replies":[{"embeddable":true,"href":"http:\/\/marburg.news\/index.php?rest_route=%2Fwp%2Fv2%2Fcomments&post=19374"}],"version-history":[{"count":0,"href":"http:\/\/marburg.news\/index.php?rest_route=\/wp\/v2\/posts\/19374\/revisions"}],"wp:attachment":[{"href":"http:\/\/marburg.news\/index.php?rest_route=%2Fwp%2Fv2%2Fmedia&parent=19374"}],"wp:term":[{"taxonomy":"category","embeddable":true,"href":"http:\/\/marburg.news\/index.php?rest_route=%2Fwp%2Fv2%2Fcategories&post=19374"},{"taxonomy":"post_tag","embeddable":true,"href":"http:\/\/marburg.news\/index.php?rest_route=%2Fwp%2Fv2%2Ftags&post=19374"}],"curies":[{"name":"wp","href":"https:\/\/api.w.org\/{rel}","templated":true}]}}