{"id":19364,"date":"2026-01-19T18:05:24","date_gmt":"2026-01-19T17:05:24","guid":{"rendered":"http:\/\/marburg.news\/?p=19364"},"modified":"2026-01-19T18:05:24","modified_gmt":"2026-01-19T17:05:24","slug":"einbruchsaktionen-bildungsstaette-buero-und-arztpraxis-im-visier","status":"publish","type":"post","link":"http:\/\/marburg.news\/?p=19364","title":{"rendered":"Einbruchsaktionen: Bildungsst\u00e4tte, B\u00fcro und Arztpraxis im Visier"},"content":{"rendered":"<p>Durchein aufgedr\u00fccktes Fenster stiegen Einbrecher in der Zeit von Samstag (17. Januar) nach 18 Uhr bis Sonntag (18. Januar) 11.50 Uhr in das Geb\u00e4ude der Evangelischen Familienbildungsst\u00e4tte am Barf\u00fc\u00dfertor ein. Sie durchsuchten s\u00e4mtliche R\u00e4umlichkeiten nach Wertgegenst\u00e4nden. <!--more--><br \/>\nDie Einbrecher nahmen Handys und Bargeld mit. Der entstandene Sachschaden liegt bei 1.500 Euro.<br \/>\nSachsch\u00e4den von rund 2.000 Euro verursachten Unbekannte am Wochenende bei einem Einbruch in ein B\u00fcrogeb\u00e4ude an der Rudolf-Breitscheid-Stra\u00dfe. Sien verschafften sich zwischen Freitag (16. Januar) nach 18.30 Uhr und Sonntag (18. Januar) vor 14.45 Uhr Zutritt zum Treppenhaus und hebelten im dritten und vierten Obergeschoss die Eingangst\u00fcren von B\u00fcror\u00e4umen einer Firma f\u00fcr Messtechnik und Optiktechnologie auf. Auf der Suche nach Wertsachen durchw\u00fchlten sie Schr\u00e4nke und Schreibtische. Eine Liste der erbeuteten Gegenst\u00e4nde liegt der Polizei noch nicht vor.<br \/>\nBargeld, einen Schl\u00fcsselbund und Briefmarken nahmen Unbekannte in der Zeit von Samstag (17. Januar) nach 19.30 Uhr bis Samstag (18. Januar) vor 12 Uhr aus einer Arztpraxis an der Universit\u00e4tsstra\u00dfe mit. Nach aktuellem Ermittlungstand waren die T\u00e4ter auf ein am Geb\u00e4ude aufgestelltes Bauger\u00fcst geklettert und dan durch ein Fenster eingedrungen. Die T\u00e4ter durchw\u00fchlten die Praxisr\u00e4ume und hinterlie\u00dfen einen Sachschaden von sch\u00e4tzungsweise 400 Euro. Personen, die verd\u00e4chtige Beobachtungen gemacht haben, werden gebeten die Polizeistation Marburg unter der Telefonnummer 06421\/406-0 zu kontaktieren.<\/p>\n<p>* pm: Polizei Marburg<\/p>\n","protected":false},"excerpt":{"rendered":"<p>Durchein aufgedr\u00fccktes Fenster stiegen Einbrecher in der Zeit von Samstag (17. Januar) nach 18 Uhr bis Sonntag (18. Januar) 11.50 Uhr in das Geb\u00e4ude der Evangelischen Familienbildungsst\u00e4tte am Barf\u00fc\u00dfertor ein. Sie durchsuchten s\u00e4mtliche R\u00e4umlichkeiten nach Wertgegenst\u00e4nden.<\/p>\n","protected":false},"author":2,"featured_media":0,"comment_status":"closed","ping_status":"open","sticky":false,"template":"","format":"standard","meta":{"advanced_seo_description":"","spay_email":"","jetpack_publicize_message":"","jetpack_is_tweetstorm":false,"jetpack_publicize_feature_enabled":true},"categories":[6],"tags":[5686,39,16],"jetpack_featured_media_url":"","jetpack_publicize_connections":[],"jetpack_sharing_enabled":true,"jetpack_shortlink":"https:\/\/wp.me\/p8mhvd-52k","jetpack-related-posts":[{"id":19446,"url":"http:\/\/marburg.news\/?p=19446","url_meta":{"origin":19364,"position":0},"title":"Auf Geb\u00e4ude spitzend: Mehrere Einbr\u00fcche in Marburger B\u00fcror\u00e4ume","date":"3. Februar 2026","format":false,"excerpt":"Eine Serie von Einbr\u00fcchen hat die Polizei am Dienstag (3. Februar) gemeldet. B\u00fcrogeb\u00e4ude waren dabei besonders betroffen. Am Wochenende kam es in Marburg zu mehreren Einbr\u00fcchen. In diesem Zusammenhang gerieten zwei B\u00fcrogeb\u00e4ude an der Stra\u00dfe \"Software-Center\" in den Fokus von Einbrechern. In der Zeit zwischen Freitag (30. Januar) nach 16\u2026","rel":"","context":"In &quot;Sonstiges&quot;","img":{"alt_text":"","src":"","width":0,"height":0},"classes":[]},{"id":11740,"url":"http:\/\/marburg.news\/?p=11740","url_meta":{"origin":19364,"position":1},"title":"Sch\u00e4den in Marbach: Einbruch in Schule und Kita","date":"24. Januar 2023","format":false,"excerpt":"Ziel von Einbrechern waren am Wochenende die Grundschule \"In der Haselhecke\" und der Kindergarten an der Emil-von-Behring-Stra\u00dfe. Ein Zusammenhang der Taten ist wahrscheinlich aber nicht zwingend. Im Kindergarten blieb es bei einem Einbruchsversuch. Die T\u00e4ter versuchten es den Spuren nach an mehreren T\u00fcren und letztlich auch noch an einem Fenster.\u2026","rel":"","context":"In &quot;Sonstiges&quot;","img":{"alt_text":"","src":"","width":0,"height":0},"classes":[]},{"id":109,"url":"http:\/\/marburg.news\/?p=109","url_meta":{"origin":19364,"position":2},"title":"Ausnehmbare Ausstattung: Einbrecher in Gastst\u00e4tte, Wohnh\u00e4usern und Bank","date":"30. Januar 2017","format":false,"excerpt":"Zu einem Einbruch in eine Gastst\u00e4tte an der Gisselberger Stra\u00dfe kam es in der Nacht zum Sonntag (29. Januar). Vermutlich zwei T\u00e4ter brachen zwischen 3.20 und 4 Uhr einen Tresor auf und stahlen Bargeld. Derzeit steht nicht sicher fest, wie die T\u00e4ter eindrangen. Verlassen haben sie den Tatort offenbar durch\u2026","rel":"","context":"In &quot;Sonstiges&quot;","img":{"alt_text":"","src":"","width":0,"height":0},"classes":[]},{"id":1605,"url":"http:\/\/marburg.news\/?p=1605","url_meta":{"origin":19364,"position":3},"title":"Sechs Einbr\u00fcche: Feuer gelegt, gescheitert und Gegenst\u00e4nde gestohlen","date":"29. Januar 2018","format":false,"excerpt":"Nach dem Feuer in einer Gartenh\u00fctte auf dem Gel\u00e4nde der Vitos-Klinik ermittelt die Polizei wegen Brandstiftung. Aufgrund der gesicherten Spuren steht die vors\u00e4tzliche Brandverursachung fest. Die T\u00e4ter hatten an zwei H\u00fctten jeweils die Fenster eingeschlagen und dann in einer das Feuer gelegt. Der Schaden bel\u00e4uft sich auf mindestens 5.000 Euro.\u2026","rel":"","context":"In &quot;Sonstiges&quot;","img":{"alt_text":"","src":"","width":0,"height":0},"classes":[]},{"id":4620,"url":"http:\/\/marburg.news\/?p=4620","url_meta":{"origin":19364,"position":4},"title":"5.500 Euro: Einbr\u00fcche im Nordviertel und Michelbach","date":"15. Januar 2020","format":false,"excerpt":"Einbrecher hatten es in einer Firma am G\u00f6rzh\u00e4user Weg auf Kupferkabel abgesehen. Sie stahlen in der Nacht zum Montag, 13 Januar Kabel im Gesamtwert von mindestens 500 Euro aus einer Halle und von einem auf dem Gel\u00e4nde abgestellten Lastwagen. Bei einem Einbruch in einen Getr\u00e4nkemarkt an der Neuen Kasseler Stra\u00dfe\u2026","rel":"","context":"In &quot;Sonstiges&quot;","img":{"alt_text":"","src":"","width":0,"height":0},"classes":[]},{"id":14765,"url":"http:\/\/marburg.news\/?p=14765","url_meta":{"origin":19364,"position":5},"title":"Nicht der Eingang: Einbruch in B\u00fcrogeb\u00e4ude am Krummbogen","date":"16. Januar 2024","format":false,"excerpt":"In ein B\u00fcrogeb\u00e4ude \"Im Grund\" brachen Unbekannte am Wochenende ein. Sie gelangten auf das Grundst\u00fcck und machten sich zun\u00e4chst an einem Fenster zu schaffen. Zwischen Freitag (12. Januar) nach 19 Uhr und Montag (15. Januar) vor 7 Uhr lie\u00dfen sie die Glasscheibe zerbersten. Dann griffen sie durch die zerbrochene Scheibe,\u2026","rel":"","context":"In &quot;Sonstiges&quot;","img":{"alt_text":"","src":"","width":0,"height":0},"classes":[]}],"_links":{"self":[{"href":"http:\/\/marburg.news\/index.php?rest_route=\/wp\/v2\/posts\/19364"}],"collection":[{"href":"http:\/\/marburg.news\/index.php?rest_route=\/wp\/v2\/posts"}],"about":[{"href":"http:\/\/marburg.news\/index.php?rest_route=\/wp\/v2\/types\/post"}],"author":[{"embeddable":true,"href":"http:\/\/marburg.news\/index.php?rest_route=\/wp\/v2\/users\/2"}],"replies":[{"embeddable":true,"href":"http:\/\/marburg.news\/index.php?rest_route=%2Fwp%2Fv2%2Fcomments&post=19364"}],"version-history":[{"count":0,"href":"http:\/\/marburg.news\/index.php?rest_route=\/wp\/v2\/posts\/19364\/revisions"}],"wp:attachment":[{"href":"http:\/\/marburg.news\/index.php?rest_route=%2Fwp%2Fv2%2Fmedia&parent=19364"}],"wp:term":[{"taxonomy":"category","embeddable":true,"href":"http:\/\/marburg.news\/index.php?rest_route=%2Fwp%2Fv2%2Fcategories&post=19364"},{"taxonomy":"post_tag","embeddable":true,"href":"http:\/\/marburg.news\/index.php?rest_route=%2Fwp%2Fv2%2Ftags&post=19364"}],"curies":[{"name":"wp","href":"https:\/\/api.w.org\/{rel}","templated":true}]}}