{"id":19362,"date":"2026-01-19T14:49:30","date_gmt":"2026-01-19T13:49:30","guid":{"rendered":"http:\/\/marburg.news\/?p=19362"},"modified":"2026-01-19T14:49:30","modified_gmt":"2026-01-19T13:49:30","slug":"aufklaerungsaktion-rp-weist-auf-anmeldepflicht-fuer-strahlende-geraete-hin","status":"publish","type":"post","link":"http:\/\/marburg.news\/?p=19362","title":{"rendered":"Aufkl\u00e4rungsaktion: RP weist auf Anmeldepflicht f\u00fcr strahlende Ger\u00e4te hin"},"content":{"rendered":"<p>Das Regierungspr\u00e4sidium Gie\u00dfen weist auf die Anzeigepflicht f\u00fcr NiSV-Ger\u00e4te hin. Das sind Ger\u00e4te in Kosmetikstudios, \u00e4sthetischen Praxen oder Beauty-Salons. <!--more--><br \/>\nLifestyle und attraktives Aussehen spielen eine immer gr\u00f6\u00dfere Rolle in der Gesellschaft. Damit verbunden ist unweigerlich die apparative Kosmetik. Das sind Ger\u00e4te und Anlagen, die vor allem in Kosmetikstudios, \u00e4sthetischen Praxen, Beauty-Salons, von Heilpraktikerinnen und Heilpraktikern sowie in Therapien eingesetzt werden.<br \/>\nDamit der Einsatz keine negativen Auswirkungen f\u00fcr die Haut hat, gibt es die sogenannte &#8222;Verordnung zum Schutz vor sch\u00e4dlichen Wirkungen nichtionisierender Strahlung bei der Anwendung am Menschen&#8220; (NiSV). Das Regierungspr\u00e4sidium (RP) Gie\u00dfen weist darauf hin, dass Betreiberinnen und Betreiber von Ger\u00e4ten und Anlagen, die unter diese Verordnung fallen, dazu verpflichtet sind, diese Ger\u00e4te bei der Mittelbeh\u00f6rde anzuzeigen. Dabei ist egal, ob es um Haut, K\u00f6rperbehaarung oder Muskeln geht: Ein NiSV-Ger\u00e4t nutzt nichtionisierende Strahlung wie zum Beispiel Laser, intensive Lichtquellen, Ultraschall, Radiofrequenz oder elektromagnetische Felder (EMF). Kurz gesagt sind das also alle Ger\u00e4te, die zum Beispiel Licht, W\u00e4rme, Schall oder EMF ins Gewebe abgeben, um kosmetisch oder zu sonstigen nicht medizinischen Zwecken zu behandeln.<br \/>\nDie Anzeige der Ger\u00e4te ist kostenpflichtig und notwendig, bevor die Ger\u00e4te am Menschen eingesetzt werden. F\u00fcr die Anzeige steht ein Online-Formular auf der Homepage des Regierungspr\u00e4sidiums Gie\u00dfen zur Verf\u00fcgung. Dort k\u00f6nnen Betreiberinnen und Betreiber au\u00dferdem weitere Informationen zu den NiSV-Regelungen erhalten. Diese Informationen sind zu finden unter <a href=\"https:\/\/rp-giessen.hessen.de\/arbeits-und-verbraucherschutz\/technischer-verbraucherschutz\/nichtionisierende-strahlung\">rp-giessen.hessen.de\/arbeits-und-verbraucherschutz\/technischer-verbraucherschutz\/nichtionisierende-strahlung<\/a>.<\/p>\n<p>* pm: Regierungspr\u00e4sidium Gie\u00dfen<\/p>\n","protected":false},"excerpt":{"rendered":"<p>Das Regierungspr\u00e4sidium Gie\u00dfen weist auf die Anzeigepflicht f\u00fcr NiSV-Ger\u00e4te hin. Das sind Ger\u00e4te in Kosmetikstudios, \u00e4sthetischen Praxen oder Beauty-Salons.<\/p>\n","protected":false},"author":2,"featured_media":0,"comment_status":"closed","ping_status":"open","sticky":false,"template":"","format":"standard","meta":{"advanced_seo_description":"","spay_email":"","jetpack_publicize_message":"","jetpack_is_tweetstorm":false,"jetpack_publicize_feature_enabled":true},"categories":[4],"tags":[7299,7300,710],"jetpack_featured_media_url":"","jetpack_publicize_connections":[],"jetpack_sharing_enabled":true,"jetpack_shortlink":"https:\/\/wp.me\/p8mhvd-52i","jetpack-related-posts":[{"id":17961,"url":"http:\/\/marburg.news\/?p=17961","url_meta":{"origin":19362,"position":0},"title":"Gartengefahren: RP gibt Tipps zu elektrischen Ger\u00e4ten","date":"7. Mai 2025","format":false,"excerpt":"Strom, Spannung und Wasser sind ein gef\u00e4hrlicher Mix. Experten vom Technischen Verbraucherschutz beim RP Gie\u00dfen geben deshalb Tipps zur sicheren Verwendung elektrischer Ger\u00e4te im Freien. Elektrische Grills, Lampions und Lichterketten, Teichpumpen, Rasenm\u00e4her, Kabeltrommeln oder Steckdosenleisten - diese und viele weitere Produkte kommen in den G\u00e4rten zum Einsatz. Dabei ist besondere\u2026","rel":"","context":"In &quot;Soziales&quot;","img":{"alt_text":"","src":"","width":0,"height":0},"classes":[]},{"id":19888,"url":"http:\/\/marburg.news\/?p=19888","url_meta":{"origin":19362,"position":1},"title":"F\u00fcr Betriebssicherheit: Je h\u00f6her die ziffer, umso h\u00f6her der schutz","date":"16. April 2026","format":false,"excerpt":"Ein Mitarbeiter des Regierungspr\u00e4sidiums Gie\u00dfen gibt Tipps zur sicheren Verwendung elektrischer Ger\u00e4te. Der \"IP\"-Code zeigt, welche Produkte f\u00fcr den Einsatz im Freien geeignet sind. Elektrische Grills, Lampions und Lichterketten, Teichpumpen, Rasenm\u00e4her, Kabeltrommeln oder Steckdosenleisten - diese und viele weitere Produkte kommen in den G\u00e4rten zum Einsatz. Dabei ist besondere Vorsicht\u2026","rel":"","context":"In &quot;Soziales&quot;","img":{"alt_text":"","src":"","width":0,"height":0},"classes":[]},{"id":14677,"url":"http:\/\/marburg.news\/?p=14677","url_meta":{"origin":19362,"position":2},"title":"W\u00e4rmende Winterger\u00e4te: RP warnt vor Terrassenheizstrahlern","date":"29. Dezember 2023","format":false,"excerpt":"Aus wohliger W\u00e4rme kann schnell ein hochentz\u00fcndliches Gasgemisch werden. Das Regierungspr\u00e4sidium Gie\u00dfen gibt Tipps zum richtigen Umgang mit Terrassenheizstrahlern. Der Winter ist da; und mit den sinkenden Temperaturen steigt die Zahl der gasbetriebenen Heizstrahler in den Au\u00dfenbereichen von Restaurants und Imbissen, auf M\u00e4rkten und im Privaten. Aus kalten Terrassen werden\u2026","rel":"","context":"In &quot;Soziales&quot;","img":{"alt_text":"","src":"","width":0,"height":0},"classes":[]},{"id":4885,"url":"http:\/\/marburg.news\/?p=4885","url_meta":{"origin":19362,"position":3},"title":"Schnelles Handeln: Uni Marburg entwickelte einfaches Beatmungsger\u00e4t","date":"25. M\u00e4rz 2020","format":false,"excerpt":"Marburger Forschende haben ein einfaches Beatmungsger\u00e4t entwickelt. Solche Ger\u00e4te k\u00f6nnen zur Kompensation fehlender Beatmungspl\u00e4tze in der Corona-Pandemie eingesetzt werden. Weltweit gibt es zu wenig hochleistungsf\u00e4hige Beatmungsger\u00e4te, um gleichzeitig viele schwere COVID-19-F\u00e4lle zu versorgen. Auch wenn die Kliniken in Deutschland gut vorbereitet sind, k\u00f6nnte sich ein Engpass ergeben, wenn die jetzt\u2026","rel":"","context":"In &quot;Bildung&quot;","img":{"alt_text":"","src":"","width":0,"height":0},"classes":[]},{"id":16033,"url":"http:\/\/marburg.news\/?p=16033","url_meta":{"origin":19362,"position":4},"title":"Tiefgr\u00fcndig: RP warnt vor Baden in nicht \u00fcberwachten Gew\u00e4ssern","date":"24. Juli 2024","format":false,"excerpt":"Passend zum \"Welttag gegen das Ertrinken\" am Donnerstag (25. Juli) weist das Regierungspr\u00e4sidium Gie\u00dfen auf die Gefahren beim Baden in Seen und flie\u00dfenden Gew\u00e4ssern hin. Sie sind gef\u00e4hrliche Orte zum Baden. Es ist schw\u00fcl; und Abk\u00fchlung tut gut. Sie wird nicht nur unter der kalten Dusche oder in Freib\u00e4dern gesucht.\u2026","rel":"","context":"In &quot;Soziales&quot;","img":{"alt_text":"","src":"","width":0,"height":0},"classes":[]},{"id":12284,"url":"http:\/\/marburg.news\/?p=12284","url_meta":{"origin":19362,"position":5},"title":"Arbeitsschutz keine Ausnahme: Vorsicht bei Montage von Solaranlagen","date":"3. April 2023","format":false,"excerpt":"Leichtsinn bei der Montage von Photovoltaikanlagen beklagt das Regierungspr\u00e4sidium Gie\u00dfen. Seine Arbeitssch\u00fctzer registrieren verst\u00e4rkt Unf\u00e4lle. Die Energiewende wird sichtbarer: Immer mehr H\u00e4user werden mit Photovoltaikanlagen best\u00fcckt. Bei der Montage auf D\u00e4chern m\u00fcssen jedoch dieselben Arbeitsschutzvorschriften eingehalten werden wie bei der Neueindeckung eines Dachs. Darauf hat das Regierungspr\u00e4sidium Gie\u00dfen am Montag\u2026","rel":"","context":"In &quot;Soziales&quot;","img":{"alt_text":"","src":"","width":0,"height":0},"classes":[]}],"_links":{"self":[{"href":"http:\/\/marburg.news\/index.php?rest_route=\/wp\/v2\/posts\/19362"}],"collection":[{"href":"http:\/\/marburg.news\/index.php?rest_route=\/wp\/v2\/posts"}],"about":[{"href":"http:\/\/marburg.news\/index.php?rest_route=\/wp\/v2\/types\/post"}],"author":[{"embeddable":true,"href":"http:\/\/marburg.news\/index.php?rest_route=\/wp\/v2\/users\/2"}],"replies":[{"embeddable":true,"href":"http:\/\/marburg.news\/index.php?rest_route=%2Fwp%2Fv2%2Fcomments&post=19362"}],"version-history":[{"count":0,"href":"http:\/\/marburg.news\/index.php?rest_route=\/wp\/v2\/posts\/19362\/revisions"}],"wp:attachment":[{"href":"http:\/\/marburg.news\/index.php?rest_route=%2Fwp%2Fv2%2Fmedia&parent=19362"}],"wp:term":[{"taxonomy":"category","embeddable":true,"href":"http:\/\/marburg.news\/index.php?rest_route=%2Fwp%2Fv2%2Fcategories&post=19362"},{"taxonomy":"post_tag","embeddable":true,"href":"http:\/\/marburg.news\/index.php?rest_route=%2Fwp%2Fv2%2Ftags&post=19362"}],"curies":[{"name":"wp","href":"https:\/\/api.w.org\/{rel}","templated":true}]}}