{"id":19361,"date":"2026-01-19T13:37:22","date_gmt":"2026-01-19T12:37:22","guid":{"rendered":"http:\/\/marburg.news\/?p=19361"},"modified":"2026-01-20T12:25:43","modified_gmt":"2026-01-20T11:25:43","slug":"jubilaeumsaktion-sportverein-erhaelt-willi-weitzel-weg","status":"publish","type":"post","link":"http:\/\/marburg.news\/?p=19361","title":{"rendered":"Jubil\u00e4umsaktion: Sportverein erh\u00e4lt Willi-Weitzel-Weg"},"content":{"rendered":"<p>Sein 60-j\u00e4hriges Bestehen feiert der Sportverein Bauerbach 1965mit dem neuen &#8222;Willi-Weitzel-Weg&#8220;. Er verbindet das Vereinsgel\u00e4nde mit der Bauerbacher Stra\u00dfe. <!--more--><br \/>\nauf Anregung des Sportvereins Bauerbach 1965 (SV Bauerbach) hat die Stadtverordnetenversammlung der Universit\u00e4tsstadt Marburg im September 2025 den &#8211; bisher unbenannten &#8211; Verbindungsweg zwischen der Bauerbacher Stra\u00dfe und dem Sportgel\u00e4nde des SV Bauerbach nach Gr\u00fcndungsmitglied Willi Weitzel benannt. Zur feierlichen Enth\u00fcllung des Stra\u00dfenschilds des zuk\u00fcnftigen &#8222;Willi-Weitzel-Wegs&#8220; laden Oberb\u00fcrgermeister Dr. Thomas Spies und Stadtverordnetenvorsteherin Dr. Elke Neuwohner f\u00fcr Samstag (24. Januar) um 15 Uhr zum Verbindungsweg zwischen der Bauerbacher Stra\u00dfe und dem Sportgel\u00e4nde des SV Bauerbach ein.<br \/>\nWeitzel hat sich \u00fcber viele Jahrzehnte ehrenamtlich f\u00fcr Bauerbach engagiert. Unter anderem hat er das als Gemeindevertreter und Ortsvorsteher sowie in weiteren Vereinen getan. F\u00fcr sein Engagement erhielt er zahlreiche Ehrungen.<\/p>\n<p>* pm: Stadt Marburg<\/p>\n","protected":false},"excerpt":{"rendered":"<p>Sein 60-j\u00e4hriges Bestehen feiert der Sportverein Bauerbach 1965mit dem neuen &#8222;Willi-Weitzel-Weg&#8220;. Er verbindet das Vereinsgel\u00e4nde mit der Bauerbacher Stra\u00dfe.<\/p>\n","protected":false},"author":2,"featured_media":0,"comment_status":"closed","ping_status":"open","sticky":false,"template":"","format":"standard","meta":{"advanced_seo_description":"","spay_email":"","jetpack_publicize_message":"","jetpack_is_tweetstorm":false,"jetpack_publicize_feature_enabled":true},"categories":[2,4,7],"tags":[1422,7298,4023],"jetpack_featured_media_url":"","jetpack_publicize_connections":[],"jetpack_sharing_enabled":true,"jetpack_shortlink":"https:\/\/wp.me\/p8mhvd-52h","jetpack-related-posts":[{"id":19413,"url":"http:\/\/marburg.news\/?p=19413","url_meta":{"origin":19361,"position":0},"title":"Ort f\u00fcr Sport: Willi-Weitzel-Weg in Bauerbach","date":"29. Januar 2026","format":false,"excerpt":"In Bauerbach gibt es jetzt einen \"Willi-Weitzel-Weg\". Der Weg zum Sportgel\u00e4nde wurde nach dem \"Vater des Sportvereins\" benannt. Bislang hatte der Verbindungsweg zwischen der Bauerbacher Stra\u00dfe und dem Sportgel\u00e4nde des \"Sportvereins Bauerbach e.V. 1965\" noch keine Bezeichnung. Nun aber hat er einen Namen erhalten: Er hei\u00dft nun \"Willi-Weitzel-Weg\". \"Eine Stra\u00dfenbenennung\u2026","rel":"","context":"In &quot;Politik&quot;","img":{"alt_text":"","src":"","width":0,"height":0},"classes":[]},{"id":9505,"url":"http:\/\/marburg.news\/?p=9505","url_meta":{"origin":19361,"position":1},"title":"Im Botanischen Garten: Willi Weitzel unterst\u00fctzt Spendenaktion","date":"14. Mai 2022","format":false,"excerpt":"\u201eSolche Orte sind unbezahlbar\u201c, sagte Willi Weitzel \u00fcber den Botanischen Garten. Am Samstag (14. Mai) stattete er ihm einen Besuch ab, um die Aktion \"Ich bl\u00fch f\u00fcr dich. Spende f\u00fcr mich\" zu unterst\u00fctzen. Der Fernsehreporter bringt an diesem Wochenende au\u00dferdem seinen neuen Film in die deutschen Kinos. Da \"Willi und\u2026","rel":"","context":"In &quot;Bildung&quot;","img":{"alt_text":"Willi Weitzel","src":"https:\/\/i0.wp.com\/marburg.news\/wp-content\/uploads\/2022\/05\/IMG_5449.jpg?fit=1200%2C900&resize=350%2C200","width":350,"height":200},"classes":[]},{"id":18022,"url":"http:\/\/marburg.news\/?p=18022","url_meta":{"origin":19361,"position":2},"title":"Auf den Lahnbergen: Verbindungsweg nach Bauerbach gesperrt","date":"20. Mai 2025","format":false,"excerpt":"Der Verbindungsweg zwischen Bauerbach und \"Auf den Lahnbergen\"ist bis Juni gesperrt. Das hat die Stadt am Dienstag (20. Mai) mitgeteilt. Voraussichtlich bis Freitag (6. Juni) ist der Verbindungsweg zwischen Bauerbach und der Stra\u00dfe \"Auf den Lahnbergen\" (L3092) vollgesperrt. Grund ist eine Fahrbahnsanierung. Die Umleitung erfolgt \u00fcber die Stra\u00dfe \"Auf den\u2026","rel":"","context":"In &quot;Soziales&quot;","img":{"alt_text":"","src":"","width":0,"height":0},"classes":[]},{"id":6822,"url":"http:\/\/marburg.news\/?p=6822","url_meta":{"origin":19361,"position":3},"title":"Bis Ende 2029: Hinter den Bergen liegt Bauerbach","date":"5. April 2021","format":false,"excerpt":"Bauerbach soll ein neues B\u00fcrgerhaus erhalten. Der Stadtteil liegt nord\u00f6stlich des Stadtkerns hinter den Lahnbergen. Hinter den Bergen - inmitten gr\u00fcner Natur - liegt Bauerbach. Dieser Stadtteil ist ein Ort mit vielf\u00e4ltigen Vereinsstrukturen, einer alten Wehrkirche und einem B\u00fcrgerhaus im Wandlungsprozess. Die Reihe \"Mein Dorf in Marburg\" er\u00f6ffnet Einblicke in\u2026","rel":"","context":"In &quot;Kultur&quot;","img":{"alt_text":"","src":"","width":0,"height":0},"classes":[]},{"id":16946,"url":"http:\/\/marburg.news\/?p=16946","url_meta":{"origin":19361,"position":4},"title":"Ohne Durchkommen: Verbindungsweg zwischen Bauerbach und B\u00fcrgeln gesperrt","date":"22. November 2024","format":false,"excerpt":"Gesperrt ist der Verbindungsweg zwischen Bauerbach und der Landstra\u00dfe L3092 am Freitag (29. November). Das hat der Kreis am Freitag (22. November) angek\u00fcndigt. Der Verbindungsweg zwischen Bauerbach und der Landstra\u00dfe (L) 3092 ist am Freitag (29. November) von 8 bis 15 Uhr in beide Richtungen voll gesperrt. Grund daf\u00fcr ist\u2026","rel":"","context":"In &quot;Soziales&quot;","img":{"alt_text":"","src":"","width":0,"height":0},"classes":[]},{"id":5106,"url":"http:\/\/marburg.news\/?p=5106","url_meta":{"origin":19361,"position":5},"title":"Unfall oder Vandalismus: Parkender Passat in Bauerbach besch\u00e4digt","date":"14. Mai 2020","format":false,"excerpt":"Auf nicht feststehende Weise entstand an einem grauen VW Passat zwischen Samstag (9. Mai) nach 16 Uhr und Sonntag (10. Mai) vor 12 Uhr ein Schaden vermutlich von mindestens 1.000 Euro. Der Wagen parkte vor dem Anwesen Bauerbacher Stra\u00dfe 39. * pm: Polizei Marburg","rel":"","context":"In &quot;Sonstiges&quot;","img":{"alt_text":"","src":"","width":0,"height":0},"classes":[]}],"_links":{"self":[{"href":"http:\/\/marburg.news\/index.php?rest_route=\/wp\/v2\/posts\/19361"}],"collection":[{"href":"http:\/\/marburg.news\/index.php?rest_route=\/wp\/v2\/posts"}],"about":[{"href":"http:\/\/marburg.news\/index.php?rest_route=\/wp\/v2\/types\/post"}],"author":[{"embeddable":true,"href":"http:\/\/marburg.news\/index.php?rest_route=\/wp\/v2\/users\/2"}],"replies":[{"embeddable":true,"href":"http:\/\/marburg.news\/index.php?rest_route=%2Fwp%2Fv2%2Fcomments&post=19361"}],"version-history":[{"count":2,"href":"http:\/\/marburg.news\/index.php?rest_route=\/wp\/v2\/posts\/19361\/revisions"}],"predecessor-version":[{"id":19367,"href":"http:\/\/marburg.news\/index.php?rest_route=\/wp\/v2\/posts\/19361\/revisions\/19367"}],"wp:attachment":[{"href":"http:\/\/marburg.news\/index.php?rest_route=%2Fwp%2Fv2%2Fmedia&parent=19361"}],"wp:term":[{"taxonomy":"category","embeddable":true,"href":"http:\/\/marburg.news\/index.php?rest_route=%2Fwp%2Fv2%2Fcategories&post=19361"},{"taxonomy":"post_tag","embeddable":true,"href":"http:\/\/marburg.news\/index.php?rest_route=%2Fwp%2Fv2%2Ftags&post=19361"}],"curies":[{"name":"wp","href":"https:\/\/api.w.org\/{rel}","templated":true}]}}