{"id":19360,"date":"2026-01-19T12:01:37","date_gmt":"2026-01-19T11:01:37","guid":{"rendered":"http:\/\/marburg.news\/?p=19360"},"modified":"2026-01-20T12:27:14","modified_gmt":"2026-01-20T11:27:14","slug":"kunstaktion-jana-trommer-sitzt-erneut-im-pilgrimstein","status":"publish","type":"post","link":"http:\/\/marburg.news\/?p=19360","title":{"rendered":"Kunstaktion: Jana Trommer sitzt erneut im Pilgrimstein"},"content":{"rendered":"<p>Auch ihre n\u00e4chste &#8222;Kunstaktion&#8220; f\u00fcr Klimaschutz m\u00f6chte Jana Trommer wieder im Pilgrimstein durchf\u00fchren. Das hat sie am Montag (19. Januar) angek\u00fcndigt. <!--more--><br \/>\n&#8222;Am Freitag (23. Januar) von 16.30 bis 16.45 Uhr werde ich in Marburg am Pilgrimstein &#8211; Fu\u00dfg\u00e4nger\u00fcbergang an der Einhornapotheke &#8211; eine Kunstaktion durchf\u00fchren, mit der ich die St\u00f6rungen durch die Klimakrise symbolisiere, auf die Gefahren durch fehlenden Klimaschutz hinweise und zugleich von meiner Regie\u00adrung fordere, ernsthafte Schutzma\u00dfnahmen durch Klimaschutz zu ergreifen&#8220;, schrieb die Marburger Psychologin Jana Trommer in einem fast wortgleichen Ank\u00fcndigungstext wie zu ihren <a href=\"http:\/\/marburg.news\/?p=19322\">bisherigen Aktionen<\/a>. &#8222;Ich werde dann die Stra\u00dfe \u00fcber eine gr\u00fcne Fu\u00dfg\u00e4ngerampel betreten und die Fahrbahn nicht wieder verlassen.&#8220; Vor 16.45 Uhr wolle sie nicht freiwillig aufstehen und gehen.<br \/>\nWenn sie davor von der Stra\u00dfe getragen oder gezogen werde, wolle sie versuchen, dorthin zur\u00fcckzukehren. &#8222;Ich werde mich in jedem Moment strikt gewaltfrei verhalten, verbal und nonverbal&#8220;, betonte Trommer. F\u00fcr Notf\u00e4lle und Rettungseins\u00e4tze werde sie jederzeit Platz machen.<br \/>\n&#8222;Wenn der Staat meinen Protest bestraft statt Menschen vor der Klimakrise zu sch\u00fctzen, sind Straf- oder Bu\u00df\u00adgeld\u00adverfahren Teil meines Protests&#8220;, erkl\u00e4rte Trommer. Von der Bundesregierung forderte sie, z\u00fcgig Ma\u00dfnahmen f\u00fcr sozial gerechten Klimaschutz einzuleiten. An die wartenden Autofahrer*innen appelliert sie, die Wartezeit zu nutzen, um sich ebenfalls an die Bundesregierung zu wenden.<\/p>\n<p>* pm: Jana Trommer, Marburg<\/p>\n","protected":false},"excerpt":{"rendered":"<p>Auch ihre n\u00e4chste &#8222;Kunstaktion&#8220; f\u00fcr Klimaschutz m\u00f6chte Jana Trommer wieder im Pilgrimstein durchf\u00fchren. Das hat sie am Montag (19. Januar) angek\u00fcndigt.<\/p>\n","protected":false},"author":2,"featured_media":0,"comment_status":"closed","ping_status":"open","sticky":false,"template":"","format":"standard","meta":{"advanced_seo_description":"","spay_email":"","jetpack_publicize_message":"","jetpack_is_tweetstorm":false,"jetpack_publicize_feature_enabled":true},"categories":[3,2,4],"tags":[5169,506,4454],"jetpack_featured_media_url":"","jetpack_publicize_connections":[],"jetpack_sharing_enabled":true,"jetpack_shortlink":"https:\/\/wp.me\/p8mhvd-52g","jetpack-related-posts":[{"id":19322,"url":"http:\/\/marburg.news\/?p=19322","url_meta":{"origin":19360,"position":0},"title":"Klimakunst: Jana Trommer bleibt im Pilgrimstein","date":"11. Januar 2026","format":false,"excerpt":"Jana Trommer macht auch 2026 weiter mit ihren \"Kunstaktionen\" f\u00fcr Klimaschutz. Die n\u00e4chste Aktion hat die Marburgerin f\u00fcr Freitag (16. Januar) angek\u00fcndigt. Am Freitag (16. Januar) von 16.30 bis 16.45 Uhr will Jana Trommer am Pilgrimstein beim Fu\u00dfg\u00e4nger\u00fcbergang an der Einhornapotheke ihre n\u00e4chste Kunstaktion durchf\u00fchren. Damit m\u00f6chte die Psychologin die\u2026","rel":"","context":"In &quot;Kultur&quot;","img":{"alt_text":"","src":"","width":0,"height":0},"classes":[]},{"id":19294,"url":"http:\/\/marburg.news\/?p=19294","url_meta":{"origin":19360,"position":1},"title":"Weitere Kunstaktionen: Jana Trommer setzt sich auf den Pilgrimstein","date":"5. Januar 2026","format":false,"excerpt":"Ihre \"kunstaktionen f\u00fcr Klimaschutz\" will Jana Trommer auch im Neuen Jahr fortsetzen. Das bekundete die Kinderpsychologin am Montag (5. Januar) mit einer \u00f6ffentlichen Aktions-Ank\u00fcndigung. Die n\u00e4chste \"Kunstaktion\" will Jana Trommer demnach am Freitag (9. Januar) von 16.30 bis 16.45 Uhr am Pilgrimstein beim Fu\u00dfg\u00e4nger\u00fcbergang vor dem Oberstadtaufzug durchf\u00fchren. Damit m\u00f6chte\u2026","rel":"","context":"In &quot;Kultur&quot;","img":{"alt_text":"","src":"","width":0,"height":0},"classes":[]},{"id":19860,"url":"http:\/\/marburg.news\/?p=19860","url_meta":{"origin":19360,"position":2},"title":"Sprechende Beharrlichkeit: Jna Trommer sitzt wieder an der Apotheke","date":"13. April 2026","format":false,"excerpt":"Ihre n\u00e4chste \"Kunstaktion\" f\u00fcr Klimaschutz will Jana Trommer am Freitag (17. April) durchf\u00fchren. Von 16.45 bis 17 Uhr will sie im Pilgrimstein sitzen. Ihre \"Kunstaktion\" soll am Fu\u00dfg\u00e4nger\u00fcbergang an der Einhornapotheke stattfinden. \"Damit symbolisiere ich die St\u00f6rungen durch die Klimakrise und weise auf die Gefahren durch fehlenden Klimaschutz hin\", erkl\u00e4rte\u2026","rel":"","context":"In &quot;Kultur&quot;","img":{"alt_text":"","src":"","width":0,"height":0},"classes":[]},{"id":19677,"url":"http:\/\/marburg.news\/?p=19677","url_meta":{"origin":19360,"position":3},"title":"Gegen Gleichg\u00fcltigkeit: Jana Trommer sitzt diemsal im S\u00fcdviertel","date":"9. M\u00e4rz 2026","format":false,"excerpt":"Jana Trommer macht weiter. Ihre n\u00e4chste \"Kunstaktion\" hat sie f\u00fcr Freitag (13. M\u00e4rz) angek\u00fcndigt. Diesmal m\u00f6chte Jana Trommer ihre allw\u00f6chentliche \"Kunstaktion\" f\u00fcr Klimaschutz auf der Frankfurter Stra\u00dfe beim Fu\u00dfg\u00e4nger\u00fcbergang \"Auf der Weide\" durchf\u00fchren. Mit ihrer Aktion am Freitag (13. M\u00e4rz) von 16.30 bis 16.45 Uhr m\u00f6chte die Marburger Psychologin wieder\u2026","rel":"","context":"In &quot;Kultur&quot;","img":{"alt_text":"","src":"","width":0,"height":0},"classes":[]},{"id":19725,"url":"http:\/\/marburg.news\/?p=19725","url_meta":{"origin":19360,"position":4},"title":"Im Pilgrimstein: Jana Trommer macht hartn\u00e4ckig weiter","date":"17. M\u00e4rz 2026","format":false,"excerpt":"Im Pilgrimstein beim Fu\u00dfg\u00e4nger\u00fcbergang an der Einm\u00fcndung in die Biegenstra\u00dfe m\u00f6chte Jana Trommer ihre n\u00e4chste \"Kunstaktion\" f\u00fcr Klimaschutz durchf\u00fchren. Stattfinden soll sie am Freitag (20. M\u00e4rz) von 16.30 bis 16.45 Uhr. Mit ihrer - immer gleichen - \"Kunstaktion\" m\u00f6chte Jana Trommer \"die St\u00f6rungen durch die Klimakrise\" symbolisieren und \"auf die\u2026","rel":"","context":"In &quot;Kultur&quot;","img":{"alt_text":"","src":"","width":0,"height":0},"classes":[]},{"id":19953,"url":"http:\/\/marburg.news\/?p=19953","url_meta":{"origin":19360,"position":5},"title":"Neuer Aktionstermin: Jana Trommer setzt sich am 15. Mai wieder auf die Stra\u00dfe","date":"28. April 2026","format":false,"excerpt":"Nach dreiw\u00f6chiger Pause widersetzt sich Jana Trommer wieder der Allt\u00e4glichkeit des Klimawandels. Ihre n\u00e4chste \"Kunstaktion\" will die Marburger Psychologin am Freitag (15. Mai) durchf\u00fchren. Von 16.45 bis 17 Uhr m\u00f6chte Jana Trommer auf der Gutenbergstra\u00dfe beim Fu\u00dfg\u00e4nger\u00fcbergang an der Universit\u00e4tsstra\u00dfe eine \"Kunstaktion\" durchf\u00fchren. Damit symbolisiert sie die St\u00f6rungen durch die\u2026","rel":"","context":"In &quot;Kultur&quot;","img":{"alt_text":"","src":"","width":0,"height":0},"classes":[]}],"_links":{"self":[{"href":"http:\/\/marburg.news\/index.php?rest_route=\/wp\/v2\/posts\/19360"}],"collection":[{"href":"http:\/\/marburg.news\/index.php?rest_route=\/wp\/v2\/posts"}],"about":[{"href":"http:\/\/marburg.news\/index.php?rest_route=\/wp\/v2\/types\/post"}],"author":[{"embeddable":true,"href":"http:\/\/marburg.news\/index.php?rest_route=\/wp\/v2\/users\/2"}],"replies":[{"embeddable":true,"href":"http:\/\/marburg.news\/index.php?rest_route=%2Fwp%2Fv2%2Fcomments&post=19360"}],"version-history":[{"count":1,"href":"http:\/\/marburg.news\/index.php?rest_route=\/wp\/v2\/posts\/19360\/revisions"}],"predecessor-version":[{"id":19368,"href":"http:\/\/marburg.news\/index.php?rest_route=\/wp\/v2\/posts\/19360\/revisions\/19368"}],"wp:attachment":[{"href":"http:\/\/marburg.news\/index.php?rest_route=%2Fwp%2Fv2%2Fmedia&parent=19360"}],"wp:term":[{"taxonomy":"category","embeddable":true,"href":"http:\/\/marburg.news\/index.php?rest_route=%2Fwp%2Fv2%2Fcategories&post=19360"},{"taxonomy":"post_tag","embeddable":true,"href":"http:\/\/marburg.news\/index.php?rest_route=%2Fwp%2Fv2%2Ftags&post=19360"}],"curies":[{"name":"wp","href":"https:\/\/api.w.org\/{rel}","templated":true}]}}