{"id":19359,"date":"2026-01-18T10:10:00","date_gmt":"2026-01-18T09:10:00","guid":{"rendered":"http:\/\/marburg.news\/?p=19359"},"modified":"2026-01-18T10:10:00","modified_gmt":"2026-01-18T09:10:00","slug":"oeffentliche-sitzung-wahlausschuss-tagt-am-19-januar-im-rathaus","status":"publish","type":"post","link":"http:\/\/marburg.news\/?p=19359","title":{"rendered":"\u00d6ffentliche Sitzung: Wahlausschuss tagt am 19. Januar im Rathaus"},"content":{"rendered":"<p>[tagsKandidaturen, Kommunalwahl,Wahlausschuss]<\/p>\n<p>Die \u00f6ffentliche Sitzung des Wahlausschusses zur Kommunalwahl 2026 findet am Montag (19. Januar) statt. Das hat der Magistrat am Freitag (16. Januar) angek\u00fcndigt. <!--more--><br \/>\nIm Zuge der Vorbereitung der Kommunalwahl tritt der Wahlausschuss am Montag (19. Januar) um 16 Uhr im Historischen Saal des Rathauses am Markt zusammen. Gegenstand der Sitzung ist die Entscheidung \u00fcber die Zulassung der eingereichten Wahlvorschl\u00e4ge f\u00fcr die <a href=\"http:\/\/wahl.marburgviews.de\/2026\">Kommunalwahl am 15. M\u00e4rz 2026<\/a>. Einziger Tagesordnungspunkt ist die Entscheidung \u00fcber m\u00f6gliche Einspr\u00fcche der Nichtzulassung eines Wahlvorschlags. Die Sitzung ist \u00f6ffentlich.<\/p>\n<p>* pm: Stadt Marburg<\/p>\n","protected":false},"excerpt":{"rendered":"<p>[tagsKandidaturen, Kommunalwahl,Wahlausschuss] Die \u00f6ffentliche Sitzung des Wahlausschusses zur Kommunalwahl 2026 findet am Montag (19. Januar) statt. Das hat der Magistrat am Freitag (16. Januar) angek\u00fcndigt.<\/p>\n","protected":false},"author":2,"featured_media":0,"comment_status":"closed","ping_status":"open","sticky":false,"template":"","format":"standard","meta":{"advanced_seo_description":"","spay_email":"","jetpack_publicize_message":"","jetpack_is_tweetstorm":false,"jetpack_publicize_feature_enabled":true},"categories":[2],"tags":[],"jetpack_featured_media_url":"","jetpack_publicize_connections":[],"jetpack_sharing_enabled":true,"jetpack_shortlink":"https:\/\/wp.me\/p8mhvd-52f","jetpack-related-posts":[{"id":6842,"url":"http:\/\/marburg.news\/?p=6842","url_meta":{"origin":19359,"position":0},"title":"Endlich amtlich: Wahlausschuss best\u00e4tigt Sieg von Oberb\u00fcrgermeister Spies","date":"9. April 2021","format":false,"excerpt":"Die Pr\u00fcfung ung\u00fcltiger Stimmen bringt keine Ver\u00e4nderung im Ergebnis. Der Wahlausschuss best\u00e4tigt den Sieg von Oberb\u00fcrgermeister Dr. Thomas Spies bei der Stichwahl. Der Wahlausschuss der Universit\u00e4tsstadt Marburg hat in seiner Sitzung am Donnerstag (8. April) das Ergebnis der Stichwahl best\u00e4tigt: Wahlsieger ist demnach der Amtsinhaber Dr. Thomas Spies. Am Sonntag\u2026","rel":"","context":"In &quot;Politik&quot;","img":{"alt_text":"","src":"","width":0,"height":0},"classes":[]},{"id":8972,"url":"http:\/\/marburg.news\/?p=8972","url_meta":{"origin":19359,"position":1},"title":"Demokratisch und beweglich: Sieben Kandidierende zur Landratswahl zugelassen","date":"18. M\u00e4rz 2022","format":false,"excerpt":"Der Wahlausschuss hat alle sieben Kandidaten zur Landratswahl zugelassen. Das hat der Kreis am Freitag (18. M\u00e4rz) mitgeteilt. Der Wahlausschuss des Landkreises hat in seiner Sitzung am Freitag (18. M\u00e4rz) alle sieben eingereichten Vorschl\u00e4ge zur Wahl eines neuen Landrats oder einer neuen Landr\u00e4tin zugelassen. Das Votum des Gremiums fiel einstimmig\u2026","rel":"","context":"In &quot;Politik&quot;","img":{"alt_text":"","src":"","width":0,"height":0},"classes":[]},{"id":19427,"url":"http:\/\/marburg.news\/?p=19427","url_meta":{"origin":19359,"position":2},"title":"Demokratie im Dutzend: Zw\u00f6lf Parteien und Listen kandidieren im Kreis","date":"1. Februar 2026","format":false,"excerpt":"Zw\u00f6lf Parteien und Listen hat der Kreiswahlausschuss zur Kommunalwahl am 15. M\u00e4rz 2026 zugelassen. Sie bewerben sich um 71 Sitze im Kreistag. In seiner Sitzung am Freitag (16. Januar) hat der Kreiswahlausschuss die eingereichten Wahlvorschl\u00e4ge gepr\u00fcft und zugelassen. Zw\u00f6lf Parteien und Listen bewerben sich mit ihren Kandidatinnen und Kandidaten um\u2026","rel":"","context":"In &quot;Politik&quot;","img":{"alt_text":"","src":"","width":0,"height":0},"classes":[]},{"id":6800,"url":"http:\/\/marburg.news\/?p=6800","url_meta":{"origin":19359,"position":3},"title":"Gr\u00fcne Farbe: Wahlausschuss \u00fcberpr\u00fcft ung\u00fcltige Stimmzettel","date":"31. M\u00e4rz 2021","format":false,"excerpt":"Das Ergebnis der Stichwahl des Oberb\u00fcrgermeisters ist noch nicht best\u00e4tigt. Der Wahlausschuss hat eine \u00dcberpr\u00fcfung ung\u00fcltiger Stimmzettel beschlossen. Der Wahlausschuss der Universit\u00e4tsstadt Marburg hat in seiner Sitzung am Dienstag (30. M\u00e4rz) mehrheitlich beschlossen, die 318 ung\u00fcltigen Stimmen der Stichwahl von Sonntag (28. M\u00e4rz) zu pr\u00fcfen. Den Antrag dazu stellte die\u2026","rel":"","context":"In &quot;Politik&quot;","img":{"alt_text":"","src":"","width":0,"height":0},"classes":[]},{"id":19228,"url":"http:\/\/marburg.news\/?p=19228","url_meta":{"origin":19359,"position":4},"title":"Ausnahmsweise Auszeiten: Wahlamt zwischen Weihnachten und Neujahr erreichbar","date":"17. Dezember 2025","format":false,"excerpt":"Wegen der Kommunalwahl 2026 ist das Wahlamt \"zwischen den Jahren\" erreichbar. Das hat die Stadt Marburg am Mittwoch (17. Dezember) mitgeteilt. \"Zwischen den Jahren\" ist das Wahlamt der Stadt Marburg anl\u00e4sslich der Kommunalwahl am 15. M\u00e4rz 2026 ge\u00f6ffnet. Zum Einreichen von Wahlvorschl\u00e4gen, dem Ausstellen von W\u00e4hlbarkeitsbescheinigung und Weiterem ist das\u2026","rel":"","context":"In &quot;Politik&quot;","img":{"alt_text":"","src":"","width":0,"height":0},"classes":[]},{"id":19419,"url":"http:\/\/marburg.news\/?p=19419","url_meta":{"origin":19359,"position":5},"title":"Angehalten: RP ruft zur Teilnahme an Kommunalwahl auf","date":"30. Januar 2026","format":false,"excerpt":"Regierungspr\u00e4sident Dr. Christoph Ullrich ruft zur Teilnahme bei der Kommunalwahl am 15. M\u00e4rz 2026 auf. Dabbei wies er auf die M\u00f6glichkeit der Briefwahl hin. Am Sonntag (15. M\u00e4rz) ist Kommunalwahl in Hessen. Rund 4,7 Millionen Menschen sind aufgerufen, ihre Stimme abzugeben. die M\u00f6glichkeit der Briefwahl sorgt daf\u00fcr, dass auch diejenigen\u2026","rel":"","context":"In &quot;Politik&quot;","img":{"alt_text":"","src":"","width":0,"height":0},"classes":[]}],"_links":{"self":[{"href":"http:\/\/marburg.news\/index.php?rest_route=\/wp\/v2\/posts\/19359"}],"collection":[{"href":"http:\/\/marburg.news\/index.php?rest_route=\/wp\/v2\/posts"}],"about":[{"href":"http:\/\/marburg.news\/index.php?rest_route=\/wp\/v2\/types\/post"}],"author":[{"embeddable":true,"href":"http:\/\/marburg.news\/index.php?rest_route=\/wp\/v2\/users\/2"}],"replies":[{"embeddable":true,"href":"http:\/\/marburg.news\/index.php?rest_route=%2Fwp%2Fv2%2Fcomments&post=19359"}],"version-history":[{"count":0,"href":"http:\/\/marburg.news\/index.php?rest_route=\/wp\/v2\/posts\/19359\/revisions"}],"wp:attachment":[{"href":"http:\/\/marburg.news\/index.php?rest_route=%2Fwp%2Fv2%2Fmedia&parent=19359"}],"wp:term":[{"taxonomy":"category","embeddable":true,"href":"http:\/\/marburg.news\/index.php?rest_route=%2Fwp%2Fv2%2Fcategories&post=19359"},{"taxonomy":"post_tag","embeddable":true,"href":"http:\/\/marburg.news\/index.php?rest_route=%2Fwp%2Fv2%2Ftags&post=19359"}],"curies":[{"name":"wp","href":"https:\/\/api.w.org\/{rel}","templated":true}]}}