{"id":19358,"date":"2026-01-17T10:17:39","date_gmt":"2026-01-17T09:17:39","guid":{"rendered":"http:\/\/marburg.news\/?p=19358"},"modified":"2026-01-17T10:17:39","modified_gmt":"2026-01-17T09:17:39","slug":"jahresprogramm-fuer-jugendliche-kreis-bietet-zahlreiche-ferienfreizeiten-an","status":"publish","type":"post","link":"http:\/\/marburg.news\/?p=19358","title":{"rendered":"Jahresprogramm f\u00fcr Jugendliche: Kreis bietet zahlreiche Ferienfreizeiten an"},"content":{"rendered":"<p>Der Kreis bietet ein spannendes Jahresprogramm f\u00fcr junge Menschen. Die Devise dabei lautet: &#8222;Gemeinsam erleben, lernen und wachsen&#8220;. <!--more--><br \/>\nAuch 2026 bietet der Landkreis Marburg-Biedenkopf mit seiner Jugendf\u00f6rderung wieder ein abwechslungsreiches Programm mit Bildungs- und Freizeitangeboten an. Das Programm richtet sich an Kinder und Jugendliche verschiedener Altersgruppen und verbindet Lernen, Abenteuer und gemeinschaftliche Erlebnisse. Das gesamte Jahresprogramm wird laufend aktualisiert sowie erweitert und ist auf der Homepage des Landkreises unter <a href=\"http:\/\/www.lkmb.de\/jugend\">www.lkmb.de\/jugend<\/a> zu finden. Das Programm bietet jungen Menschen Gelegenheit, neue Erfahrungen zu gewinnen, neue Freundschaften zu schlie\u00dfen und umfasst aktive als auch ruhige Momente.<br \/>\n\u00dcber Fronleichnam haben Kinder und Jugendliche im Alter von neun bis zw\u00f6lf Jahren die Gelegenheit, in die Welt des Waldes einzutauchen. Im &#8222;WWW &#8211;<br \/>\nWunderWerkWald&#8220; erkunden sie die heimische Natur, erfahren mehr \u00fcber die wichtigen Funktionen des Waldes und setzen sich mit den Auswirkungen des Klimawandels auseinander.<br \/>\nIn den Sommerferien werden wieder die beliebten Ferienfreizeiten nach Schuby und Gl\u00fccksburg angeboten. Drei vierzehnt\u00e4gige Freizeiten bieten den Kindern und Jugendlichen eine abwechslungsreiche Zeit mit kreativen Aktionen, Sportspielen, Strandmomenten und gemeinsamer Erlebnisse, in denen auch viel Zeit zum Entspannen bleibt. F\u00fcr die J\u00fcngeren im Alter von sieben bis zehn Jahren sind in der vierten und f\u00fcnften Sommerferienwoche Freizeiten in Weimar-Wolfshausen geplant. Die Freizeit- und Bildungsst\u00e4tte bietet mit eigenem Pool und angrenzendem Wald viel Platz zum Ausprobieren und Spielen. In Zusammenarbeit mit der Universit\u00e4tsstadt Marburg gibt es auch wieder eine barrierefreie Freizeit f\u00fcr junge Menschen ab elf Jahre mit und ohne Beeintr\u00e4chtigung: Anfang Juli geht es nach Prillwitz an die Mecklenburgische Seenplatte.<br \/>\nDie Herbstferien starten mit einer Freizeit in Wolfshausen, die unter dem Motto &#8222;Abtauchen in den Herbst&#8220; steht. Ein Glanzlicht dabei wird sein, dass Kinder und Jugendliche im Alter von 11 bis 13 Jahren in Begleitung von professionellen Ausbilderinnen und Ausbildern erste Erfahrungen im Tauchen sammeln k\u00f6nnen. Auch ohne Schwimmen zu k\u00f6nnen, ist eine Teilnahme m\u00f6glich. F\u00fcr die 13- bis 16-J\u00e4hrigen wird in der ersten Herbstferienwoche ein St\u00e4dtetrip nach Erfurt angeboten. Neben dem Blick auf aktuelle Medienwelten bekommen die Teilnehmenden auch die Gelegenheit, Erfurts geschichtstr\u00e4chtige Seiten zu entdecken. Daneben gibt es noch ausreichend Zeit, Sehensw\u00fcrdigkeiten zu besuchen und zu entspannen.<br \/>\nZum Jahresende gibt es noch die M\u00f6glichkeit, im &#8222;Makerspace&#8220; in Kirchhain die Grundlagen des 3D-Drucks und des Arbeitens mit Lasern (&#8222;Lasercutting) kennenzulernen. Die Teilnehmenden haben so die Gelegenheit, einzigartige Objekte zu gestalten &#8211; ganz ohne Vorkenntnisse.<br \/>\nDas gesamte Jahresprogramm wird laufend aktualisiert und erweitert und ist auf der Homepage des Landkreises unter <a href=\"http:\/\/www.lkmb.de\/jugend\">www.lkmb.de\/jugend<\/a> zu finden. Dort finden sich weitere Informationen zu den Terminen, zum Veranstaltungsort und -programm, der Anreise, zu den Kosten und zum jeweiligen Anmeldeschluss. Au\u00dferdem k\u00f6nnen dort die Teilnahmebedingungen und das Anmeldeformular abgerufen werden. Anmeldeschluss f\u00fcr die Sommerfreizeiten ist der 25. Februar 2026. Informationen zum gesamten Jahresprogramm gibt es auch beim Fachdienst Jugendf\u00f6rderung unter den Telefonnummer 06421\/405-1493 oder -1368 sowie per E-Mail an jugendfoerderung@marburg-biedenkopf.de.<\/p>\n<p>* pm: Landkreis Marburg-Biedenkopf<\/p>\n","protected":false},"excerpt":{"rendered":"<p>Der Kreis bietet ein spannendes Jahresprogramm f\u00fcr junge Menschen. Die Devise dabei lautet: &#8222;Gemeinsam erleben, lernen und wachsen&#8220;.<\/p>\n","protected":false},"author":2,"featured_media":0,"comment_status":"closed","ping_status":"open","sticky":false,"template":"","format":"standard","meta":{"advanced_seo_description":"","spay_email":"","jetpack_publicize_message":"","jetpack_is_tweetstorm":false,"jetpack_publicize_feature_enabled":true},"categories":[5,4],"tags":[3293,1807,204],"jetpack_featured_media_url":"","jetpack_publicize_connections":[],"jetpack_sharing_enabled":true,"jetpack_shortlink":"https:\/\/wp.me\/p8mhvd-52e","jetpack-related-posts":[{"id":17454,"url":"http:\/\/marburg.news\/?p=17454","url_meta":{"origin":19358,"position":0},"title":"Weniger Langeweile: Neues Jugendfreizeitprogrammn des Landkreises","date":"5. Februar 2025","format":false,"excerpt":"Die Jugendf\u00f6rderung des Kreises bietet wieder ein spannendes Jahresprogramm. Dabei k\u00f6nnen Jugengliche neue Erfahrungen sammeln, Gleichaltrige kennenlernen und sich ausprobieren. Auch 2025 bietet der Landkreis Marburg-Biedenkopf mit seiner Jugendf\u00f6rderung ein abwechslungsreiches Programm mit vielf\u00e4ltigen Angeboten. Es bietet jungen Menschen die Chance, sich auszuprobieren, neue Erfahrungen zu sammeln und Gleichaltrige kennenzulernen.\u2026","rel":"","context":"In &quot;Bildung&quot;","img":{"alt_text":"","src":"","width":0,"height":0},"classes":[]},{"id":14698,"url":"http:\/\/marburg.news\/?p=14698","url_meta":{"origin":19358,"position":1},"title":"Auf Abenteuer: Jahresprogramm der Jugendf\u00f6rderung des Kreises","date":"4. Januar 2024","format":false,"excerpt":"Ein abwechslungsreiches Jahresprogramm bietet die Jugendf\u00f6rderung des Kreises. Junge Menschen erleben dabei Abenteuer, Natur und machen Entdeckungen. Die Jugendf\u00f6rderung des Landkreises Marburg-Biedenkopf bietet jungen Menschen auch 2024 ein umfangreiches Programm mit vielen spannenden Aktivit\u00e4ten und Fahrten in verschiedene St\u00e4dte. Das Jahresprogramm, das kontinuierlich um weitere Angebote erg\u00e4nzt wird, ist auf\u2026","rel":"","context":"In &quot;Soziales&quot;","img":{"alt_text":"","src":"","width":0,"height":0},"classes":[]},{"id":11686,"url":"http:\/\/marburg.news\/?p=11686","url_meta":{"origin":19358,"position":2},"title":"Ferienfreizeiten: Jahresprogramm der Jugendf\u00f6rderung des Kreises","date":"16. Januar 2023","format":false,"excerpt":"Die Jugendf\u00f6rderung des Kreises bietet ein abwechslungsreiches Jahresprogramm. Es enth\u00e4lt vielf\u00e4ltige Ferienangebote f\u00fcr Kinder und Jugendliche. Der Landkreis Marburg-Biedenkopf mit seiner Jugendf\u00f6rderung plant f\u00fcr Fr\u00fchjahr, Sommer und Herbst wieder vielf\u00e4ltige Aktivit\u00e4ten f\u00fcr Kinder und Jugendliche aus dem Kreis.Das umfangreiche Jahresprogramm 2023 bietet die Gelegenheit f\u00fcr gemeinsame Aktivit\u00e4ten, spannende Entdeckungen sowie\u2026","rel":"","context":"In &quot;Bildung&quot;","img":{"alt_text":"","src":"","width":0,"height":0},"classes":[]},{"id":12053,"url":"http:\/\/marburg.news\/?p=12053","url_meta":{"origin":19358,"position":3},"title":"Ferien mit Aussicht: Noch Pl\u00e4tze frei bei Jugendf\u00f6rderung des Kreises","date":"1. M\u00e4rz 2023","format":false,"excerpt":"Kinder und Jugendliche k\u00f6nnen in den Ferien neue Erfahrungen sammeln. In den Ferienangeboten des Landkreises sind noch Pl\u00e4tze frei. In den Ferienangeboten des Landkreises Marburg-Biedenkopf f\u00fcr Kinder und Jugendliche gibt es noch freie Pl\u00e4tze. Auch bei unterschiedlichen Wochenend-Angeboten des Kreises f\u00fcr junge Menschen ist noch eine Anmeldung m\u00f6glich. Damit bietet\u2026","rel":"","context":"In &quot;Bildung&quot;","img":{"alt_text":"","src":"","width":0,"height":0},"classes":[]},{"id":11506,"url":"http:\/\/marburg.news\/?p=11506","url_meta":{"origin":19358,"position":4},"title":"JuF\u00f6-Programm: 2023 wird bunt und vielf\u00e4ltig","date":"22. Dezember 2022","format":false,"excerpt":"Das Jahresprogramm der Jugendf\u00f6rderung ist online. 2023 wird bunt und vielf\u00e4ltig. Das neue Jahresprogramm der Jugendf\u00f6rderung der Universit\u00e4tsstadt Marburg h\u00e4lt auch 2023 wieder zahlreiche Angebote f\u00fcr Kinder und Jugendliche bereit. Sie k\u00f6nnen kochen, basteln, Ausfl\u00fcge unternehmen, Abenteuertage erleben oder an der Inklusionsfreizeit teilnehmen: Eine \u00dcbersicht aller Angebote findet sich online\u2026","rel":"","context":"In &quot;Kultur&quot;","img":{"alt_text":"","src":"","width":0,"height":0},"classes":[]},{"id":1570,"url":"http:\/\/marburg.news\/?p=1570","url_meta":{"origin":19358,"position":5},"title":"F\u00f6rderung f\u00fcr Freizeit: Stadtr\u00e4tin stellte Programm 2018 vor","date":"17. Januar 2018","format":false,"excerpt":"F\u00fcr das neue Jahr hat die Jugendf\u00f6rderung der Stadt Marburg ein vielf\u00e4ltiges Programm aufgestellt. Es ist prall gef\u00fcllt mit Freizeit- und Bildungsangeboten f\u00fcr Kinder und Jugendliche aus Marburg. Au\u00dferdem ist das Programm inklusiv. Allen interessierten jungen Menschen soll es Erlebnisse und Lernr\u00e4ume bieten. Stadtr\u00e4tin Kirsten Dinnebier hat es gemeinsam mit\u2026","rel":"","context":"In &quot;Bildung&quot;","img":{"alt_text":"","src":"","width":0,"height":0},"classes":[]}],"_links":{"self":[{"href":"http:\/\/marburg.news\/index.php?rest_route=\/wp\/v2\/posts\/19358"}],"collection":[{"href":"http:\/\/marburg.news\/index.php?rest_route=\/wp\/v2\/posts"}],"about":[{"href":"http:\/\/marburg.news\/index.php?rest_route=\/wp\/v2\/types\/post"}],"author":[{"embeddable":true,"href":"http:\/\/marburg.news\/index.php?rest_route=\/wp\/v2\/users\/2"}],"replies":[{"embeddable":true,"href":"http:\/\/marburg.news\/index.php?rest_route=%2Fwp%2Fv2%2Fcomments&post=19358"}],"version-history":[{"count":0,"href":"http:\/\/marburg.news\/index.php?rest_route=\/wp\/v2\/posts\/19358\/revisions"}],"wp:attachment":[{"href":"http:\/\/marburg.news\/index.php?rest_route=%2Fwp%2Fv2%2Fmedia&parent=19358"}],"wp:term":[{"taxonomy":"category","embeddable":true,"href":"http:\/\/marburg.news\/index.php?rest_route=%2Fwp%2Fv2%2Fcategories&post=19358"},{"taxonomy":"post_tag","embeddable":true,"href":"http:\/\/marburg.news\/index.php?rest_route=%2Fwp%2Fv2%2Ftags&post=19358"}],"curies":[{"name":"wp","href":"https:\/\/api.w.org\/{rel}","templated":true}]}}