{"id":19357,"date":"2026-01-16T18:47:39","date_gmt":"2026-01-16T17:47:39","guid":{"rendered":"http:\/\/marburg.news\/?p=19357"},"modified":"2026-01-16T18:47:39","modified_gmt":"2026-01-16T17:47:39","slug":"notfallmedizin-24-mittelhessisches-rettungsdienstsymposium-in-stadtallendorf","status":"publish","type":"post","link":"http:\/\/marburg.news\/?p=19357","title":{"rendered":"Notfallmedizin: 24. mittelhessisches Rettungsdienstsymposium in Stadtallendorf"},"content":{"rendered":"<p>Ein kreis\u00fcbergreifendes Symposium r\u00fcckt aktuelle Entwicklungen in der Notfallmedizin in den Fokus. Es findet am 6. und 7. Februar 2026 in Stadtallendorf statt. <!--more--><br \/>\nAm Freitag (6. Februar) und Samstag (7. Februar) findet in der Stadthalle Stadtallendorf (Landkreis Marburg-Biedenkopf) das 24. Mittelhessische Rettungsdienstsymposium statt. Die zweit\u00e4gige Fortbildungsveranstaltung richtet sich landkreis- und organisations\u00fcbergreifend an Mitarbeitende im Rettungsdienst und hat sich in Mittelhessen als feste Gr\u00f6\u00dfe in der rettungsdienstlichen Aus- und Weiterbildung etabliert. Rund 600 Teilnehmende nutzen j\u00e4hrlich die Gelegenheit, sich praxisnah fortzubilden und miteinander ins Gespr\u00e4ch zu kommen.<br \/>\nVeranstalter sind der Landkreis Marburg-Biedenkopf, der Landkreis Gie\u00dfen, der Vogelsbergkreis, die Johanniter-Unfall-Hilfe Mittelhessen, das Deutsche Rote Kreuz Rettungsdienst Mittelhessen und der Malteser Hilfsdienst gGmbh Bezirk Rettungsdienst Hessen. Das Symposium steht traditionell f\u00fcr eine enge Zusammenarbeit \u00fcber Kreis- und Organisationsgrenzen hinweg. Das Symposium verspricht auch dieses Mal wieder ein breites Themenspektrum &#8211; von Guidelines bis Taktik. Am Freitag stehen zahlreiche praxisorientierte Workshops auf dem Programm, am Samstag folgen Fachvortr\u00e4ge namhafter Referentinnen und Referenten.<br \/>\nThematisch werden aktuelle Entwicklungen und Herausforderungen der Notfallmedizin aufgegriffen, darunter ist Aktuelles zu den Leitlinien f\u00fcr die Wiederbelebung und das Thema Gendermedizin und Vielfalt und Kultur mit dem Vortrag &#8222;Notfallmedizin 2026: Zwischen Evidenz, Gender und kultureller Kompetenz&#8220;. Ein weiteres Thema ist die Taktik im Rettungsdienst mit dem Schwerpunkt &#8222;Krisen, Konzepte, Kooperationen: Rettungsdienst im Kontext taktischer Sonderlagen&#8220;. Au\u00dferdem stehen &#8222;rechtliche Fragen und rechtliche Verantwortung im Spannungsfeld der Notfallversorgung&#8220; auf der Tagesordnung. Neben der fachlichen Weiterbildung bietet das Symposium auch viel Raum f\u00fcr pers\u00f6nlichen Austausch und Vernetzung. Die Teilnahme ist kostenfrei.<br \/>\n&#8222;Als Rettungsdiensttr\u00e4ger ist uns eine gute Aus- und Weiterbildung des Fachpersonals im Rettungsdienst sehr wichtig&#8220;, betonte Marburg-Biedenkopfs Landrat Jens Womelsdorf. &#8222;Dazu tr\u00e4gt &#8211; mittlerweile schon zum 24. Mal &#8211; das Mittelhessische Rettungsdienst-Symposium bei. Hier werden unterschiedliche Themen aus unterschiedlichen Blickwinkeln und von kompetenten Referentinnen und Referenten in den Fokus ger\u00fcckt.&#8220; Womelsdorf dankte dem Organisationsteam aus dem Fachbereich Gefahrenabwehr der Kreisverwaltung f\u00fcr die Planung und Organisation der Veranstaltung.<br \/>\n&#8222;Das Rettungsdienst-Symposium zeigt Jahr f\u00fcr Jahr eindrucksvoll, wie drei benachbarte Landkreise und drei unterschiedliche Rettungsdienst-Unternehmen in unserer Region eng, professionell und vertrauensvoll zusammenarbeiten&#8220;, betonte der Vogelsberger Landrat Dr. Jens Mischak. &#8222;Diese verl\u00e4ssliche Kooperation stellt sicher, dass B\u00fcrgerinnen und B\u00fcrger in medizinischen Notlagen jederzeit die bestm\u00f6gliche Versorgung erhalten&#8220;, erkl\u00e4rte Mischak.<br \/>\n&#8222;Das Mittelhessische Rettungsdienstsymposium ist ein Erfolgsmodell f\u00fcr die interkommunale Zusammenarbeit im Rettungswesen unserer Region&#8220;, sagte Gie\u00dfens Landr\u00e4tin Anita Schneider. Die Fortbildungsveranstaltung leiste \u00fcber Kreisgrenzen hinaus einen essenziellen Beitrag zur Qualit\u00e4tssicherung in der Notfallmedizin, denn dortr werde neuestes Fachwissen kompetent vermittelt. &#8222;Die Aus- und Weiterbildung im Rettungsdienst ist ein wichtiger Bestandteil, um Patientinnen und Patienten in medizinischen Notlagen bestm\u00f6glich zu versorgen.&#8220; Weitere Informationen zum Programm sowie die M\u00f6glichkeit zur Anmeldung finden Interessierte online unter <a href=\"https:\/\/www.drk-bildungszentrum.de\/rd-symposium\">www.drk-bildungszentrum.de\/rd-symposium<\/a>.<\/p>\n<p>* pm: Landkreis Marburg-Biedenkopf<\/p>\n","protected":false},"excerpt":{"rendered":"<p>Ein kreis\u00fcbergreifendes Symposium r\u00fcckt aktuelle Entwicklungen in der Notfallmedizin in den Fokus. Es findet am 6. und 7. Februar 2026 in Stadtallendorf statt.<\/p>\n","protected":false},"author":2,"featured_media":0,"comment_status":"closed","ping_status":"open","sticky":false,"template":"","format":"standard","meta":{"advanced_seo_description":"","spay_email":"","jetpack_publicize_message":"","jetpack_is_tweetstorm":false,"jetpack_publicize_feature_enabled":true},"categories":[5,4],"tags":[53,3197,679],"jetpack_featured_media_url":"","jetpack_publicize_connections":[],"jetpack_sharing_enabled":true,"jetpack_shortlink":"https:\/\/wp.me\/p8mhvd-52d","jetpack-related-posts":[{"id":6349,"url":"http:\/\/marburg.news\/?p=6349","url_meta":{"origin":19357,"position":0},"title":"Bis 15. Januar: \u00c4rztlicher Leiter des Rettungsdiensts geht in Rente","date":"15. Januar 2021","format":false,"excerpt":"Dr. Martin Sassen ist neuer \u00c4rztlicher Leiter des Rettungsdienstes. Die Landr\u00e4tin hat das \"Notarzt-Urgestein\" Dr. Erich Wranze-Bielefeld verabschiedeet. Landr\u00e4tin Kirsten Fr\u00fcndt hat Dr. Erich Wranze-Bielefeld als \u00c4rztlichen Leiter des Rettungsdienstes im Landkreis Marburg-Biedenkopf verabschiedet und seinen Nachfolger Dr. Martin Sassen in das Amt eingef\u00fchrt. 20 Jahre lang hat Wranze-Bielefeld den\u2026","rel":"","context":"In &quot;Politik&quot;","img":{"alt_text":"","src":"","width":0,"height":0},"classes":[]},{"id":19373,"url":"http:\/\/marburg.news\/?p=19373","url_meta":{"origin":19357,"position":1},"title":"Vorsorge f\u00fcr 2026: Umzug bei Ausl\u00e4nderbeh\u00f6rde des Kreises","date":"20. Januar 2026","format":false,"excerpt":"Umzugsarbeiten finden Anfang Februar in der Ausl\u00e4nderbeh\u00f6rde des Kreises statt. Darum bleibt sie am Standort Marburg am 5. und 6. Februar 2026 geschlossen. Die Ausl\u00e4nderbeh\u00f6rde des Landkreises Marburg-Biedenkopf am Standort Marburg ist am Donnerstag (5. Februar) sowie Freitag (6. Februar) geschlossen. Hintergrund sind interne Umzugsarbeiten. Die Standorte in Biedenkopf und\u2026","rel":"","context":"In &quot;Politik&quot;","img":{"alt_text":"","src":"","width":0,"height":0},"classes":[]},{"id":8772,"url":"http:\/\/marburg.news\/?p=8772","url_meta":{"origin":19357,"position":2},"title":"Landkreis elektoral: Landratswahl auf 15. Mai anberaumt","date":"11. Februar 2022","format":false,"excerpt":"Die Landratswahl findet am Sonntag (15. Mai) statt. Nach dem Tod der Amtsinhaberin hat der Kreistag den Wahltermin in einer Sondersitzung festgelegt. Die Wahl eines neuen Landrats oder einer neuen Landr\u00e4tin im Kreis Marburg-Biedenkopf findet am Sonntag (15. Mai) statt. Das hat der Kreistag in einer Sondersitzung am Freitag (11.\u2026","rel":"","context":"In &quot;Politik&quot;","img":{"alt_text":"","src":"","width":0,"height":0},"classes":[]},{"id":14725,"url":"http:\/\/marburg.news\/?p=14725","url_meta":{"origin":19357,"position":3},"title":"Zwei Stunden: Fragen an den Landrat bei Messe im Aff\u00f6ller","date":"9. Januar 2024","format":false,"excerpt":"Landrat Jens Womelsdorf l\u00e4dt zur offenen Sprechstunde am Samstag (3. Februar) ein. Die Gespr\u00e4chsm\u00f6glichkeit unter dem Titel \"Frag den Landrat\" findet auf der MEMOlife 2024 statt. Am Samstag (3. Februar) von 11 bis 13 Uhr k\u00f6nnen B\u00fcrgerinnen und B\u00fcrger des Landkreises Marburg-Biedenkopf mit Landrat Jens Womelsdorf ins Gespr\u00e4ch kommen. Veranstaltungsort\u2026","rel":"","context":"In &quot;Politik&quot;","img":{"alt_text":"","src":"","width":0,"height":0},"classes":[]},{"id":16696,"url":"http:\/\/marburg.news\/?p=16696","url_meta":{"origin":19357,"position":4},"title":"Ausgeholfen: Netzwerktreffen zur Unterst\u00fctzung von Eltern","date":"22. Oktober 2024","format":false,"excerpt":"Fachkr\u00e4fte der \"Fr\u00fchen Hilfen\" treffen sich zum Austausch. Sie gew\u00e4hren Unterst\u00fctzung, wenn Familien sie brauchen. Die ersten Lebensjahre sind bedeutend f\u00fcr die weitere Entwicklung eines Kindes. In dieser Phase k\u00f6nnen \"Fr\u00fche Hilfen\" einen wichtigen Beitrag zur Unterst\u00fctzung leisten. Damit Familien bei Bedarf fr\u00fchzeitig Zugang zur Unterst\u00fctzung durch lokale Anbieter erhalten,\u2026","rel":"","context":"In &quot;Soziales&quot;","img":{"alt_text":"","src":"","width":0,"height":0},"classes":[]},{"id":8224,"url":"http:\/\/marburg.news\/?p=8224","url_meta":{"origin":19357,"position":5},"title":"Initiative und Impfung: Neue Anlaufstelle in der Georg-Ga\u00dfmann-Halle","date":"24. November 2021","format":false,"excerpt":"Drei station\u00e4re Impfpunkte erg\u00e4nzen das Angebot des Kreises. In Marburg, Dautphetal und Stadtallendorf soll ab Anfang Dezember geimpft werden. Mit dem Aufbau von drei station\u00e4ren Impfpunkten weitet der Landkreis Marburg-Biedenkopf sein Impfangebot weiter aus. In Marburg, Stadtallendorf und in der Gemeinde Dautphetal wird der Kreis ab Anfang Dezember Corona-Schutzimpfungen anbieten.\u2026","rel":"","context":"In &quot;Politik&quot;","img":{"alt_text":"","src":"","width":0,"height":0},"classes":[]}],"_links":{"self":[{"href":"http:\/\/marburg.news\/index.php?rest_route=\/wp\/v2\/posts\/19357"}],"collection":[{"href":"http:\/\/marburg.news\/index.php?rest_route=\/wp\/v2\/posts"}],"about":[{"href":"http:\/\/marburg.news\/index.php?rest_route=\/wp\/v2\/types\/post"}],"author":[{"embeddable":true,"href":"http:\/\/marburg.news\/index.php?rest_route=\/wp\/v2\/users\/2"}],"replies":[{"embeddable":true,"href":"http:\/\/marburg.news\/index.php?rest_route=%2Fwp%2Fv2%2Fcomments&post=19357"}],"version-history":[{"count":0,"href":"http:\/\/marburg.news\/index.php?rest_route=\/wp\/v2\/posts\/19357\/revisions"}],"wp:attachment":[{"href":"http:\/\/marburg.news\/index.php?rest_route=%2Fwp%2Fv2%2Fmedia&parent=19357"}],"wp:term":[{"taxonomy":"category","embeddable":true,"href":"http:\/\/marburg.news\/index.php?rest_route=%2Fwp%2Fv2%2Fcategories&post=19357"},{"taxonomy":"post_tag","embeddable":true,"href":"http:\/\/marburg.news\/index.php?rest_route=%2Fwp%2Fv2%2Ftags&post=19357"}],"curies":[{"name":"wp","href":"https:\/\/api.w.org\/{rel}","templated":true}]}}