{"id":19356,"date":"2026-01-16T15:43:09","date_gmt":"2026-01-16T14:43:09","guid":{"rendered":"http:\/\/marburg.news\/?p=19356"},"modified":"2026-01-16T15:43:09","modified_gmt":"2026-01-16T14:43:09","slug":"nachmittagsprogramm-cafe-con-leche-tierisch-menschlich","status":"publish","type":"post","link":"http:\/\/marburg.news\/?p=19356","title":{"rendered":"Nachmittagsprogramm: Caf\u00e9 con Leche tierisch menschlich"},"content":{"rendered":"<p>Die n\u00e4chste Veranstaltung der Reihe &#8222;Caf\u00e9 con Leche&#8220; steht unter dem Motto &#8222;Tierisch menschlich&#8220;. Immer wenn Menschen Geschichten \u00fcber Tiere erz\u00e4hlen, erz\u00e4hlen sie von sich selbst. <!--more--><br \/>\nStattfinden soll die Veranstaltung am Montag (2. Februar) ab 16 Uhr im TurmCaf\u00e9 auf Spiegelslust. Der Eintritt ist frei, aber eine tierisch hungrige Spendenb\u00fcchse geht um. Das Team von Caf\u00e9 con Leche l\u00e4dt ein zu einem unterhaltsamen Nachmittag. Das Publikum erwartet ein bunter Mix aus tierisch-menschlichen Gedichten, Liedern und auch rein musikalischen St\u00fccken mit Tierbezug.<br \/>\nMal wird es ernst, mal ist es heiter. Die drei Musikerinnen der Band &#8222;Jazzabel&#8220; &#8211; Ellen Wieting (Gesang), Bettina Maier (Saxofon) und Barbara Krzensk (Klavier) &#8211; werden den musikalischen Teil des Programms in unterschiedlicher Besetzung gestalten. Ihnen assistieren mit einf\u00fchlsamen Texten: Andreas Wagner und Lutz G\u00f6tzfried.<\/p>\n<p>* pm: MObiLO e.V. Marburg<\/p>\n","protected":false},"excerpt":{"rendered":"<p>Die n\u00e4chste Veranstaltung der Reihe &#8222;Caf\u00e9 con Leche&#8220; steht unter dem Motto &#8222;Tierisch menschlich&#8220;. Immer wenn Menschen Geschichten \u00fcber Tiere erz\u00e4hlen, erz\u00e4hlen sie von sich selbst.<\/p>\n","protected":false},"author":2,"featured_media":0,"comment_status":"closed","ping_status":"open","sticky":false,"template":"","format":"standard","meta":{"advanced_seo_description":"","spay_email":"","jetpack_publicize_message":"","jetpack_is_tweetstorm":false,"jetpack_publicize_feature_enabled":true},"categories":[3],"tags":[5454,706,359],"jetpack_featured_media_url":"","jetpack_publicize_connections":[],"jetpack_sharing_enabled":true,"jetpack_shortlink":"https:\/\/wp.me\/p8mhvd-52c","jetpack-related-posts":[{"id":14126,"url":"http:\/\/marburg.news\/?p=14126","url_meta":{"origin":19356,"position":0},"title":"Blickrichtung Wolf: Offene B\u00fchne im Spiegelslustturm","date":"22. Oktober 2023","format":false,"excerpt":"Bei \"Caf\u00e9 con leche\" geht es diesmal um \"W\u00f6lfe und andere Spielverderber\". Ziel ist ein ent(spannender) Nachmittag bei Kaffee, Kuchen und Kultur. \"Liebe Poeten-, Dichter-, S\u00e4nger-, Maler- und Autor*innen, damit es f\u00fcr Euch etwas leichter wird, zu entscheiden mit welchen Beitr\u00e4gen Ihr dabei sein wollen k\u00f6nntet, wird aus den jeweils\u2026","rel":"","context":"In &quot;Kultur&quot;","img":{"alt_text":"","src":"","width":0,"height":0},"classes":[]},{"id":6826,"url":"http:\/\/marburg.news\/?p=6826","url_meta":{"origin":19356,"position":1},"title":"Tierisch dreist: Einbrecher vor Ostern aktiv","date":"6. April 2021","format":false,"excerpt":"Ein Einbruch in das Tennisheim am Teichwiesenweg scheiterte. Die T\u00e4ter richteten jedoch einen h\u00f6heren Schaden an. Die Tat ereignete sich zwischen Freitag (2. April) nach 16 Uhr und Samstag (3. April) vor 11 Uhr. Zwar besch\u00e4digten die T\u00e4ter mit dem Fu\u00df eines Schirmst\u00e4nders die Verglasung der Eingangst\u00fcr, jedoch hielt das\u2026","rel":"","context":"In &quot;Sonstiges&quot;","img":{"alt_text":"","src":"","width":0,"height":0},"classes":[]},{"id":13872,"url":"http:\/\/marburg.news\/?p=13872","url_meta":{"origin":19356,"position":2},"title":"Kunst-Kl\u00e4nge: Bilder-Dialog mit Albert Kaul","date":"22. September 2023","format":false,"excerpt":"\"Farb-Kl\u00e4nge\" hei\u00dft ein musikalischer Bilder-Dialog. Die Zeitreise mit Musik findet am Donnerstag (28. September) im Kunstmuseum statt. Die musikalische Dimension von Kunst der 1920er Jahre bringt Dr. Albert Kaul zum Klingen. Das tut er bei der n\u00e4chsten Veranstaltung in der Reihe \"Bilder-Dialoge\" am Donnerstag (28. September) um 18 Uhr im\u2026","rel":"","context":"In &quot;Bildung&quot;","img":{"alt_text":"","src":"","width":0,"height":0},"classes":[]},{"id":11456,"url":"http:\/\/marburg.news\/?p=11456","url_meta":{"origin":19356,"position":3},"title":"Ohne Geschenke: Spenden f\u00fcr &#8222;Weihnachten im Schuhkarton&#8220;","date":"13. Dezember 2022","format":false,"excerpt":"Die Stadt organisiert eine Spendenaktion f\u00fcr gefl\u00fcchtete Kinder. Sie hei\u00dft \"Weihnachten im Schuhkarton\". Jedes Jahr zu Weihnachten organisiert das \"Portal Mauerstra\u00dfe\" der Stadt Marburg Geschenke f\u00fcr gefl\u00fcchtete Kinder und Jugendliche in den Gemeinschaftsunterk\u00fcnften. Dieses Jahr unterst\u00fctzen die Mitarbeitenden von CSL Behring die Aktion mit vielen bunten Geschenkpaketen. Die Aktion geht\u2026","rel":"","context":"In &quot;Soziales&quot;","img":{"alt_text":"","src":"","width":0,"height":0},"classes":[]},{"id":14504,"url":"http:\/\/marburg.news\/?p=14504","url_meta":{"origin":19356,"position":4},"title":"Maximaler Anklang: Schulen pr\u00e4sentieren H\u00f6rgenuss im Advent","date":"30. November 2023","format":false,"excerpt":"Zum \"H\u00f6rgenuss im Advent\" l\u00e4dt der Landkreis Marburg-Biedenkopf auch in diesem Jahr wieder in die Lutherische Pfarrkirche ein. Sch\u00fclerinnen und Sch\u00fcler verschiedener Schulen gestalten das musikalische Programm. Unter dem Titel \"H\u00f6rgenuss im Advent\" pr\u00e4sentieren Sch\u00fclerinnen und Sch\u00fcler am Freitag (8. Dezember) in der Lutherischen Pfarrkirche St. Marien am Lutherischen Kirchhof\u2026","rel":"","context":"In &quot;Kultur&quot;","img":{"alt_text":"","src":"","width":0,"height":0},"classes":[]},{"id":6824,"url":"http:\/\/marburg.news\/?p=6824","url_meta":{"origin":19356,"position":5},"title":"Tierisch gut: Kaufen f\u00fcr Katzen und Hunde","date":"6. April 2021","format":false,"excerpt":"Den Tierheimen steht eine schwere Phase bevor. Mit dem Verkauf von Hunde- und Katzen-Broschen m\u00f6chte ein Marburger Startup das Tierheim in Cappel unterst\u00fctzen. Viele Menschen haben sich im Kampf gegen die Corona-Tristesse f\u00fcr ein Haustier entschieden. Zu erwarten ist jedoch, dass mit zunehmender Entspannung der Infektionslage die Auslastung der Tierheime\u2026","rel":"","context":"In &quot;Soziales&quot;","img":{"alt_text":"","src":"","width":0,"height":0},"classes":[]}],"_links":{"self":[{"href":"http:\/\/marburg.news\/index.php?rest_route=\/wp\/v2\/posts\/19356"}],"collection":[{"href":"http:\/\/marburg.news\/index.php?rest_route=\/wp\/v2\/posts"}],"about":[{"href":"http:\/\/marburg.news\/index.php?rest_route=\/wp\/v2\/types\/post"}],"author":[{"embeddable":true,"href":"http:\/\/marburg.news\/index.php?rest_route=\/wp\/v2\/users\/2"}],"replies":[{"embeddable":true,"href":"http:\/\/marburg.news\/index.php?rest_route=%2Fwp%2Fv2%2Fcomments&post=19356"}],"version-history":[{"count":0,"href":"http:\/\/marburg.news\/index.php?rest_route=\/wp\/v2\/posts\/19356\/revisions"}],"wp:attachment":[{"href":"http:\/\/marburg.news\/index.php?rest_route=%2Fwp%2Fv2%2Fmedia&parent=19356"}],"wp:term":[{"taxonomy":"category","embeddable":true,"href":"http:\/\/marburg.news\/index.php?rest_route=%2Fwp%2Fv2%2Fcategories&post=19356"},{"taxonomy":"post_tag","embeddable":true,"href":"http:\/\/marburg.news\/index.php?rest_route=%2Fwp%2Fv2%2Ftags&post=19356"}],"curies":[{"name":"wp","href":"https:\/\/api.w.org\/{rel}","templated":true}]}}