{"id":19350,"date":"2026-01-16T10:10:00","date_gmt":"2026-01-16T09:10:00","guid":{"rendered":"http:\/\/marburg.news\/?p=19350"},"modified":"2026-01-16T10:10:00","modified_gmt":"2026-01-16T09:10:00","slug":"katastrophenschutzzug-im-ernstfall-zaehlt-die-koordination","status":"publish","type":"post","link":"http:\/\/marburg.news\/?p=19350","title":{"rendered":"Katastrophenschutzzug: Im Ernstfall z\u00e4hlt die Koordination"},"content":{"rendered":"<p>F\u00fcr Hilfe und Sicherheit sorgt der Marburger Katastrophenschutzzug. Im Ernstfall z\u00e4hlt die Koordination. <!--more--><br \/>\nWenn Naturgewalten, Gro\u00dfbr\u00e4nde oder humanit\u00e4re Krisen die Region treffen, ist der Katastrophenschutzzug der Feuerwehr Marburg eine zentrale S\u00e4ule der Gefahrenabwehr. Neben der klassischen Brandbek\u00e4mpfung \u00fcbernimmt die Einheit Aufgaben, die weit \u00fcber den Alltag hinausgehen &#8211; und setzt dabei auf Technik, Teamgeist und die Unterst\u00fctzung der Bev\u00f6lkerung. Aber was ist eigentlich eine &#8222;Katastrophe&#8220;?<br \/>\nLaut Paragraph 24 des Hessischen Brand- und Katastrophenschutzgesetzes (HBKG) liegt eine Katastrophe vor, wenn Leben, Gesundheit oder die lebensnotwendige Versorgung der Bev\u00f6lkerung gef\u00e4hrdet sind und eine koordinierte Einsatzleitung erforderlich wird. Genau hier setzt der Katastrophenschutz an &#8211; mit spezialisierten Einheiten, klarer Struktur und schneller Reaktionsf\u00e4higkeit. Die Feuerwehr Marburg stellt einen von insgesamt 22 Katastrophenschutzz\u00fcgen im Landkreis Marburg-Biedenkopf.<br \/>\nGebildet wird er unter Aufsicht von Carmen Werner als Leiterin der Feuerwehr Marburg und des Fachdiensts Brandschutz. Er verf\u00fcgt \u00fcber Fahrzeuge an mehreren Standorten. Gef\u00fchrt wird die Einheit von Bj\u00f6rn Heinrich und seinem Team. Die 57 Mitglieder stammen aus verschiedenen Marburger Stadtteilen und treffen sich mindestens viermal j\u00e4hrlich zu gemeinsamen \u00dcbungen &#8211; in Theorie und Praxis.<br \/>\n&#8222;Der Katastrophenschutz in Marburg ist ein leuchtendes Beispiel f\u00fcr kompetentes B\u00fcrgerengagement: ein Zusammenspiel aus professioneller Einsatzbereitschaft und verantwortungsbewusster B\u00fcrgerschaft&#8220;, betonte Oberb\u00fcrgermeister Dr. Thomas Spies. &#8222;In Zeiten wachsender Herausforderungen ist diese Partnerschaft entscheidend f\u00fcr die Sicherheit unserer Stadt.&#8220;<br \/>\nDenn &#8222;die Einsatzbereitschaft erfolgt zus\u00e4tzlich zum eigentlichen Ehrenamt Feuerwehr&#8220;, wie Heinrich erkl\u00e4rte. Mitmachen k\u00f6nnen aktive Feuerwehrleute. Im Landkreis Marburg-Biedenkopf arbeiten alle Katastrophenschutzeinheiten und Hilfsorganisationen einschlie\u00dflich der Freiwilligen Feuerwehren unter der F\u00fchrung des Landrats als &#8222;Untere Katastrophenschutzbeh\u00f6rde&#8220; zusammen. Aufgabe der Unteren Katastrophenschutzbeh\u00f6rde ist die Aufstellung von Einheiten und Einrichtungen des Katastrophenschutzes mit der erforderlichen Ausstattung sowie die Aufstellung und Fortschreibung von Alarm- und Einsatzpl\u00e4nen, Katastrophen- und Sonderschutzpl\u00e4nen.<br \/>\nMit dem Einsatzleitwagen (ELW) wird im Ernstfall vor Ort eine F\u00fchrungsstelle aufgebaut &#8211; sie ist das R\u00fcckgrat der Koordination. Der Katastrophenschutzzug verf\u00fcgt \u00fcber Spezialfahrzeuge: Neben klassischen L\u00f6schfahrzeugen kommen Wechsellader mit Abrollbeh\u00e4ltern f\u00fcr Schl\u00e4uche und Gro\u00dfbeh\u00e4lter zum Einsatz.<br \/>\nDas ist eine Besonderheit in Marburg; weitere Wechselladerfahrzeuge und verschiedene Abrollbeh\u00e4lter sind beispielsweise in Stadtallendorf oder Biedenkopf stationiert. Sonderausstattungen sind au\u00dferdem eine Einsatzk\u00fcche mit ausgebildetem Koch, Hochleistungspumpen f\u00fcr Schmutzwasser und mobile Infrastruktur f\u00fcr Langzeiteins\u00e4tze.<br \/>\nDie Einheit wird regelm\u00e4\u00dfig bei Hochwasser, Sturmsch\u00e4den und Gro\u00dfbr\u00e4nden alarmiert &#8211; teilweise nach Weisung der Unteren Katastrophenschutzbeh\u00f6rde auch \u00fcber die Landkreisgrenzen hinaus. Besonders herausfordernd sind Eins\u00e4tze in l\u00e4ndlichen Gebieten mit eingeschr\u00e4nkter L\u00f6schwasserversorgung.<br \/>\nIn solchen F\u00e4llen kommt die Technik zur F\u00f6rderung \u00fcber lange Wegstrecken zum Einsatz, wie etwa beim Waldbrand in C\u00f6lbe-Sch\u00f6nstadt 2022. Auch in der humanit\u00e4ren Hilfe ist die Einheit aktiv, das war beispielsweise beim Aufbau des Impfzentrums w\u00e4hrend der Corona-Pandemie oder bei der Errichtung von Notunterk\u00fcnften f\u00fcr Gefl\u00fcchtete aus der Ukraine der Fall.<br \/>\nKlimawandel, geopolitische Spannungen und technologische Entwicklungen ver\u00e4ndern die Anforderungen an den Katastrophenschutz. Die Marburger Einheit reagiert mit kontinuierlicher Weiterbildung, enger Zusammenarbeit mit Bundeswehr und Technischem Hilfswerk (THW) sowie der Anpassung ihrer Ausr\u00fcstung. Die F\u00fchrung legt besonderen Wert auf die Weiterentwicklung der Strukturen &#8211; f\u00fcr eine einsatzbereite und zukunftsf\u00e4hige Einheit.<br \/>\n&#8222;Wir brauchen engagierte Menschen, die die Technik zum Einsatz bringen.&#8220;, unterstrich Landrat Jens Womelsdorf. &#8222;Eine gute Ausstattung- kombiniert mit gut ausgebildeten und motivierten Helferinnen und Helfern &#8211; sind f\u00fcr uns wesentliche Voraussetzungen f\u00fcr die erfolgreiche Arbeit des Katastrophenschutzes&#8220;, erkl\u00e4rte der Landrat.<br \/>\n&#8222;Einen Katastrophenschutzzug bereitzustellen, ist f\u00fcr uns keine l\u00e4stige Pflicht, sondern eine Selbstverst\u00e4ndlichkeit innerhalb unserer Feuerwehr Marburg. Aufgrund er aktuellen Weltlage ist dies wichtiger denn je&#8220;, betont Carmen Werner, Leiterin der Feuerwehr Marburg.<br \/>\nDoch ein effektiver Katastrophenschutz braucht nicht nur Profis &#8211; sondern auch eine vorbereitete Bev\u00f6lkerung. Das Bundesamt f\u00fcr Bev\u00f6lkerungsschutz und Katastrophenhilfe (BBK) empfiehlt Notvorr\u00e4te (Lebensmittel und Trinkwasser f\u00fcr mindestens drei Tage, Notfallgep\u00e4ck (Dokumente, Medikamente, Hygieneartikel griffbereit), alternative Energiequellen (Kerzen, Taschenlampen, batteriebetriebene Radios) und Warnsysteme &#8211; die Nina-App informiert \u00fcber aktuelle Gefahrenlagen. Weitere Informationen zur Selbstversorgung gibt es online unter <a href=\"http:\/\/www.bbk.bund.de\">www.bbk.bund.de<\/a>. Wer die Freiwillige Feuerwehr in Marburg oder den Katastrophenschutz selbst gerne unterst\u00fctzen m\u00f6chte, kann sich online an die <a href=\"http:\/\/www.feuerwehr-marburg.de\">Feuerwehr Marburg<\/a> wenden.<\/p>\n<p>* pm: Stadt Marburg<\/p>\n","protected":false},"excerpt":{"rendered":"<p>F\u00fcr Hilfe und Sicherheit sorgt der Marburger Katastrophenschutzzug. Im Ernstfall z\u00e4hlt die Koordination.<\/p>\n","protected":false},"author":2,"featured_media":0,"comment_status":"closed","ping_status":"open","sticky":false,"template":"","format":"standard","meta":{"advanced_seo_description":"","spay_email":"","jetpack_publicize_message":"","jetpack_is_tweetstorm":false,"jetpack_publicize_feature_enabled":true},"categories":[2,4],"tags":[4162,160,1157],"jetpack_featured_media_url":"","jetpack_publicize_connections":[],"jetpack_sharing_enabled":true,"jetpack_shortlink":"https:\/\/wp.me\/p8mhvd-526","jetpack-related-posts":[{"id":17643,"url":"http:\/\/marburg.news\/?p=17643","url_meta":{"origin":19350,"position":0},"title":"Herh\u00f6ren: Warnfahrzeuge und Drone in Marburg unterwegs","date":"11. M\u00e4rz 2025","format":false,"excerpt":"Warnfahrzeuge und Drohnen sind am landesweiten Warntag in Marburg unterwegs. Er findet am Donnerstag (13. M\u00e4rz) statt. Die Sirenen in den Ortsteilen und die Warn-Funktionen und Warn-Apps auf Mobiltelefonen werden am Donnerstag (13. M\u00e4rz) landesweit ausgel\u00f6st. Um 10.15 Uhr startet ein hessenweiter Probealarm und erklingt f\u00fcr jeweils eine Minute. In\u2026","rel":"","context":"In &quot;Soziales&quot;","img":{"alt_text":"","src":"","width":0,"height":0},"classes":[]},{"id":18903,"url":"http:\/\/marburg.news\/?p=18903","url_meta":{"origin":19350,"position":1},"title":"Neues Warnsystem: Sirenen ert\u00f6nen \u00f6fters in Marburg","date":"27. Oktober 2025","format":false,"excerpt":"Sirenen ert\u00f6nen vom 28. bis 30. Oktober \u00f6fter. Grund ist der Probelauf f\u00fcr ein neues Warnsystem. Um nahezu alle Menschen in Marburgs Innenstadt und in den Stadtteilen im Ernstfall vor Gefahren warnen zu k\u00f6nnen, hat die Stadt in den Ausbau des Sirenennetzes investiert. So wurden vorhandene Sirenen umgebaut und neue\u2026","rel":"","context":"In &quot;Politik&quot;","img":{"alt_text":"","src":"","width":0,"height":0},"classes":[]},{"id":16305,"url":"http:\/\/marburg.news\/?p=16305","url_meta":{"origin":19350,"position":2},"title":"Katastrophenalarm aus Kassel: Vierter bundesweiter Warntag am 12. September","date":"11. September 2024","format":false,"excerpt":"Der bundesweite Warntag am Donnerstag (12. September) ist eine Probe f\u00fcr den Ernstfall. Dabei werden M\u00f6glichkeiten zur Warnung der Bev\u00f6lkerung getestet. Der vierte bundesweite Warntag findet am Donnerstag (12. September) statt. Bei diesem Aktionstag von Bund, L\u00e4ndern und Kommunen werden die unterschiedlichen Mittel zur Warnung der Bev\u00f6lkerung erprobt. Ab 11\u2026","rel":"","context":"In &quot;Politik&quot;","img":{"alt_text":"","src":"","width":0,"height":0},"classes":[]},{"id":17610,"url":"http:\/\/marburg.news\/?p=17610","url_meta":{"origin":19350,"position":3},"title":"Einmal im Jahr: Landesweiter Warntag am 13. M\u00e4rz","date":"4. M\u00e4rz 2025","format":false,"excerpt":"Ein landesweiter Warntag findet am Donnerstag (13. M\u00e4rz) statt. Das hat die Stadt Marburg am Dienstag (4. M\u00e4rz) angek\u00fcndigt. Die Sirenen in den Ortsteilen und die Warn-Funktionen und Warn-Apps auf Mobiltelefonen werden am Donnerstag (13. M\u00e4rz) landesweit ausgel\u00f6st. Der hessenweite Probealarm startet um 10:15 Uhr. Ziel ist dabei, die technische\u2026","rel":"","context":"In &quot;Soziales&quot;","img":{"alt_text":"","src":"","width":0,"height":0},"classes":[]},{"id":19663,"url":"http:\/\/marburg.news\/?p=19663","url_meta":{"origin":19350,"position":4},"title":"Landesweit: Sirenen heulen in Hessen am 12. M\u00e4rz","date":"6. M\u00e4rz 2026","format":false,"excerpt":"Ein hessenweiter Warntag ist f\u00fcr Donnerstag (12. M\u00e4rz) geplant. Das hat die Stadt Marburg am Freitag (6. M\u00e4rz) mitgeteilt. Die Sirenen im gesamten Stadtgebiet sowie die Warn-Funktionen und Warn-Apps auf Mobiltelefonen werden am Donnerstag (12. M\u00e4rz) landesweit ausgel\u00f6st. Der hessenweite Probealarm startet um 10:01 Uhr. Sein Ziel ist, die technische\u2026","rel":"","context":"In &quot;Politik&quot;","img":{"alt_text":"","src":"","width":0,"height":0},"classes":[]},{"id":10960,"url":"http:\/\/marburg.news\/?p=10960","url_meta":{"origin":19350,"position":5},"title":"Lebensretter: Stadt wirbt f\u00fcr bessere Zufahrten in der Oberstadt","date":"20. Oktober 2022","format":false,"excerpt":"Die Marburger Oberstadt hat viele enge Gassen sowie Au\u00dfengastronomie und Lieferverkehr, die die Zufahrt im Notfall deutlich erschweren. Die Aktion \u201eDie Oberstadt macht Platz und rettet Leben\u201c will das verbessern. \u201eWenn Menschen in Not sind, z\u00e4hlt jede Sekunde.\u201c, erkl\u00e4rte Oberb\u00fcrgermeister Dr. Thomas Spies. \u201eDamit in der Marburger Oberstadt keine wertvollen\u2026","rel":"","context":"In &quot;Politik&quot;","img":{"alt_text":"","src":"","width":0,"height":0},"classes":[]}],"_links":{"self":[{"href":"http:\/\/marburg.news\/index.php?rest_route=\/wp\/v2\/posts\/19350"}],"collection":[{"href":"http:\/\/marburg.news\/index.php?rest_route=\/wp\/v2\/posts"}],"about":[{"href":"http:\/\/marburg.news\/index.php?rest_route=\/wp\/v2\/types\/post"}],"author":[{"embeddable":true,"href":"http:\/\/marburg.news\/index.php?rest_route=\/wp\/v2\/users\/2"}],"replies":[{"embeddable":true,"href":"http:\/\/marburg.news\/index.php?rest_route=%2Fwp%2Fv2%2Fcomments&post=19350"}],"version-history":[{"count":0,"href":"http:\/\/marburg.news\/index.php?rest_route=\/wp\/v2\/posts\/19350\/revisions"}],"wp:attachment":[{"href":"http:\/\/marburg.news\/index.php?rest_route=%2Fwp%2Fv2%2Fmedia&parent=19350"}],"wp:term":[{"taxonomy":"category","embeddable":true,"href":"http:\/\/marburg.news\/index.php?rest_route=%2Fwp%2Fv2%2Fcategories&post=19350"},{"taxonomy":"post_tag","embeddable":true,"href":"http:\/\/marburg.news\/index.php?rest_route=%2Fwp%2Fv2%2Ftags&post=19350"}],"curies":[{"name":"wp","href":"https:\/\/api.w.org\/{rel}","templated":true}]}}