{"id":19349,"date":"2026-01-15T18:17:06","date_gmt":"2026-01-15T17:17:06","guid":{"rendered":"http:\/\/marburg.news\/?p=19349"},"modified":"2026-01-15T18:17:06","modified_gmt":"2026-01-15T17:17:06","slug":"demokratiestaerkung-polizeipraesidium-mittelhessen-startet-pilotprojekt","status":"publish","type":"post","link":"http:\/\/marburg.news\/?p=19349","title":{"rendered":"Demokratiest\u00e4rkung: Polizeipr\u00e4sidium Mittelhessen startet Pilotprojekt"},"content":{"rendered":"<p>Mit Beginn des Jahres hat das Polizeipr\u00e4sidium Mittelhessen ein neues Pilotprojekt zur St\u00e4rkung demokratischer Werte innerhalb derPolizei gestartet. Es hei\u00dft &#8222;Demokratiepaten &#8211; Polizeischutz f\u00fcr die Demokratie&#8220;. <!--more--><br \/>\ndie Fortbildung und den Einsatz sogenannter &#8222;Demokratiepatinnen&#8220; und -paten. Ziel des Projekts ist, demokratische Haltung, historische Verantwortung und gesellschaftliche Dialogf\u00e4higkeit im polizeilichen Alltag gezielt zu f\u00f6rdern. Das Konzept &#8222;Demokratiepaten &#8211; Polizeischutz f\u00fcr die Demokratie&#8220; wurde urspr\u00fcnglich in Niedersachsen entwickelt und dort in enger Zusammenarbeit zwischen der Polizeiakademie Niedersachsen und dem bundesweit t\u00e4tigen Verein &#8222;Gegen Vergessen &#8211; f\u00fcr Demokratie&#8220;erfolgreich umgesetzt. Der Verein setzt sich seit Jahrzehnten f\u00fcr die Aufarbeitung der nationalsozialistischen und der SED-Diktatur sowie f\u00fcr die St\u00e4rkung demokratischer Werte in der Gegenwart ein. Zu seinen pr\u00e4genden Pers\u00f6nlichkeiten z\u00e4hlen unter anderem der fr\u00fchere Bundespr\u00e4sident Joachim Gauck.<br \/>\nNun wird anhand des Pilotprojekts dieser Ansatz erstmals in Hessen erprobt. Ein wesentlicher Erfolgsfaktor dabei ist die enge beh\u00f6rden\u00fcbergreifende und zivilgesellschaftliche Zusammenarbeit. Die Fortbildung der Beamtinnen und Beamten wird beh\u00f6rden\u00fcbergreifend in Kooperation mit der Polizeiakademie Niedersachsen sowie dem Verein &#8222;Gegen Vergessen &#8211; f\u00fcr Demokratie&#8220; durchgef\u00fchrt, der seine fachliche Expertise aus der Demokratiebildung und der historisch-politischen Aufarbeitung einbringt.<br \/>\nIm Polizeipr\u00e4sidium Mittelhessen wurden dazu zun\u00e4chst f\u00fcnf Polizeivollzugsbeamtinnen und -beamte ausgew\u00e4hlt, die die erste Fortbildungsrunde komplett durchlaufen haben. In der modularen Fortbildung setzen sich die Teilnehmenden intensiv mit ihrem demokratischen Selbstverst\u00e4ndnis, historisch-politischer Bildung, dem Umgang mit populistischen und demokratiefeindlichen Tendenzen sowie mit Projekt- und Netzwerkarbeit auseinander. Perspektivisch k\u00f6nnten hessenweit weitere Demokratiepatinnen und -paten qualifiziert werden.<br \/>\nDie ausgebildeten Demokratiepatinnen und -paten wirken k\u00fcnftig als Multiplikatorinnen und Multiplikatoren innerhalb der Beh\u00f6rde. Sie entwickeln eigenst\u00e4ndig Projekte und Veranstaltungsformate, die demokratische Kompetenzen st\u00e4rken, den offenen Austausch f\u00f6rdern und Themen wie Werteorientierung, Diversit\u00e4t, kulturelle Vielfalt sowie den professionellen Umgang mit Diskriminierung und gruppenbezogener Menschenfeindlichkeit in den Fokus r\u00fccken. Dabei geht es nicht nur um den Blick in die Geschichte, sondern ausdr\u00fccklich auch um aktuelle gesellschaftliche Herausforderungen und die Rolle der Polizei in einer pluralistischen Demokratie.<br \/>\nPolizeipr\u00e4sident Torsten Kr\u00fcckemeier unterstrich die Bedeutung des Pilotprojekts: &#8222;Der Schutz und die Verteidigung des Grundgesetzes sind der Kernauftrag unserer Polizei. In einer Zeit zunehmender gesellschaftlicher Polarisierung ist es mir ein Herzensanliegen, diesen Auftrag sichtbar zu st\u00e4rken. Demokratiepatinnen und -paten helfen uns als Polizei dabei, Haltung zu zeigen, Verantwortung zu reflektieren und den Dialog zu f\u00f6rdern &#8211; mit den B\u00fcrgerinnen und B\u00fcrgern ebenso wie innerhalb unserer eigenen Reihen.&#8220;<br \/>\nInnenminister Roman Poseck bekr\u00e4ftigte das Vorhaben: &#8222;Unsere Demokratie wird von den extremen Kr\u00e4ften unter Druck gesetzt. Sie ist keine Selbstverst\u00e4ndlichkeit, sondern sie muss t\u00e4glich gesch\u00fctzt, gelebt und weitergegeben werden. Daher ist die Demokratiebildung ein zentraler Baustein unserer Gesellschaft und auch f\u00fcr Polizei von besonderer Bedeutung. Ich unterst\u00fctze daher das Pilotprojekt der Demokratiepaten im Polizeipr\u00e4sidium Mittelhessen.&#8220;<br \/>\nDemokratieprojekte und Veranstaltungsformate wie historisch-politische Bildungsreisen &#8211; etwa zu Gedenkst\u00e4tten, in den Bundes- und Landtag oder zu Synagogen &#8211; ebenso wie Workshops unter anderem zur Aufarbeitung der NS- und der SED-Diktatur sowie deren staatliche Institutionen oder aber Gespr\u00e4chsformate mit Zeitzeugen schaffen Wissen, Empathie und Verantwortung. Sie seien &#8222;der richtige Weg, um sich fundiert mit unserer Geschichte und unseren Werten auseinanderzusetzen. Demokratiefeinde d\u00fcrfen in Hessen keinen N\u00e4hrboden finden; dem begegnen wir mit Aufkl\u00e4rung, Engagement und einem verl\u00e4sslichen Schutz der Demokratie.&#8220;<br \/>\nDas Pilotprojekt sieht er dabei als einen weiteren Baustein der polizeilichen Demokratiearbeit neben der &#8211; im September 2025 eingegangenen &#8211;<br \/>\n&#8222;Allianz f\u00fcr Demokratie&#8220; mit der Justus-Liebig-Universit\u00e4t Gie\u00dfen. Gemeinsam werden die gleichen \u00fcbergeordneten Ziele verfolgt: das sind die St\u00e4rkung demokratischer Werte, historischer Verantwortung und gesellschaftlicher Dialogf\u00e4higkeit. Im Rahmen der Allianz werden unter anderem gemeinsame Exkursionen von Polizeibeamtinnen und -beamten sowie angehenden Lehrkr\u00e4ften zu historischen Erinnerungsorten wie Auschwitz durchgef\u00fchrt, um die Auseinandersetzung mit den Verbrechen der nationalsozialistischen Diktatur und deren Bedeutung f\u00fcr staatliches Handeln in der Gegenwart zu vertiefen.<br \/>\nDas Pilotprojekt &#8222;Demokratiepaten &#8211; Polizeischutz f\u00fcr die Demokratie&#8220; erg\u00e4nzt diese Arbeit gezielt, indem es demokratische Bildung und Werteorientierung dauerhaft im polizeilichen Alltag verankert und so die bestehenden Aktivit\u00e4ten sinnvoll erweitert. Der Pilot bietet somit einen doppelten Mehrwert: Zum einen st\u00e4rkt es die dialogorientierte und wertebasierte Polizeiarbeit gegen\u00fcber den B\u00fcrgerinnen und B\u00fcrgern. Zum anderen f\u00f6rdert es die innere demokratische Resilienz der Organisation, indem Reflexionsf\u00e4higkeit, Fehlerkultur und professionelle Haltung gezielt unterst\u00fctzt werden. Die Demokratiepatinnen und -paten leisten damit einen wichtigen Beitrag zu einer offenen, lernenden und zukunftsf\u00e4higen Polizeikultur.<\/p>\n<p>* pm: Polizeipr\u00e4sidium Mittelhessen, Gie\u00dfen<\/p>\n","protected":false},"excerpt":{"rendered":"<p>Mit Beginn des Jahres hat das Polizeipr\u00e4sidium Mittelhessen ein neues Pilotprojekt zur St\u00e4rkung demokratischer Werte innerhalb derPolizei gestartet. Es hei\u00dft &#8222;Demokratiepaten &#8211; Polizeischutz f\u00fcr die Demokratie&#8220;.<\/p>\n","protected":false},"author":2,"featured_media":0,"comment_status":"closed","ping_status":"open","sticky":false,"template":"","format":"standard","meta":{"advanced_seo_description":"","spay_email":"","jetpack_publicize_message":"","jetpack_is_tweetstorm":false,"jetpack_publicize_feature_enabled":true},"categories":[2,4],"tags":[271,7296,16],"jetpack_featured_media_url":"","jetpack_publicize_connections":[],"jetpack_sharing_enabled":true,"jetpack_shortlink":"https:\/\/wp.me\/p8mhvd-525","jetpack-related-posts":[{"id":4611,"url":"http:\/\/marburg.news\/?p=4611","url_meta":{"origin":19349,"position":0},"title":"Auch 2020: Eintreten f\u00fcr Demokratie und B\u00fcrgerrechte","date":"12. Januar 2020","format":false,"excerpt":"Das Eintreten f\u00fcr Demokratie und B\u00fcrgerrechte ist auch 2020 Arbeitsschwerpunkt der Humanistischen Union (HU). Bei ihrem Neujahrsessen am Sonntag (12. Januar) hat die HU Marburg ihere Themen f\u00fcr das Neue Jahr festgelegt. Die Mahnwache am 10. Mai 2019 zum Jahrestag der B\u00fccherverbrennung soll 2020 in eine Informationsveranstaltung \u00fcber Widerstandsk\u00e4mpfer in\u2026","rel":"","context":"In &quot;Politik&quot;","img":{"alt_text":"","src":"","width":0,"height":0},"classes":[]},{"id":16454,"url":"http:\/\/marburg.news\/?p=16454","url_meta":{"origin":19349,"position":1},"title":"Am Polizeipr\u00e4sidium : Manfred Kaletsch in den Ruhestand verabschiedet","date":"27. September 2024","format":false,"excerpt":"Seinen Abteilungsdirektor Manfred Kaletsch hat das Polizeipr\u00e4sidium Mittelhessen am Freitag (20. September) in den Ruhestand verabschiedet. Zweimal hatte Kaletsch auch F\u00fchrungsaufgaben in Marburg wahrgenommen. Seinen letzten Dienst bei der hessischen Polizei hatte der Leiter der Abteilung Einsatz des Polizeipr\u00e4sidiums Mittelhessen am Freitag (20. September). Nach 42 Dienstjahren verabschiedete Polizeipr\u00e4sident Torsten\u2026","rel":"","context":"In &quot;Soziales&quot;","img":{"alt_text":"","src":"","width":0,"height":0},"classes":[]},{"id":18504,"url":"http:\/\/marburg.news\/?p=18504","url_meta":{"origin":19349,"position":2},"title":"Zum Auftakt des Sommers: Carina Lerch \u00fcbernimmt F\u00fchrungsfunktion der Polizei","date":"6. August 2025","format":false,"excerpt":"Mitte Juli hat Carina Lerch die Leitung der Abteilung Einsatz im Polizeipr\u00e4sidium Mittelhessen\u00fcbernommen. Sie ist die erste Frau, die diese F\u00fchrungsfunktion innehat. Die Abteilung Einsatz ist mit rund 2.000 Mitarbeitenden die personell gr\u00f6\u00dfte Organisationseinheit des Pr\u00e4sidiums. Die leitende Kriminaldirektorin verantwortet die operative Polizeiarbeit in den Landkreisen Gie\u00dfen, Wetterau, Marburg-Biedenkopf und\u2026","rel":"","context":"In &quot;Soziales&quot;","img":{"alt_text":"","src":"","width":0,"height":0},"classes":[]},{"id":16688,"url":"http:\/\/marburg.news\/?p=16688","url_meta":{"origin":19349,"position":3},"title":"Internet-Impuls: Die deutsche Verfassung und Europa","date":"21. Oktober 2024","format":false,"excerpt":"Einen digitalen Impulsvortrag \"Die deutsche Verfassung und Europa\" hat die Stadt am Montag (21. Oktober) angek\u00fcndigt. Er findet am Mittwoch (30. Oktober) vormittags im Internet statt. Das Jugendbildungswerk der Universit\u00e4tsstadt Marburg, die Jugendf\u00f6rderung des Landkreises Marburg-Biedenkopf und die Landesarbeitsgemeinschaft Kinder- und Jugendbeteiligung in Hessen laden f\u00fcr Mittwoch (30. Oktober) von\u2026","rel":"","context":"In &quot;Bildung&quot;","img":{"alt_text":"","src":"","width":0,"height":0},"classes":[]},{"id":18062,"url":"http:\/\/marburg.news\/?p=18062","url_meta":{"origin":19349,"position":4},"title":"F\u00fcr Sanktionsfrei: Helena Steinhaus erh\u00e4lt Leuchtfeuer 2025","date":"26. Mai 2025","format":false,"excerpt":"Helena Steinhaus erh\u00e4lt das \"Marburger Leuchtfeuer\" 2025. Die Preisverleihung findet am Donnerstag (12. Juni)) im Rathaus statt. Mit dem \"Marburger Leuchtfeuer f\u00fcr Soziale B\u00fcrgerrechte\" w\u00fcrdigen die Universit\u00e4tsstadt Marburg und die Humanistische Union (HU) das Eintreten von Helena Steinhaus f\u00fcr einen angstfreien Bezug von Sozialleistungen. Als Tochter einer alleinerziehenden Mutter hat\u2026","rel":"","context":"In &quot;Soziales&quot;","img":{"alt_text":"","src":"","width":0,"height":0},"classes":[]},{"id":17622,"url":"http:\/\/marburg.news\/?p=17622","url_meta":{"origin":19349,"position":5},"title":"Ein rundes Vorhaben: Marburg vernetzt sich bei Antidiskriminierungsarbeit","date":"6. M\u00e4rz 2025","format":false,"excerpt":"Marburg ist gut vernetzt. Mehr als 50 Personen haben sich f\u00fcr mehr Antidiskriminierungsarbeit in Mittelhessen zusammengetan. Die Stadt Marburg hat zu einem Netzwerktreffen der regionalen Antidiskriminierungsarbeit eingeladen. Mehr als 50 Personen sind in die Universit\u00e4tsstadt gekommen, um sich auszutauschen. Darunter war auch die hessische Landesantidiskriminierungsbeauftragte Berivan ?ekerci.\"Es ist von gr\u00f6\u00dfter\u2026","rel":"","context":"In &quot;Politik&quot;","img":{"alt_text":"","src":"","width":0,"height":0},"classes":[]}],"_links":{"self":[{"href":"http:\/\/marburg.news\/index.php?rest_route=\/wp\/v2\/posts\/19349"}],"collection":[{"href":"http:\/\/marburg.news\/index.php?rest_route=\/wp\/v2\/posts"}],"about":[{"href":"http:\/\/marburg.news\/index.php?rest_route=\/wp\/v2\/types\/post"}],"author":[{"embeddable":true,"href":"http:\/\/marburg.news\/index.php?rest_route=\/wp\/v2\/users\/2"}],"replies":[{"embeddable":true,"href":"http:\/\/marburg.news\/index.php?rest_route=%2Fwp%2Fv2%2Fcomments&post=19349"}],"version-history":[{"count":0,"href":"http:\/\/marburg.news\/index.php?rest_route=\/wp\/v2\/posts\/19349\/revisions"}],"wp:attachment":[{"href":"http:\/\/marburg.news\/index.php?rest_route=%2Fwp%2Fv2%2Fmedia&parent=19349"}],"wp:term":[{"taxonomy":"category","embeddable":true,"href":"http:\/\/marburg.news\/index.php?rest_route=%2Fwp%2Fv2%2Fcategories&post=19349"},{"taxonomy":"post_tag","embeddable":true,"href":"http:\/\/marburg.news\/index.php?rest_route=%2Fwp%2Fv2%2Ftags&post=19349"}],"curies":[{"name":"wp","href":"https:\/\/api.w.org\/{rel}","templated":true}]}}