{"id":19347,"date":"2026-01-15T16:19:16","date_gmt":"2026-01-15T15:19:16","guid":{"rendered":"http:\/\/marburg.news\/?p=19347"},"modified":"2026-01-15T16:19:16","modified_gmt":"2026-01-15T15:19:16","slug":"verkehrserziehung-sicher-zur-schule-in-der-dunklen-jahreszeit","status":"publish","type":"post","link":"http:\/\/marburg.news\/?p=19347","title":{"rendered":"Verkehrserziehung: Sicher zur Schule in der dunklen Jahreszeit"},"content":{"rendered":"<p>Mit der &#8222;&#8220;Aktion Gl\u00fchw\u00fcrmchen&#8220; hat die Polizei im Marburger Stadtteil Cyriaxweimar Kinder aufgekl\u00e4rt. Das Motto lautete dabei &#8222;Sicher zur Schule in der dunklen Jahreszeit&#8220;. <!--more--><br \/>\nIn der dunklen Jahreszeit sind die j\u00fcngsten Verkehrsteilnehmenden besonders gef\u00e4hrdet. Um auf die Gefahren im Stra\u00dfenverkehr aufmerksam zu machen und das Bewusstsein f\u00fcr die Bedeutung von Sichtbarkeit zu sch\u00e4rfen, f\u00fchrten Polizistinnen und Polizisten des Regionalen Verkehrsdienstes Marburg-Biedenkopf am Donnerstag (15. Januar) eine Kontroll- und Pr\u00e4ventionsaktion an der Grundschule Cyriaxweimar durch. Unter dem Motto &#8222;Gl\u00fchw\u00fcrmchen &#8211; Sicher zur Schule in der dunklen Jahreszeit&#8220; setzten die Beamtinnen und Beamten auf anschauliche und kindgerechte Aufkl\u00e4rung.<br \/>\nDie Verkehrspolizisten sprachen die Kinder auf ihrem Weg zur Schule an und thematisierten die Risiken von dunkler Kleidung und der damit verbundenen schlechten Sichtbarkeit. Sie erkl\u00e4rten den Sch\u00fclerinnen und Sch\u00fcler, wie wichtig es ist, in der dunklen Jahreszeit gut erkennbare Kleidung zu tragen &#8211; idealerweise reflektierende, wie etwa Jacken mit Reflektoren oder Warnwesten. Auf dem Schulhof standen zwei Puppen: Die Puppe &#8222;Ella&#8220; war dunkel gekleidet und nur schwer erkennbar, w\u00e4hrend die andere Puppe, &#8222;Florian&#8220;, in auff\u00e4llig leuchtender Kleidung zu sehen war.<br \/>\nDurch das gezielte Anleuchten der Puppen konnten die Kinder unmittelbar den Unterschied erkennen und nachvollziehen wie wichtig reflektierende Kleidung f\u00fcr die Sicherheit im Stra\u00dfenverkehr ist. Die Ordnungsh\u00fcter baten die Kinder, das zu Hause an ihre Eltern weiterzugeben. Im Anschluss besuchten die Verkehrspolizisten die Sch\u00fclerinnen und Sch\u00fcler in ihren Klassenr\u00e4umen und vertieften das Thema.<br \/>\nAu\u00dferdem erhielt jeder der jungen Verkehrsteilnehmenden einen reflektierenden Anh\u00e4nger in Form einer Hand sowie eine Informationsbrosch\u00fcre der Verkehrswacht, um k\u00fcnftig auf dem Schulweg &#8211; ganz nach dem Motto &#8222;Sichtbarkeit schafft Sicherheit&#8220; &#8211; besser erkennbar zu sein. Neben der Aufkl\u00e4rung wurden durch die Mitarbeitenden des Verkehrsdienstes Geschwindigkeitsmessungen im Bereich der Grundschule durchgef\u00fchrt. Au\u00dferdem \u00fcberpr\u00fcften sie die Parksituation rund um das Schulgel\u00e4nde und ahndeten bei Bedarf Verst\u00f6\u00dfe. An der Aktion nahmen unter anderem B\u00fcrgermeisterin Nadine Bernshausen, Kriminaldirektor Frank G\u00f6bel als Leiter der Polizeidirektion Marburg-Biedenkopf und Andreas D\u00fcding als Leiter der Verkehrsinspektion teil.<\/p>\n<p>* pm: Polizei Marburg<\/p>\n","protected":false},"excerpt":{"rendered":"<p>Mit der &#8222;&#8220;Aktion Gl\u00fchw\u00fcrmchen&#8220; hat die Polizei im Marburger Stadtteil Cyriaxweimar Kinder aufgekl\u00e4rt. Das Motto lautete dabei &#8222;Sicher zur Schule in der dunklen Jahreszeit&#8220;.<\/p>\n","protected":false},"author":2,"featured_media":0,"comment_status":"closed","ping_status":"open","sticky":false,"template":"","format":"standard","meta":{"advanced_seo_description":"","spay_email":"","jetpack_publicize_message":"","jetpack_is_tweetstorm":false,"jetpack_publicize_feature_enabled":true},"categories":[5,4],"tags":[5843,173,1090],"jetpack_featured_media_url":"","jetpack_publicize_connections":[],"jetpack_sharing_enabled":true,"jetpack_shortlink":"https:\/\/wp.me\/p8mhvd-523","jetpack-related-posts":[{"id":10685,"url":"http:\/\/marburg.news\/?p=10685","url_meta":{"origin":19347,"position":0},"title":"Warnende Westen: Schutz f\u00fcr Kinder auf Schulweg","date":"23. September 2022","format":false,"excerpt":"Die Stadt Marburg verteilt 500 Kinderwarnwesten an Schulanf\u00e4nger. Die Kinder sollen sicher zur Schule kommen. Die Sicherheit der Kinder auf dem Schulweg ist von gro\u00dfer Bedeutung. Damit die Schulanf\u00e4nger*innen gerade in der dunkleren Jahreszeit f\u00fcr alle Verkehrsteilnehmenden gut sichtbar sind, verteilt die Stadt Marburg in diesem Jahr insgesamt 500 Kinderwarnwesten\u2026","rel":"","context":"In &quot;Bildung&quot;","img":{"alt_text":"","src":"","width":0,"height":0},"classes":[]},{"id":6101,"url":"http:\/\/marburg.news\/?p=6101","url_meta":{"origin":19347,"position":1},"title":"Allt\u00e4glich Abstand: Kampagne der Stadt wirbt f\u00fcr 1,5 Meter","date":"1. Dezember 2020","format":false,"excerpt":"In leuchtendem Orange h\u00e4ngen neue Schilder an Laternenmasten in vielen Stra\u00dfen in der Innenstadt. Das gleiche Motiv findet sich auch auf vier Stadtbussen. Es zeigt einen Autofahrer, der einen Radfahrer \u00fcberholt und dabei die vorgeschriebenen 1,50 Meter Abstand einh\u00e4lt. Das ist seit 2020 in der Stra\u00dfenverkehrsordnung festgelegt. \"Was wir in\u2026","rel":"","context":"In &quot;Politik&quot;","img":{"alt_text":"","src":"","width":0,"height":0},"classes":[]},{"id":4700,"url":"http:\/\/marburg.news\/?p=4700","url_meta":{"origin":19347,"position":2},"title":"Bedrohungsopfer: Mann beleidigte M\u00e4dchen im Bus","date":"7. Februar 2020","format":false,"excerpt":"Drei Sch\u00fclerinnen im Alter von 10 bis 12 Jahren bedrohte und beleidigte ein Mann am Donnerstag (6. Februar) zwischen 7.30 und 7.45 Uhr. Zun\u00e4chst tat er das in einem Bus der Linie 4 und nach dem Aussteigen dann noch auf dem Weg vom Erwin-Piscator-Haus (EPH) zur Martin-Luther-Schule (MLS). Eine Zeugin\u2026","rel":"","context":"In &quot;Sonstiges&quot;","img":{"alt_text":"","src":"","width":0,"height":0},"classes":[]},{"id":17141,"url":"http:\/\/marburg.news\/?p=17141","url_meta":{"origin":19347,"position":3},"title":"Ins Gespr\u00e4ch kommen: Tee mit der Polizei am Richtsberg","date":"11. Dezember 2024","format":false,"excerpt":"Unter dem Titel \"Tee mit der Polizei\" waren Sicherheitskr\u00e4fte von Stadt und Land im Gespr\u00e4ch am Richtsberg. Sie wollten Ber\u00fchrungs\u00e4ngste abbauen. Wie sieht so ein Polizeiauto von innen aus? Welche Ausstattung hat es? Wann darf das Blaulicht eingesetzt werden? Welche Ausr\u00fcstung tragen Landespolizisten und Stadtpolizisten im Einsatz bei sich? Und\u2026","rel":"","context":"In &quot;Soziales&quot;","img":{"alt_text":"","src":"","width":0,"height":0},"classes":[]},{"id":7790,"url":"http:\/\/marburg.news\/?p=7790","url_meta":{"origin":19347,"position":4},"title":"Vorsicht am Schulanfang: Stadt verteilt Warnwesten an Kinder","date":"21. September 2021","format":false,"excerpt":"F\u00fcr mehr R\u00fccksicht und Sicherheit im Verkehr engagiert sich die Stadt Marburg. Sie verteilt Kinderwarnwesten f\u00fcr Schulanf\u00e4nger*innen. Das neue Schuljahr hat vor wenigen Wochen begonnen. Das ist eine Zeit, in der viele Kinder erstmals alleine unterwegs sind, wenn sie zu Fu\u00df zur Schule oder der Bushaltestelle gehen. Die Stadt Marburg\u2026","rel":"","context":"In &quot;Bildung&quot;","img":{"alt_text":"","src":"","width":0,"height":0},"classes":[]},{"id":14124,"url":"http:\/\/marburg.news\/?p=14124","url_meta":{"origin":19347,"position":5},"title":"Blickpunkt Auge: Wenn die Sehsch\u00e4rfe nachl\u00e4sst","date":"22. Oktober 2023","format":false,"excerpt":"Von Licht und Kontrasten handelt ein Vortrag am Donnerstag (9. November) in Marburg. Veranstalter ist das Beratungsprojekt \"Blickpunkt Auge\". \"Licht, Beleuchtung, Kontraste - Was ist wichtig bei nachlassender Sehsch\u00e4rfe?\" Dar\u00fcber informiert der Orthoptist Norbert Gorldt gemeinsam mit erfahrenen Blickpunkt-Auge-Beraterinnen aus Marburg des Blinden- und Sehbehindertenbunds in Hessen e. V. (BSBH).\u2026","rel":"","context":"In &quot;Soziales&quot;","img":{"alt_text":"","src":"","width":0,"height":0},"classes":[]}],"_links":{"self":[{"href":"http:\/\/marburg.news\/index.php?rest_route=\/wp\/v2\/posts\/19347"}],"collection":[{"href":"http:\/\/marburg.news\/index.php?rest_route=\/wp\/v2\/posts"}],"about":[{"href":"http:\/\/marburg.news\/index.php?rest_route=\/wp\/v2\/types\/post"}],"author":[{"embeddable":true,"href":"http:\/\/marburg.news\/index.php?rest_route=\/wp\/v2\/users\/2"}],"replies":[{"embeddable":true,"href":"http:\/\/marburg.news\/index.php?rest_route=%2Fwp%2Fv2%2Fcomments&post=19347"}],"version-history":[{"count":0,"href":"http:\/\/marburg.news\/index.php?rest_route=\/wp\/v2\/posts\/19347\/revisions"}],"wp:attachment":[{"href":"http:\/\/marburg.news\/index.php?rest_route=%2Fwp%2Fv2%2Fmedia&parent=19347"}],"wp:term":[{"taxonomy":"category","embeddable":true,"href":"http:\/\/marburg.news\/index.php?rest_route=%2Fwp%2Fv2%2Fcategories&post=19347"},{"taxonomy":"post_tag","embeddable":true,"href":"http:\/\/marburg.news\/index.php?rest_route=%2Fwp%2Fv2%2Ftags&post=19347"}],"curies":[{"name":"wp","href":"https:\/\/api.w.org\/{rel}","templated":true}]}}