{"id":19346,"date":"2026-01-15T14:43:20","date_gmt":"2026-01-15T13:43:20","guid":{"rendered":"http:\/\/marburg.news\/?p=19346"},"modified":"2026-01-15T14:43:20","modified_gmt":"2026-01-15T13:43:20","slug":"qualitaetssicherung-malte-krueger-in-akkreditierungsrat-berufen","status":"publish","type":"post","link":"http:\/\/marburg.news\/?p=19346","title":{"rendered":"Qualit\u00e4tssicherung: Malte Kr\u00fcger in Akkreditierungsrat berufen"},"content":{"rendered":"<p>Ein Marburger Theologe wurde in den &#8222;Akkreditierungsrat&#8220; berufen. Prof. Dr. Malte Kr\u00fcger vertritt die Philipps-Universit\u00e4t Marburg im zentralen Gremium der Qualit\u00e4tssicherung von Studium und Lehre. <!--more--><br \/>\nDer Akkreditierungsrat ist das zentrale Gremium zur Qualit\u00e4tssicherung von Studium und Lehre in Deutschland. Als \u00f6ffentlich-rechtliche Stiftung der 16 Bundesl\u00e4nder organisiert er die Akkreditierung von Studieng\u00e4ngen und Hochschulsystemen und tr\u00e4gt neben dem Wissenschaftsrat wesentlich zur Weiterentwicklung des deutschen Hochschulsystems bei. In dieses bundesweit bedeutende Gremium ist mit Beginn des Jahres 2026 Prof. Dr. Malte Kr\u00fcger vom Fachbereich Evangelische Theologie der Philipps-Universit\u00e4t Marburg als stellvertretendes Mitglied berufen worden. F\u00fcr die Jahre 2026 bis 2029 wurden die Mitglieder und stellvertretenden Mitglieder von der Hochschulrektorenkonferenz (HRK) und der Kultusministerkonferenz (KMK) bestellt.<br \/>\nKr\u00fcger bringt umfassende Erfahrung in hochschulpolitischen und strukturentwickelnden Fragen in den Akkreditierungsrat ein. Von 2023 bis 2025 war er Vorsitzender des Evangelisch-Theologischen Fakult\u00e4tentages, zudem leitete er von 2022 bis 2025 als Dekan den Marburger Fachbereich Evangelische Theologie. In dieser Zeit wirkte er ma\u00dfgeblich an der bundesweiten Reform des Studiums der Evangelischen Theologie mit. Unter seiner Verantwortung wurde in Marburg ein bundesweit innovativer Bachelorstudiengang konzipiert und erfolgreich akkreditiert; ein darauf aufbauender Masterstudiengang befindet sich derzeit in Vorbereitung.<br \/>\n&#8222;Ich freue mich, meine Expertise aus dem Prozess um die Reform des Theologiestudiums in einem neuen Rahmen einbringen zu k\u00f6nnen, der auch andere F\u00e4cher einschlie\u00dft und insgesamt auf die deutsche Hochschullandschaft bezogen ist&#8220;, erkl\u00e4rte Kr\u00fcger. &#8222;Dass mit meiner Berufung in den Akkreditierungsrat zudem der akademische Standort Marburg ber\u00fccksichtigt wird, halte ich f\u00fcr ein sch\u00f6nes und wichtiges Signal.&#8220;<br \/>\nDas sieht die Uni-Vizepr\u00e4sidentin Prof. Dr. Yvonne Zimmermann genauso: &#8222;Die Berufung von Prof. Dr. Malte Kr\u00fcger in den Akkreditierungsrat unterstreicht die hohe Expertise der Philipps-Universit\u00e4t Marburg in Fragen der Studiengangentwicklung und Qualit\u00e4tssicherung.&#8220;Kr\u00fcgers &#8222;Erfahrungen aus der Reform des Theologiestudiums und aus leitenden Funktionen auf Fachbereichs-<br \/>\nund Bundesebene werden wertvolle Impulse f\u00fcr die Arbeit des Akkreditierungsrates liefern &#8211; und zugleich die Perspektiven unserer Universit\u00e4t in die bundesweite Diskussion einbringen&#8220;.<\/p>\n<p>* pm: Philipps-Universit\u00e4t Marburg<\/p>\n","protected":false},"excerpt":{"rendered":"<p>Ein Marburger Theologe wurde in den &#8222;Akkreditierungsrat&#8220; berufen. Prof. Dr. Malte Kr\u00fcger vertritt die Philipps-Universit\u00e4t Marburg im zentralen Gremium der Qualit\u00e4tssicherung von Studium und Lehre.<\/p>\n","protected":false},"author":2,"featured_media":0,"comment_status":"closed","ping_status":"open","sticky":false,"template":"","format":"standard","meta":{"advanced_seo_description":"","spay_email":"","jetpack_publicize_message":"","jetpack_is_tweetstorm":false,"jetpack_publicize_feature_enabled":true},"categories":[7293],"tags":[7294,7295,11],"jetpack_featured_media_url":"","jetpack_publicize_connections":[],"jetpack_sharing_enabled":true,"jetpack_shortlink":"https:\/\/wp.me\/p8mhvd-522","jetpack-related-posts":[{"id":3442,"url":"http:\/\/marburg.news\/?p=3442","url_meta":{"origin":19346,"position":0},"title":"2 Tage Qualit\u00e4t: Praxistagung \u00fcber gute Lehre an Unis","date":"29. M\u00e4rz 2019","format":false,"excerpt":"Was macht einen Studiengang gut und attraktiv? Was ist das richtige Rezept, damit er im schnellen gesellschaftlichen Wandel gut und attraktiv bleibt? Das waren einige zentrale Fragen bei der \"Praxistagung Nachhaltige Qualit\u00e4tssicherung in Hochschulen\" an der Philipps-Universit\u00e4t. Rund 120 Qualit\u00e4tsmanagerinnen und Qualit\u00e4tsmanager von mehr als 50 deutschen Hochschulen tauschten sich\u2026","rel":"","context":"In &quot;Bildung&quot;","img":{"alt_text":"","src":"","width":0,"height":0},"classes":[]},{"id":1196,"url":"http:\/\/marburg.news\/?p=1196","url_meta":{"origin":19346,"position":1},"title":"6.000 Neue: Uni h\u00e4lt hohe Studierendenzahl stabil","date":"9. Oktober 2017","format":false,"excerpt":"\u00dcber 6.000 neue Studierende kommen zum Wintersemester nach Marburg. Das hat die Philipps-Universit\u00e4t am Montag (9. Oktober) angek\u00fcndigt. Als klassische Volluniversit\u00e4t bietet sie mit \u00fcber 100 Studieng\u00e4ngen - von Arch\u00e4ologie \u00fcber Medienwissenschaft bis Zahnmedizin - ein breites F\u00e4cherspektrum an. Von diesem vielseitigen Studienangebot hat die Universit\u00e4t weitere 6000 junge Menschen\u2026","rel":"","context":"In &quot;Bildung&quot;","img":{"alt_text":"","src":"","width":0,"height":0},"classes":[]},{"id":5684,"url":"http:\/\/marburg.news\/?p=5684","url_meta":{"origin":19346,"position":2},"title":"An\u00b4s Ganze: Evelyn Korn in Stiftungsvorstand berufen","date":"10. September 2020","format":false,"excerpt":"Prof. Dr. Evelyn Korn komplettiert den Vorstand der Stiftung \"Innovation in der Hochschullehre\". Bund und L\u00e4nder haben sie am Mittwoch (9. September) zum \"Vorstand Wissenschaft\" der Stiftung berufen. Insgesamt waren 23 Wissenschaftlerinnen und Wissenschaftler aller Hochschulformen nominiert. Damit ist der letzte Schritt zur Besetzung des dreik\u00f6pfigen Leitungsgremiums getan. Neben dem\u2026","rel":"","context":"In &quot;Bildung&quot;","img":{"alt_text":"","src":"","width":0,"height":0},"classes":[]},{"id":14825,"url":"http:\/\/marburg.news\/?p=14825","url_meta":{"origin":19346,"position":3},"title":"Mit M\u00f6glichkeiten: Friederike Pannewick in Wissenschaftsrat berufen","date":"29. Januar 2024","format":false,"excerpt":"Prof. Dr. Friederike Pannewick wurde in den Wissenschaftsrat berufen. Die Arabistin der Philipps-Universit\u00e4t wird Mitglied des wissenschaftspolitischen Beratungsgremiums. Die Professorin f\u00fcr Arabistik am Centrum f\u00fcr Nah- und Mittelost-Studien (CNMS) der Philipps-Universit\u00e4t ist von Bundespr\u00e4sident Frank-Walter Steinmeier in den Wissenschaftsrat berufen worden. Sie ist eines von sieben neuen Mitgliedern, deren dreij\u00e4hrige\u2026","rel":"","context":"In &quot;Bildung&quot;","img":{"alt_text":"","src":"","width":0,"height":0},"classes":[]},{"id":10124,"url":"http:\/\/marburg.news\/?p=10124","url_meta":{"origin":19346,"position":4},"title":"Berufene berufen: \u00d6zlem T\u00fcreci nun im Hochschulrat","date":"14. Juli 2022","format":false,"excerpt":"\u00d6zlem T\u00fcreci wird Mitglied im Hochschulrat der Philipps-Universit\u00e4t. Dort ist die BioNTech-Mitgr\u00fcnderin Nachfolgerin von Friedrich Bohl. Prof. Dr. \u00d6zlem T\u00fcreci wird Mitglied im Hochschulrat der Philipps-Universit\u00e4t. Dazu wurde in der j\u00fcngsten Sitzung des Senats der Universit\u00e4t Benehmen hergestellt. T\u00fcreci wurde vom Hessischen Ministerium f\u00fcr Wissenschaft und Kunst (HMWK) benannt. Die\u2026","rel":"","context":"In &quot;Bildung&quot;","img":{"alt_text":"Ehrenpromotion","src":"https:\/\/i0.wp.com\/marburg.news\/wp-content\/uploads\/2022\/05\/20220512_194023-01.jpeg?fit=1200%2C738&resize=350%2C200","width":350,"height":200},"classes":[]},{"id":5317,"url":"http:\/\/marburg.news\/?p=5317","url_meta":{"origin":19346,"position":5},"title":"Erneute Verlegung: Studierende loben digitale Lehre","date":"26. Juni 2020","format":false,"excerpt":"Ein hervorragendes Zwischenzeugnis erh\u00e4lt die Philipps-Universit\u00e4t in ersten Evaluationen zur digitalen Lehre im Sommersemester 2020. Sie sei flexibel in der Krise, sehr gut in der digitalen Welt Die Studierenden bewerten das bereitgestellte Lernmaterial und die zeitliche Flexibilit\u00e4t \u00fcberdurchschnittlich gut. Die Technik und die Barrierefreiheit schneidet sogar sehr gut ab. Technische\u2026","rel":"","context":"In &quot;Bildung&quot;","img":{"alt_text":"","src":"","width":0,"height":0},"classes":[]}],"_links":{"self":[{"href":"http:\/\/marburg.news\/index.php?rest_route=\/wp\/v2\/posts\/19346"}],"collection":[{"href":"http:\/\/marburg.news\/index.php?rest_route=\/wp\/v2\/posts"}],"about":[{"href":"http:\/\/marburg.news\/index.php?rest_route=\/wp\/v2\/types\/post"}],"author":[{"embeddable":true,"href":"http:\/\/marburg.news\/index.php?rest_route=\/wp\/v2\/users\/2"}],"replies":[{"embeddable":true,"href":"http:\/\/marburg.news\/index.php?rest_route=%2Fwp%2Fv2%2Fcomments&post=19346"}],"version-history":[{"count":0,"href":"http:\/\/marburg.news\/index.php?rest_route=\/wp\/v2\/posts\/19346\/revisions"}],"wp:attachment":[{"href":"http:\/\/marburg.news\/index.php?rest_route=%2Fwp%2Fv2%2Fmedia&parent=19346"}],"wp:term":[{"taxonomy":"category","embeddable":true,"href":"http:\/\/marburg.news\/index.php?rest_route=%2Fwp%2Fv2%2Fcategories&post=19346"},{"taxonomy":"post_tag","embeddable":true,"href":"http:\/\/marburg.news\/index.php?rest_route=%2Fwp%2Fv2%2Ftags&post=19346"}],"curies":[{"name":"wp","href":"https:\/\/api.w.org\/{rel}","templated":true}]}}