{"id":19345,"date":"2026-01-15T14:25:37","date_gmt":"2026-01-15T13:25:37","guid":{"rendered":"http:\/\/marburg.news\/?p=19345"},"modified":"2026-01-15T14:25:37","modified_gmt":"2026-01-15T13:25:37","slug":"vermoegensverteilung-soziale-und-kulturelle-infrastruktur-unter-druck-vermoegensverteilung-soziale-und-ku-lturelle-infrastruktur-unter-druck","status":"publish","type":"post","link":"http:\/\/marburg.news\/?p=19345","title":{"rendered":"Verm\u00f6gensverteilung: Soziale und kulturelle Infrastruktur unter Druck    Verm\u00f6gensverteilung: Soziale und ku lturelle Infrastruktur unter Druck"},"content":{"rendered":"<p>&#8222;Soziale und kulturelle Infrastruktur unter Druck?&#8220; lautet der Titel einer Podiumsdiskussion anl\u00e4sslich der Kommunalwahl am Sonntag (15. M\u00e4rz). Es handelt sich um eine gemeinsame Veranstaltung des KFZ Marburg und des DGB-Kreisverbands Marburg-Biedenkopf. <!--more--><br \/>\nStattfinden soll die Diskussionsveranstaltung am Mittwoch (4. Februar)um 19 Uhr im Kulturladen KFZ an der Biegenstra\u00dfe. Sie ist eine von mehreren Podiumsdiskussionen im Vorfeld der <a href=\"http:\/\/wahl.marburgviews.de\/2026\">Kommunalwahlen am 15. M\u00e4rz 2026<\/a> in Hessen. Die finanzielle Situation vieler Kommunen ist prek\u00e4r: Trotz der Mittel aus dem Sonderverm\u00f6gen drohen die Investitionen einzubrechen.<br \/>\nDas Defizit von St\u00e4dten, Gemeinden und Landkreisen belief sich im Jahr 2024 bundesweit auf gut 24 Milliarden Euro. Die kommunalen Spitzenverb\u00e4nde rechnen f\u00fcr die kommenden Jahre mit noch h\u00f6heren Fehlbetr\u00e4gen von \u00fcber 30 Milliarden Euro. Auch in Hessen \u00fcberstieg das kommunale Defizit des vergangenen Jahres mit fast drei Milliarden Euro das Minus in den Jahren nach der internationalen Finanz- und Wirtschaftskrise deutlich.<br \/>\nVor diesem Hintergrund wird auch in der Marburger Kommunalpolitik heftig \u00fcber den zuk\u00fcnftigen finanzpolitischen Kurs diskutiert. Welche Folgen hat das f\u00fcr die soziale und kulturelle Infrastruktur und die Arbeitsbedingungen in der Universit\u00e4tsstadt? Dar\u00fcber m\u00f6chten DGB und KFZ mit Vertretern der Marburger Stadtverordnetenversammlung vertretenen demokratischen Parteien und Wahlb\u00fcndnissen am Mittwoch (4. Februar) um 19 Uhr im KFZ diskutieren.<\/p>\n<p>* pm: DGB Kreisvergand Marburg-Biedenkopf<\/p>\n","protected":false},"excerpt":{"rendered":"<p>&#8222;Soziale und kulturelle Infrastruktur unter Druck?&#8220; lautet der Titel einer Podiumsdiskussion anl\u00e4sslich der Kommunalwahl am Sonntag (15. M\u00e4rz). Es handelt sich um eine gemeinsame Veranstaltung des KFZ Marburg und des DGB-Kreisverbands Marburg-Biedenkopf.<\/p>\n","protected":false},"author":2,"featured_media":0,"comment_status":"closed","ping_status":"open","sticky":false,"template":"","format":"standard","meta":{"advanced_seo_description":"","spay_email":"","jetpack_publicize_message":"","jetpack_is_tweetstorm":false,"jetpack_publicize_feature_enabled":true},"categories":[3,2,4],"tags":[86,2137,4398],"jetpack_featured_media_url":"","jetpack_publicize_connections":[],"jetpack_sharing_enabled":true,"jetpack_shortlink":"https:\/\/wp.me\/p8mhvd-521","jetpack-related-posts":[{"id":8931,"url":"http:\/\/marburg.news\/?p=8931","url_meta":{"origin":19345,"position":0},"title":"Welcome t(w)o: KfZ startet hybrides Videoformat f\u00fcr Kultur","date":"12. M\u00e4rz 2022","format":false,"excerpt":"Unter dem Titel \"Welcome t(w)o\" startet das KFZ ein Streaming-Kooperationsformat f\u00fcr Kulturschaffende. Das ist eine Antwort auf die fortdauernde Corona-Pandemie. Seit Anfang des Jahres 2022 bietet das KFZ, Kulturschaffenden in Marburg und Umgebung die M\u00f6glichkeit, die R\u00e4ume des Kulturladens KFZ an der Biegenstra\u00dfe und die dort vorhandene Technik zu nutzen,\u2026","rel":"","context":"In &quot;Kultur&quot;","img":{"alt_text":"","src":"","width":0,"height":0},"classes":[]},{"id":19735,"url":"http:\/\/marburg.news\/?p=19735","url_meta":{"origin":19345,"position":1},"title":"Seit drei Tagen: Stimmen zum Kommunalwahlergebnis in Marburg","date":"18. M\u00e4rz 2026","format":false,"excerpt":"Nadine Bernshausen ist die beliebteste Politikerin Marburgs. St\u00e4rkste Partei wurde bei der Kommunalwahl die CDU. Auf dem zweiten Platz hinter der CDU rangieren Die Gr\u00fcnen. Danach kommt die SPD auf Platz 3 und Die Linke auf em vierten Platz. So haben die Stimmberechtigten in Marburg am Sonntag (15. M\u00e4rz) bei\u2026","rel":"","context":"In &quot;Politik&quot;","img":{"alt_text":"","src":"","width":0,"height":0},"classes":[]},{"id":17289,"url":"http:\/\/marburg.news\/?p=17289","url_meta":{"origin":19345,"position":2},"title":"Auch im Parlament: Mentoringprogramm f\u00fcr Frauen in der Politik","date":"9. Januar 2025","format":false,"excerpt":"\"Frauen in die Politik\" hei\u00dft ein Mentoring-Programm der Stadt Marburg. Interessierte Frauen k\u00f6nnen sich daf\u00fcr jetzt bewerben. Erneut l\u00e4dt die Stadt Marburg zu einem Mentoring-Programm \"Frauen in die Politik\" ein. Das Mentoring-Programm will mehr Frauen f\u00fcr die Politik begeistern und dazu motivieren, auf den verschiedenen Ebenen der Kommunalpolitik die Stadt\u2026","rel":"","context":"In &quot;Bildung&quot;","img":{"alt_text":"","src":"","width":0,"height":0},"classes":[]},{"id":17338,"url":"http:\/\/marburg.news\/?p=17338","url_meta":{"origin":19345,"position":3},"title":"Bewerben: Christian-Meineke-Preis w\u00fcrdigt interkulturelles Engagement","date":"17. Januar 2025","format":false,"excerpt":"Bis Sonntag (23. Februar) k\u00f6nnen sich Interessierte f\u00fcr den Christian-Meineke-Preis bewerben. Er ist eine Auszeichnung f\u00fcr herausragendes Engagement f\u00fcr kulturelle Interaktion. Seit 2018 zeichnet der \"Christian-Meineke-Preis f\u00fcr kulturelle Interaktion\" herausragenden Einsatz f\u00fcr das soziale und friedliche gesellschaftliche Zusammenleben in Marburg aus. Nun wird der Preis erneut ausgeschrieben. Die Islamische Gemeinde\u2026","rel":"","context":"In &quot;Soziales&quot;","img":{"alt_text":"","src":"","width":0,"height":0},"classes":[]},{"id":4589,"url":"http:\/\/marburg.news\/?p=4589","url_meta":{"origin":19345,"position":4},"title":"Dank f\u00fcr Dienste: Kreis schreibt Sozialpreis 2020 aus","date":"4. Januar 2020","format":false,"excerpt":"Auch f\u00fcr das Jahr 2020 schreibt der Landkreis wieder den mit 3.000 Euro dotierten Sozialpreis aus. Vorschl\u00e4ge nimmt der Kreis bis Dienstag (31. M\u00e4rz) entgegen. Der Preis soll ein Zeichen des Dankes und der Anerkennung f\u00fcr beispielhaftes ehrenamtliches Handeln im sozialen Bereich sein. Das vielf\u00e4ltige soziale Engagement zahlreicher menschen im\u2026","rel":"","context":"In &quot;Soziales&quot;","img":{"alt_text":"","src":"","width":0,"height":0},"classes":[]},{"id":19309,"url":"http:\/\/marburg.news\/?p=19309","url_meta":{"origin":19345,"position":5},"title":"Einsatz f\u00fcr die Integration: Bewerben f\u00fcr Christian-Meineke-Preis","date":"7. Januar 2026","format":false,"excerpt":"Bis 15. Februar 2026 k\u00f6nnen sich Interessierte f\u00fcr den Christian-Meineke-Preis bewerben. Er ist eine Auszeichnung f\u00fcr herausragendes Engagement. Seit 2018 zeichnet der \"Christian-Meineke-Preis f\u00fcr kulturelle Interaktion\" herausragenden Einsatz f\u00fcr das soziale und friedliche gesellschaftliche Zusammenleben in Marburg aus. Nun wird der Preis erneut ausgeschrieben. Die Islamische Gemeinde Marburg und die\u2026","rel":"","context":"In &quot;Soziales&quot;","img":{"alt_text":"","src":"","width":0,"height":0},"classes":[]}],"_links":{"self":[{"href":"http:\/\/marburg.news\/index.php?rest_route=\/wp\/v2\/posts\/19345"}],"collection":[{"href":"http:\/\/marburg.news\/index.php?rest_route=\/wp\/v2\/posts"}],"about":[{"href":"http:\/\/marburg.news\/index.php?rest_route=\/wp\/v2\/types\/post"}],"author":[{"embeddable":true,"href":"http:\/\/marburg.news\/index.php?rest_route=\/wp\/v2\/users\/2"}],"replies":[{"embeddable":true,"href":"http:\/\/marburg.news\/index.php?rest_route=%2Fwp%2Fv2%2Fcomments&post=19345"}],"version-history":[{"count":0,"href":"http:\/\/marburg.news\/index.php?rest_route=\/wp\/v2\/posts\/19345\/revisions"}],"wp:attachment":[{"href":"http:\/\/marburg.news\/index.php?rest_route=%2Fwp%2Fv2%2Fmedia&parent=19345"}],"wp:term":[{"taxonomy":"category","embeddable":true,"href":"http:\/\/marburg.news\/index.php?rest_route=%2Fwp%2Fv2%2Fcategories&post=19345"},{"taxonomy":"post_tag","embeddable":true,"href":"http:\/\/marburg.news\/index.php?rest_route=%2Fwp%2Fv2%2Ftags&post=19345"}],"curies":[{"name":"wp","href":"https:\/\/api.w.org\/{rel}","templated":true}]}}