{"id":19344,"date":"2026-01-15T13:43:42","date_gmt":"2026-01-15T12:43:42","guid":{"rendered":"http:\/\/marburg.news\/?p=19344"},"modified":"2026-01-15T13:43:42","modified_gmt":"2026-01-15T12:43:42","slug":"verschwoerungserzaehlungen-katharina-nocun-referiert-im-ttz","status":"publish","type":"post","link":"http:\/\/marburg.news\/?p=19344","title":{"rendered":"Verschw\u00f6rungserz\u00e4hlungen: Katharina Nocun referiert im TTZ"},"content":{"rendered":"<p>Einen Vortrag zum Thema &#8222;Fake News und Verschw\u00f6rungserz\u00e4hlungen als Gefahr f\u00fcr die Demokratie&#8220; h\u00e4lt Katharina Nocun am Montag (9. Februar) im Technologie- und Tagungszentrum (TTZ). Er beginnt um um 19 Uhr in der Cafeteria. <!--more--><br \/>\n&#8222;. Verschw\u00f6rungstheorien verbreiten sich nicht nur im Netz wie Lauffeuer und sind schon lange kein Randph\u00e4nomen mehr. Die <a href=\"http:\/\/marburg.news\/?p=586\">Leuchtfeuer-Preistr\u00e4gerin Katharina Nocun<\/a> beschreibt, wie sich Menschen aus der Mitte der Gesellschaft durch Verschw\u00f6rungstheorien radikalisieren. Bereits die Nazis nutzten antisemitische Verschw\u00f6rungserz\u00e4hlungen, um den Holocaust zu legitimieren. Heute nutzen extreme Rechte Verschw\u00f6rungserz\u00e4hlungen, um das Vertrauen in die Demokratie auszuh\u00f6hlen.<br \/>\nNocun fragt: Welche Rolle spielen dabei die neue Medien? Wie k\u00f6nnen wir verdrehte Fakten aufdecken und uns vor Meinungsmache sch\u00fctzen? Und wie k\u00f6nnen wir andere Menschen davon \u00fcberzeugen, &#8222;den Kaninchenbau&#8220; ihres geschlossenen Weltbildes wieder zu verlassen?&#8220; Ihr Vortrag wird veranstaltet vom Verein &#8222;Kulturelle Aktion Marburg &#8211; Str\u00f6mungen&#8220; in Zusammenarbeit mit den &#8222;OMAS GEGEN RECHTS Marburg&#8220;.<\/p>\n<p>* pm: Omas gegen Rechts Marburg<\/p>\n","protected":false},"excerpt":{"rendered":"<p>Einen Vortrag zum Thema &#8222;Fake News und Verschw\u00f6rungserz\u00e4hlungen als Gefahr f\u00fcr die Demokratie&#8220; h\u00e4lt Katharina Nocun am Montag (9. Februar) im Technologie- und Tagungszentrum (TTZ). Er beginnt um um 19 Uhr in der Cafeteria.<\/p>\n","protected":false},"author":2,"featured_media":0,"comment_status":"closed","ping_status":"open","sticky":false,"template":"","format":"standard","meta":{"advanced_seo_description":"","spay_email":"","jetpack_publicize_message":"","jetpack_is_tweetstorm":false,"jetpack_publicize_feature_enabled":true},"categories":[5,2,4],"tags":[354,349,7292],"jetpack_featured_media_url":"","jetpack_publicize_connections":[],"jetpack_sharing_enabled":true,"jetpack_shortlink":"https:\/\/wp.me\/p8mhvd-520","jetpack-related-posts":[{"id":19473,"url":"http:\/\/marburg.news\/?p=19473","url_meta":{"origin":19344,"position":0},"title":"Am L\u00fcgen: Katharina Nocun \u00fcber Fake News als Gefahr f\u00fcr die Demokratie","date":"5. Februar 2026","format":false,"excerpt":"Einen Vortrag \u00fcber \"\"Fake News und Verschw\u00f6rungserz\u00e4hlungen als Gefahr f\u00fcr die Demokratie\" h\u00e4lt Katharina Nocun am Montag (9. Februar). Von 19 bis 21 Uhr spricht sie auf Einladung der \"Omas gegen Rechts\" im Technologie und Tagungszentrum (TTZ) im S\u00fcdviertel. Katharina Nocun ist Publizistin und Politikwissenschaftlerin. In ihrer Arbeit setzt sie\u2026","rel":"","context":"In &quot;Bildung&quot;","img":{"alt_text":"","src":"","width":0,"height":0},"classes":[]},{"id":19507,"url":"http:\/\/marburg.news\/?p=19507","url_meta":{"origin":19344,"position":1},"title":"Wahrheiten \u00fcber Unwahrheiten: Katharina Nocun zu L\u00fcgen und Verschw\u00f6rungsmythen","date":"10. Februar 2026","format":false,"excerpt":"\u00dcber \"Fake News und Verschw\u00f6rungserz\u00e4hlungen als Gefahr f\u00fcr die Demokratie\" sprach Katharina Nocun am Montag (9. Februar) im Technologie- und Tagungszentrum (TTZ). Eingeladen hatten die \"Omas gegen Rechts Marburg\" und die \"Kulturelle Aktion Marburg Str\u00f6mungen\". Gerechnet hatten die Veranstalterinnen mit gut 35 Besucherinnen und Besuchern. Gekommen waren am Montagabend aber\u2026","rel":"","context":"In &quot;Bildung&quot;","img":{"alt_text":"","src":"","width":0,"height":0},"classes":[]},{"id":502,"url":"http:\/\/marburg.news\/?p=502","url_meta":{"origin":19344,"position":2},"title":"Beim Anrechnen: Katharina Nocun erh\u00e4lt Leuchtfeuer 2017","date":"10. Mai 2017","format":false,"excerpt":"Katharina Nocun erh\u00e4lt das Marburger Leuchtfeuer 2017. Oberb\u00fcrgermeister Dr. Thomas Spies wird der 30-j\u00e4hrigen Campaignerin die Auszeichnung am Freitag (9. Juni) im Rahmen einer Feierstunde um 11 Uhr im Historischen Saal des Rathauses \u00fcberreichen. \"Mit dem Marburger Leuchtfeuer ehren wir Menschen, die sich f\u00fcr Soziale B\u00fcrgerrechte einsetzen\", erl\u00e4uterte Oberb\u00fcrgermeister Dr.\u2026","rel":"","context":"In &quot;Politik&quot;","img":{"alt_text":"Katharina Nocun","src":"https:\/\/i0.wp.com\/marburg.news\/wp-content\/uploads\/2017\/05\/MG_3832_1.jpg?fit=567%2C850&resize=350%2C200","width":350,"height":200},"classes":[]},{"id":1088,"url":"http:\/\/marburg.news\/?p=1088","url_meta":{"origin":19344,"position":3},"title":"Uns\u00e4glich reaktion\u00e4r: Katharina Nocun in der Thomaskirche zum Kleingedruckten der AfD","date":"8. September 2017","format":false,"excerpt":"\"Zum Kleingedruckten der AfD\" \u00e4u\u00dferte sich Katharina Nocun am Donnerstag (7. September) kritisch. Gut 30 Interessierte folgten in der Thomaskirche ihrem Vortrag \u00fcber \"Programm, Ziele, Politik\" der rechtskonservativen Partei. Eingeladen hatten die Tr\u00e4gerin des Marburger Leuchtfeuers f\u00fcr Soziale B\u00fcrgerrechte das B\u00fcrgernetzwerk f\u00fcr soziale Fragen (BSF), der Kulturladen KFZ und die\u2026","rel":"","context":"In &quot;Politik&quot;","img":{"alt_text":"","src":"https:\/\/i0.wp.com\/marburg.news\/wp-content\/uploads\/2017\/09\/Katascha.jpg?fit=1024%2C936&resize=350%2C200","width":350,"height":200},"classes":[]},{"id":586,"url":"http:\/\/marburg.news\/?p=586","url_meta":{"origin":19344,"position":4},"title":"Leuchtfeuer der Vielfalt: Karolin Schwarz w\u00fcrdigte Katharina Nocun","date":"10. Juni 2017","format":false,"excerpt":"Das Marburger Leuchtfeuer 2017 haben die Stadt Marburg und die Humanistische Union (HU) am Freitag (9. Juni) Katharina Nocun verliehen. Die politische Aktivistin w\u00fcrdigten sie damit als \"leuchtendes Beispiel f\u00fcr herausragenden ehrenamtlichen Einsatz zugunsten vielf\u00e4ltiger sozialer B\u00fcrgerrechte\". \"Nie wieder Faschismus, nie wieder Krieg\", fasste der HU-Regionalvorsitzende Franz-Josef Hanke das Motto\u2026","rel":"","context":"In &quot;Politik&quot;","img":{"alt_text":"","src":"https:\/\/i0.wp.com\/marburg.news\/wp-content\/uploads\/2017\/06\/preisverleihung-klein.jpg?fit=300%2C233&resize=350%2C200","width":350,"height":200},"classes":[]},{"id":12182,"url":"http:\/\/marburg.news\/?p=12182","url_meta":{"origin":19344,"position":5},"title":"Mit Aluhut: Online-Workshop &#8222;Make Facts great again&#8220;","date":"20. M\u00e4rz 2023","format":false,"excerpt":"\"Make Facts Great Again\" hei\u00dft ein Online-Workshop am Mittwoch (29. M\u00e4rz). Er findet im Rahmen der internationalen Wochen gegen Rassismus statt. Verschw\u00f6rungserz\u00e4hlungen und Falschnachrichten \"Fake News\" sind l\u00e4ngst kein Randgruppenph\u00e4nomen mehr, sondern haben nicht zuletzt durch die weltweite Krisenlage 2020 ihren Weg in die Mitte der Gesellschaft gefunden. Verschw\u00f6rungserz\u00e4hlungen bringen\u2026","rel":"","context":"In &quot;Bildung&quot;","img":{"alt_text":"","src":"","width":0,"height":0},"classes":[]}],"_links":{"self":[{"href":"http:\/\/marburg.news\/index.php?rest_route=\/wp\/v2\/posts\/19344"}],"collection":[{"href":"http:\/\/marburg.news\/index.php?rest_route=\/wp\/v2\/posts"}],"about":[{"href":"http:\/\/marburg.news\/index.php?rest_route=\/wp\/v2\/types\/post"}],"author":[{"embeddable":true,"href":"http:\/\/marburg.news\/index.php?rest_route=\/wp\/v2\/users\/2"}],"replies":[{"embeddable":true,"href":"http:\/\/marburg.news\/index.php?rest_route=%2Fwp%2Fv2%2Fcomments&post=19344"}],"version-history":[{"count":0,"href":"http:\/\/marburg.news\/index.php?rest_route=\/wp\/v2\/posts\/19344\/revisions"}],"wp:attachment":[{"href":"http:\/\/marburg.news\/index.php?rest_route=%2Fwp%2Fv2%2Fmedia&parent=19344"}],"wp:term":[{"taxonomy":"category","embeddable":true,"href":"http:\/\/marburg.news\/index.php?rest_route=%2Fwp%2Fv2%2Fcategories&post=19344"},{"taxonomy":"post_tag","embeddable":true,"href":"http:\/\/marburg.news\/index.php?rest_route=%2Fwp%2Fv2%2Ftags&post=19344"}],"curies":[{"name":"wp","href":"https:\/\/api.w.org\/{rel}","templated":true}]}}