{"id":19340,"date":"2026-01-14T17:42:21","date_gmt":"2026-01-14T16:42:21","guid":{"rendered":"http:\/\/marburg.news\/?p=19340"},"modified":"2026-01-14T17:42:21","modified_gmt":"2026-01-14T16:42:21","slug":"tempomacher-jugendlicher-fluechtete-mit-auto-vor-polizei","status":"publish","type":"post","link":"http:\/\/marburg.news\/?p=19340","title":{"rendered":"Tempomacher: Jugendlicher fl\u00fcchtete mit Auto vor Polizei"},"content":{"rendered":"<p>Ein 17-j\u00e4hriger Autofahrer ist in der Nacht zum Mittwoch (14. Januar) vor einer Marburger Polizeistreife gefl\u00fcchtet. Die Beamten wollten den VW Passat gegen 1.30 Uhr einer Kontrolle unterziehen. <!--more--><br \/>\nDer Kombi geriet im Bereich der Schwanallee in das Visier der Funkstreife. Als sie ihn zur Kontrolle aufforderte, missachtete der Jugendliche die Anhaltesignale. Er beschleunigte seinen Wagen und fl\u00fcchtete mit \u00fcberh\u00f6hter Geschwindigkeit in Richtung Universit\u00e4tsstra\u00dfe.<br \/>\nDabei fuhr er mehrfach \u00fcber den Mittelstreifen und geriet in den Gegenverkehr. Am Rudolphsplatz im Einm\u00fcndungsbereich der Stra\u00dfe &#8222;Am Gr\u00fcn&#8220; in die Universit\u00e4tsstra\u00dfe fuhr er \u00fcber eine rote Ampel und setzte seine Fahrt im Erlenring fort. Kurz vor der Kurt-Schumacher-Br\u00fccke bremste der Jugendliche seinen VW stark ab, um auf die Bundesstra\u00dfe 3 in Richtung Gie\u00dfen aufzufahren.<br \/>\nWegen seiner hohen Geschwindigkeit verpasste er die Auffahrt jedoch und verlor die Kontrolle \u00fcber den Kombi. Daraufhin kam er nach links von der Fahrbahn ab. Im weiteren Verlauf kollidierte der Wagen mit einer Lichtzeichenanlage, einem Verkehrsschild und der Leitplanke.<br \/>\nDer 17-j\u00e4hrige Fahrer aus dem Landkreis Marburg-Biedenkopf legte den Polizisten eine Bescheinigung f\u00fcr das Begleitete Fahre ab 17 Jahren vor. Somit ist er nicht im Besitz einer g\u00fcltigen Fahrerlaubnis. Er wurde bei dem Unfall leicht verletzt. Sein 13 Jahre alter Beifahrer, der ebenfalls aus dem Landkreis Marburg-Biedenkopf stammt, blieb unverletzt. Beide wurden ihren Erziehungsberechtigten \u00fcbergeben.<br \/>\nDen Blechschaden an dem Passat sch\u00e4tzt die Polizei auf etwa 8.000 Euro. Der Wagen war nicht mehr fahrbereit und musste abgeschleppt werden. Der Gesamtunfallschaden liegt bei mindestens 13.000 Euro. Der Jugendliche muss sich nun unter anderem wegen Verdachts des Fahrens ohne Fahrerlaubnis verantworten.<\/p>\n<p>* pm: Polizei Marburg<\/p>\n","protected":false},"excerpt":{"rendered":"<p>Ein 17-j\u00e4hriger Autofahrer ist in der Nacht zum Mittwoch (14. Januar) vor einer Marburger Polizeistreife gefl\u00fcchtet. Die Beamten wollten den VW Passat gegen 1.30 Uhr einer Kontrolle unterziehen.<\/p>\n","protected":false},"author":2,"featured_media":0,"comment_status":"closed","ping_status":"open","sticky":false,"template":"","format":"standard","meta":{"advanced_seo_description":"","spay_email":"","jetpack_publicize_message":"","jetpack_is_tweetstorm":false,"jetpack_publicize_feature_enabled":true},"categories":[6],"tags":[342,261,16],"jetpack_featured_media_url":"","jetpack_publicize_connections":[],"jetpack_sharing_enabled":true,"jetpack_shortlink":"https:\/\/wp.me\/p8mhvd-51W","jetpack-related-posts":[{"id":7949,"url":"http:\/\/marburg.news\/?p=7949","url_meta":{"origin":19340,"position":0},"title":"Vier Insassen: Vors\u00e4tzliche Unfallflucht auf dem Messeparkplatz","date":"15. Oktober 2021","format":false,"excerpt":"Nach einer leichten Kollision sprach die Fahrerin eines blauen Audi A3 den Fahrer des anderen Autos auf seinen Fahrstil und die Folge an. Statt seine Personalien anzugeben, antwortete der Fahrer, dass ja nichts passiert sei. Dann startete er seinen Wagen und fuhr weg. Noch schockiert vom Geschehen und Verhalten dachte\u2026","rel":"","context":"In &quot;Sonstiges&quot;","img":{"alt_text":"","src":"","width":0,"height":0},"classes":[]},{"id":13734,"url":"http:\/\/marburg.news\/?p=13734","url_meta":{"origin":19340,"position":1},"title":"Riskante Raserei: Motorrad fl\u00fcchtete vor Polizeikontrolle","date":"29. August 2023","format":false,"excerpt":"Ein Motorradfahrer fl\u00fcchtete am Dienstag (29. August) vor einer Polizeikontrolle. Dabei wendete er mit einem gef\u00e4hrlichen Man\u00f6ver auf der Kraftfahrstra\u00dfe. Dann fuhr er von Niederweimar aus als \"Geisterfahrer\" zur\u00fcck bis mindestens \"Marburg Mitte\". Die Fahndung nach dem Fahrer und dem Zweirad blieb in der Nacht erfolglos. Die - mit zwei\u2026","rel":"","context":"In &quot;Sonstiges&quot;","img":{"alt_text":"","src":"","width":0,"height":0},"classes":[]},{"id":11163,"url":"http:\/\/marburg.news\/?p=11163","url_meta":{"origin":19340,"position":2},"title":"Polizei folgt: Frau fuhr in M\u00fcllumladestation","date":"8. November 2022","format":false,"excerpt":"Die Flucht vor einer Polizeikontrolle endete f\u00fcr eine 28 Jahre alte Frau mit einem Verkehrsunfall und der Festnahme. Sie sa\u00df in einem Auto, das ihr nicht geh\u00f6rt. Derzeit hat sie keinen F\u00fchrerschein. Au\u00dferdem stand sie unter dem Einfluss von Amphetaminen. Bei dem Geschehen gab es keine Verletzten. In der Nacht\u2026","rel":"","context":"In &quot;Sonstiges&quot;","img":{"alt_text":"","src":"","width":0,"height":0},"classes":[]},{"id":1451,"url":"http:\/\/marburg.news\/?p=1451","url_meta":{"origin":19340,"position":3},"title":"Je oller, je doller: 82-j\u00e4hriger Fahrer demolierte bei Unfall vier Autos","date":"15. Dezember 2017","format":false,"excerpt":"Einen Verkehrsunfall verursachte ein 82 Jahre alter Autofahrer am Freitag (15. Dezember) in der J\u00e4gerstra\u00dfe. Gegen 9.50 Uhr besch\u00e4digte er mit seinem Auto vier parkende Fahrzeuge und zwei Verkehrszeichen. Ein zuf\u00e4llig anwesender Notarzt k\u00fcmmerte sich um den wohl schockierten Autofahrer. Ansonsten war er aber augenscheinlich unverletzt. Der Senior bog zun\u00e4chst\u2026","rel":"","context":"In &quot;Sonstiges&quot;","img":{"alt_text":"","src":"","width":0,"height":0},"classes":[]},{"id":1671,"url":"http:\/\/marburg.news\/?p=1671","url_meta":{"origin":19340,"position":4},"title":"Ausb\u00fcgeln oder ausb\u00fcxen: Erneut mehrere F\u00e4lle von Unfallflucht","date":"15. Februar 2018","format":false,"excerpt":"Zwei Sch\u00e4den k\u00f6nnten aufgrund der Spurenlage durch das selbe Auto entstanden sein. Vermutlich betr\u00e4gt der Schaden insgesamt mehrere Tausend Euro. Obwohl sie einige Meter voneinander entfernt liegen, sind die Unfallorte beide auf der Nesselbrunner Stra\u00dfe L3387. Betroffen sind die Grundst\u00fccke 10 und 2. Nach den Spuren verlor ein Autofahrer in\u2026","rel":"","context":"In &quot;Sonstiges&quot;","img":{"alt_text":"","src":"","width":0,"height":0},"classes":[]},{"id":19414,"url":"http:\/\/marburg.news\/?p=19414","url_meta":{"origin":19340,"position":5},"title":"Tat mit Rad: Funkstreife nahm fl\u00fcchtigen Fahrraddieb fest","date":"29. Januar 2026","format":false,"excerpt":"Eine Funkstreife nahm am Mittwoch (28. Januar) gegen 4.20 Uhr einen Fahrraddieb fest. Der 21-j\u00e4hrige Mann hatte vor einem Fitness-Studio an der Universit\u00e4tsstra\u00dfe ein schwarzes Pedelec gestohlen. Anschlie\u00dfend fuhr der Dieb damit davon. Als der Eigent\u00fcmer den Diebstahl bemerkte, ortete er sein Fahrrad. Er informierte die Polizei und gab dessen\u2026","rel":"","context":"In &quot;Sonstiges&quot;","img":{"alt_text":"","src":"","width":0,"height":0},"classes":[]}],"_links":{"self":[{"href":"http:\/\/marburg.news\/index.php?rest_route=\/wp\/v2\/posts\/19340"}],"collection":[{"href":"http:\/\/marburg.news\/index.php?rest_route=\/wp\/v2\/posts"}],"about":[{"href":"http:\/\/marburg.news\/index.php?rest_route=\/wp\/v2\/types\/post"}],"author":[{"embeddable":true,"href":"http:\/\/marburg.news\/index.php?rest_route=\/wp\/v2\/users\/2"}],"replies":[{"embeddable":true,"href":"http:\/\/marburg.news\/index.php?rest_route=%2Fwp%2Fv2%2Fcomments&post=19340"}],"version-history":[{"count":0,"href":"http:\/\/marburg.news\/index.php?rest_route=\/wp\/v2\/posts\/19340\/revisions"}],"wp:attachment":[{"href":"http:\/\/marburg.news\/index.php?rest_route=%2Fwp%2Fv2%2Fmedia&parent=19340"}],"wp:term":[{"taxonomy":"category","embeddable":true,"href":"http:\/\/marburg.news\/index.php?rest_route=%2Fwp%2Fv2%2Fcategories&post=19340"},{"taxonomy":"post_tag","embeddable":true,"href":"http:\/\/marburg.news\/index.php?rest_route=%2Fwp%2Fv2%2Ftags&post=19340"}],"curies":[{"name":"wp","href":"https:\/\/api.w.org\/{rel}","templated":true}]}}