{"id":19339,"date":"2026-01-14T16:19:17","date_gmt":"2026-01-14T15:19:17","guid":{"rendered":"http:\/\/marburg.news\/?p=19339"},"modified":"2026-01-14T16:19:17","modified_gmt":"2026-01-14T15:19:17","slug":"freizeitbetreuer-kreis-sucht-freiwillige-fuer-jugendarbeit","status":"publish","type":"post","link":"http:\/\/marburg.news\/?p=19339","title":{"rendered":"Freizeitbetreuer: Kreis sucht Freiwillige f\u00fcr Jugendarbeit"},"content":{"rendered":"<p>Der Landkreis sucht ehrenamtliche Betreuungskr\u00e4fte f\u00fcr Freizeiten. Dazu bietet er Informationsveranstaltungen f\u00fcr Interessierte im Januar und Februar an. <!--more--><br \/>\nAuch 2026 sucht der Landkreis Marburg-Biedenkopf mit seinem Fachdienst Jugendf\u00f6rderung engagierte ehrenamtliche Betreuerinnen und Betreuer f\u00fcr sein Freizeit- und Bildungsprogramm. Der Kreis bietet f\u00fcr Interessierte an zwei Terminen die M\u00f6glichkeit, sich \u00fcber die T\u00e4tigkeit zu informieren. Die Einsatzm\u00f6glichkeiten sind vielf\u00e4ltig und reichen von ein- oder zweiw\u00f6chigen Freizeiten \u00fcber mehrt\u00e4gige Bildungsfahrten bis hin zu Schulworkshops.<br \/>\nF\u00fcr die sogenannten &#8222;Teamerinnen&#8220; und &#8222;Teamer&#8220; bietet sich die Gelegenheit, Verantwortung zu \u00fcbernehmen, wertvolle Erfahrungen zu sammeln und neue Menschen kennenzulernen. Die T\u00e4tigkeit erm\u00f6glicht es den Ehrenamtlichen, sich auszuprobieren und eigene F\u00e4higkeiten in der Arbeit mit Kindern und Jugendlichen weiterzuentwickeln. Au\u00dferdem erhalten sie auch eine Aufwandsentsch\u00e4digung sowie die M\u00f6glichkeit, ihr Engagement als Praktikum anerkennen zu lassen.<br \/>\nDie Teamerinnen und Teamer sollten mindestens 18 Jahre alt, verantwortungsbewusst und neugierig auf unterschiedliche Menschen mit und ohne Beeintr\u00e4chtigungen sein. Interessierte haben die M\u00f6glichkeit, sich bei zwei Infoveranstaltungen zu informieren und Fragen zu stellen. Diese Veranstaltungen finden am Freitag (30. Januar) um 18 Uhr im Raum U057 des Landratsamts Marburg &#8222;Im Lichtenholz 60&#8220; und am Mittwoch (4. Februar) um 18 Uhr online als Webex-Videokonferenz statt. Die Teilnahme ist kostenlos. Mehr Infos sowie der Link zur Online-Veranstaltung sind unter <a href=\"https:\/\/www.marburg-biedenkopf.de\/jugend\">www.marburg-biedenkopf.de\/jugend<\/a> oder dem Direktlink <a href=\"https:\/\/www.marburg-biedenkopf.de\/soziales_und_gesundheit\/jugend\/teamersuche.php\">www.marburg-biedenkopf.de\/soziales_und_gesundheit\/jugend\/teamersuche.php<\/a>verf\u00fcgbar.<\/p>\n<p>* pm: Landkreis Marburg-Biedenkopf<\/p>\n","protected":false},"excerpt":{"rendered":"<p>Der Landkreis sucht ehrenamtliche Betreuungskr\u00e4fte f\u00fcr Freizeiten. Dazu bietet er Informationsveranstaltungen f\u00fcr Interessierte im Januar und Februar an.<\/p>\n","protected":false},"author":2,"featured_media":0,"comment_status":"closed","ping_status":"open","sticky":false,"template":"","format":"standard","meta":{"advanced_seo_description":"","spay_email":"","jetpack_publicize_message":"","jetpack_is_tweetstorm":false,"jetpack_publicize_feature_enabled":true},"categories":[5,4],"tags":[3293,1807,204],"jetpack_featured_media_url":"","jetpack_publicize_connections":[],"jetpack_sharing_enabled":true,"jetpack_shortlink":"https:\/\/wp.me\/p8mhvd-51V","jetpack-related-posts":[{"id":17296,"url":"http:\/\/marburg.news\/?p=17296","url_meta":{"origin":19339,"position":0},"title":"F\u00fcr Freizeiten: Landkreis sucht ehrenamtliche Betreuungskr\u00e4fte","date":"10. Januar 2025","format":false,"excerpt":"Der Landkreis sucht ehrenamtliche Betreuungskr\u00e4fte f\u00fcr Freizeiten. Infoveranstaltungen f\u00fcr Interessierte finden im Januar und Feburar statt. Auch 2025 sucht der Landkreis Marburg-Biedenkopf mit seinem Fachdienst Jugendf\u00f6rderung engagierte ehrenamtliche Betreuerinnen und Betreuer f\u00fcr sein Freizeit- und Bildungsprogramm. Die Einsatzm\u00f6glichkeiten sind vielf\u00e4ltig und reichen von ein- oder zweiw\u00f6chigen Freizeiten \u00fcber mehrt\u00e4gige Bildungsfahrten\u2026","rel":"","context":"In &quot;Bildung&quot;","img":{"alt_text":"","src":"","width":0,"height":0},"classes":[]},{"id":14834,"url":"http:\/\/marburg.news\/?p=14834","url_meta":{"origin":19339,"position":1},"title":"H\u00f6chst beliebt: Betreuer f\u00fcr Jugendfreizeiten gesucht","date":"30. Januar 2024","format":false,"excerpt":"Die Jugendf\u00f6rderung des Kreises sucht ehrenamtliche Betreuerinnen und Betreuer. Info-Veranstaltungen dazu gibt es im Februar und M\u00e4rz. Der Landkreis Marburg-Biedenkopf sucht wieder ehrenamtliche Betreuerinnen und Betreuer (Teamer) f\u00fcr sein Freizeit- und Bildungsprogramm. Im Februar und M\u00e4rz 2024 bietet der Kreis an insgesamt vier Terminen die M\u00f6glichkeit, sich unverbindlich \u00fcber die\u2026","rel":"","context":"In &quot;Bildung&quot;","img":{"alt_text":"","src":"","width":0,"height":0},"classes":[]},{"id":11687,"url":"http:\/\/marburg.news\/?p=11687","url_meta":{"origin":19339,"position":2},"title":"Betreuer gesucht: Mitmachen beim Jahresprogramm der Jugendf\u00f6rderung","date":"17. Januar 2023","format":false,"excerpt":"Der Kreis sucht Betreuungskr\u00e4fte f\u00fcr das Jahresprogramm der Jugendf\u00f6rderung. Dazu gibt es Informationsveranstaltungen am 3. und 15. Februar 2023. Der Landkreis Marburg-Biedenkopf sucht motivierte junge Menschen ab 18 Jahre, die ehrenamtlich als Betreuerinnen und Betreuer beim Jahresprogramm der Jugendf\u00f6rderung aktiv werden wollen. Dazu bietet der Landkreis zwei Informationsveranstaltungen an. Sie\u2026","rel":"","context":"In &quot;Bildung&quot;","img":{"alt_text":"","src":"","width":0,"height":0},"classes":[]},{"id":19455,"url":"http:\/\/marburg.news\/?p=19455","url_meta":{"origin":19339,"position":3},"title":"Unterweisung gegen Unwissenheit: Kreis bietet Schulung f\u00fcr Ehrenamtliche an","date":"4. Februar 2026","format":false,"excerpt":"Wie kann man Jugendliche im Umgang mit digitalen Medien unterst\u00fctzen? Dazu bietet der Kreis eine Schulung f\u00fcr interessierte Ehrenamtliche an. Eine Schulung f\u00fcr Interessierte, die Kinder und Jugendliche im sicheren und verantwortungsvollen Umgang mit digitalen Medien ehrenamtlich unterst\u00fctzen m\u00f6chten, bietet der Landkreis Marburg-Biedenkopf am Freitag (27. Februar) von 16 bis\u2026","rel":"","context":"In &quot;Bildung&quot;","img":{"alt_text":"","src":"","width":0,"height":0},"classes":[]},{"id":19358,"url":"http:\/\/marburg.news\/?p=19358","url_meta":{"origin":19339,"position":4},"title":"Jahresprogramm f\u00fcr Jugendliche: Kreis bietet zahlreiche Ferienfreizeiten an","date":"17. Januar 2026","format":false,"excerpt":"Der Kreis bietet ein spannendes Jahresprogramm f\u00fcr junge Menschen. Die Devise dabei lautet: \"Gemeinsam erleben, lernen und wachsen\". Auch 2026 bietet der Landkreis Marburg-Biedenkopf mit seiner Jugendf\u00f6rderung wieder ein abwechslungsreiches Programm mit Bildungs- und Freizeitangeboten an. Das Programm richtet sich an Kinder und Jugendliche verschiedener Altersgruppen und verbindet Lernen, Abenteuer\u2026","rel":"","context":"In &quot;Bildung&quot;","img":{"alt_text":"","src":"","width":0,"height":0},"classes":[]},{"id":17454,"url":"http:\/\/marburg.news\/?p=17454","url_meta":{"origin":19339,"position":5},"title":"Weniger Langeweile: Neues Jugendfreizeitprogrammn des Landkreises","date":"5. Februar 2025","format":false,"excerpt":"Die Jugendf\u00f6rderung des Kreises bietet wieder ein spannendes Jahresprogramm. Dabei k\u00f6nnen Jugengliche neue Erfahrungen sammeln, Gleichaltrige kennenlernen und sich ausprobieren. Auch 2025 bietet der Landkreis Marburg-Biedenkopf mit seiner Jugendf\u00f6rderung ein abwechslungsreiches Programm mit vielf\u00e4ltigen Angeboten. Es bietet jungen Menschen die Chance, sich auszuprobieren, neue Erfahrungen zu sammeln und Gleichaltrige kennenzulernen.\u2026","rel":"","context":"In &quot;Bildung&quot;","img":{"alt_text":"","src":"","width":0,"height":0},"classes":[]}],"_links":{"self":[{"href":"http:\/\/marburg.news\/index.php?rest_route=\/wp\/v2\/posts\/19339"}],"collection":[{"href":"http:\/\/marburg.news\/index.php?rest_route=\/wp\/v2\/posts"}],"about":[{"href":"http:\/\/marburg.news\/index.php?rest_route=\/wp\/v2\/types\/post"}],"author":[{"embeddable":true,"href":"http:\/\/marburg.news\/index.php?rest_route=\/wp\/v2\/users\/2"}],"replies":[{"embeddable":true,"href":"http:\/\/marburg.news\/index.php?rest_route=%2Fwp%2Fv2%2Fcomments&post=19339"}],"version-history":[{"count":0,"href":"http:\/\/marburg.news\/index.php?rest_route=\/wp\/v2\/posts\/19339\/revisions"}],"wp:attachment":[{"href":"http:\/\/marburg.news\/index.php?rest_route=%2Fwp%2Fv2%2Fmedia&parent=19339"}],"wp:term":[{"taxonomy":"category","embeddable":true,"href":"http:\/\/marburg.news\/index.php?rest_route=%2Fwp%2Fv2%2Fcategories&post=19339"},{"taxonomy":"post_tag","embeddable":true,"href":"http:\/\/marburg.news\/index.php?rest_route=%2Fwp%2Fv2%2Ftags&post=19339"}],"curies":[{"name":"wp","href":"https:\/\/api.w.org\/{rel}","templated":true}]}}