{"id":19338,"date":"2026-01-14T10:53:16","date_gmt":"2026-01-14T09:53:16","guid":{"rendered":"http:\/\/marburg.news\/?p=19338"},"modified":"2026-01-14T10:53:16","modified_gmt":"2026-01-14T09:53:16","slug":"schrittmacher-marburg-macht-mut-mit-future-skills","status":"publish","type":"post","link":"http:\/\/marburg.news\/?p=19338","title":{"rendered":"Schrittmacher: Marburg macht Mut mit Future Skills"},"content":{"rendered":"<p>Die Philipps-Universit\u00e4t sieht sich selber als &#8222;Schrittmacherin bei Future Skills in Studium und Lehre&#8220;. Prof. Dr. Kati Hannken-Illjes und Dr. Sebastian Dippelhofer wirkten am neuen Future-Skills-Framework 2030 des Stifterverbands mit. <!--more--><br \/>\nDie Philipps-Universit\u00e4t Marburg hat an der Entwicklung des neuen &#8222;Future-Skills-Framework 2030&#8220; des Stifterverbands f\u00fcr die deutsche Wissenschaft mitgewirkt. Beteiligt waren, als Co-Leiterin der Taskforce die fr\u00fchere Uni-Vizepr\u00e4sidentin Prof. Dr. Kati Hannken-Illjes und Dr. Sebastian Dippelhofer. Er ist wissenschaftlicher Leiter des Projekts &#8222;MarSkills&#8220;. Das bundesweit ausgerichtete Framework b\u00fcndelt 30 zentrale Zukunftskompetenzen, die Studierende in den kommenden f\u00fcnf Jahren f\u00fcr Studium, Beruf und gesellschaftliche Teilhabe ben\u00f6tigen. Es ist das Ergebnis eines rund einj\u00e4hrigen Arbeitsprozesses, an dem 50 Expertinnen und Experten aus Wissenschaft, Bildung, Wirtschaft, Zivilgesellschaft und Politik beteiligt waren.<br \/>\nAusgangspunkt des Frameworks sind zentrale Megatrends wie K\u00fcnstliche Intelligenz, Klimawandel, Digitalisierung, demokratische Kultur und Desinformation. Daraus leitet der Stifterverband f\u00fcnf Kompetenzbereiche ab &#8211;<br \/>\nvon grundlegenden Zukunftskompetenzen wie kritischem Denken und Kommunikationsf\u00e4higkeit \u00fcber transformative und gemeinschaftsorientierte Kompetenzen bis hin zu digitalen und technologischen F\u00e4higkeiten wie AI Literacy, Data Literacy, KI-Expertise und Cybersicherheit. Ziel ist dabei, Hochschulen und weiteren Bildungsakteuren eine fundierte Orientierung f\u00fcr die strategische Weiterentwicklung von Studium und Lehre zu geben.<br \/>\n&#8222;Studierende m\u00fcssen heute auf Herausforderungen vorbereitet werden, deren konkrete Auspr\u00e4gung wir noch gar nicht kennen&#8220;, betonte Hannken-Illjes. &#8222;Entscheidend ist, dass sie lernen, mit Unsicherheit produktiv umzugehen, ihr Wissen kritisch zu reflektieren und verantwortungsvoll einzusetzen &#8211; wissenschaftlich wie gesellschaftlich.&#8220;<br \/>\nDie Philipps-Universit\u00e4t sei hier gut aufgestellt: Viele der im Framework beschriebenen Future Skills w\u00fcrden bereits in der Lehre vermittelt. Das geschehe insbesondere im interdisziplin\u00e4ren Studienbereich &#8222;MarSkills&#8220;, der Raum f\u00fcr innovative Lehrformate und neue Bildungsans\u00e4tze bietet.<\/p>\n<p>* pm: Philipps-Universit\u00e4t Marburg<\/p>\n","protected":false},"excerpt":{"rendered":"<p>Die Philipps-Universit\u00e4t sieht sich selber als &#8222;Schrittmacherin bei Future Skills in Studium und Lehre&#8220;. Prof. Dr. Kati Hannken-Illjes und Dr. Sebastian Dippelhofer wirkten am neuen Future-Skills-Framework 2030 des Stifterverbands mit.<\/p>\n","protected":false},"author":2,"featured_media":0,"comment_status":"closed","ping_status":"open","sticky":false,"template":"","format":"standard","meta":{"advanced_seo_description":"","spay_email":"","jetpack_publicize_message":"","jetpack_is_tweetstorm":false,"jetpack_publicize_feature_enabled":true},"categories":[5],"tags":[7291,11,2797],"jetpack_featured_media_url":"","jetpack_publicize_connections":[],"jetpack_sharing_enabled":true,"jetpack_shortlink":"https:\/\/wp.me\/p8mhvd-51U","jetpack-related-posts":[{"id":8343,"url":"http:\/\/marburg.news\/?p=8343","url_meta":{"origin":19338,"position":0},"title":"Neues Pr\u00e4sidium: Vier Vizes f\u00fcr Uni gew\u00e4hlt","date":"9. Dezember 2021","format":false,"excerpt":"Vier neue Vizepr\u00e4sidentinnen und Vizepr\u00e4sidenten hat die Philipps-Universit\u00e4t gew\u00e4hlt. Das neue Vizepr\u00e4sidium besteht aus Evelyn Korn, Gert Bange, Kati Hannken-Illjes und Sabine Pankuweit. An der Philipps-Universit\u00e4t wurde am Mittwoch (8. Dezember) ein neues Vizepr\u00e4sidium gew\u00e4hlt. Zur Wahl standen Prof. Dr. Evelyn Korn f\u00fcr das neue hauptamtliche Vizepr\u00e4sidentenamt f\u00fcr \"Universit\u00e4tskultur und\u2026","rel":"","context":"In &quot;Bildung&quot;","img":{"alt_text":"","src":"","width":0,"height":0},"classes":[]},{"id":9709,"url":"http:\/\/marburg.news\/?p=9709","url_meta":{"origin":19338,"position":1},"title":"Fach an Fach: Neue Studienstruktur f\u00fcr Marburg","date":"30. Mai 2022","format":false,"excerpt":"Eine neue Studienstruktur soll an der Philipps-Universit\u00e4t individuelle F\u00e4cherkombinationen und mehr \u00fcberfachlichen Austausch erm\u00f6glichen. Sie wird zum Wintersemester 2022\/23 eingef\u00fchrt. \u201eMenschen, die wissbegierig und motiviert sind, etwas zu bewegen \u2013 das ist f\u00fcr uns die \u201aGeneration Marburg\u2018\u201c, sagte Universit\u00e4ts-Vizepr\u00e4sidentin Prof. Dr. Kati Hannken-Illjes. \u201eF\u00fcr diese Menschen ist die Philipps-Universit\u00e4t der\u2026","rel":"","context":"In &quot;Bildung&quot;","img":{"alt_text":"","src":"","width":0,"height":0},"classes":[]},{"id":7094,"url":"http:\/\/marburg.news\/?p=7094","url_meta":{"origin":19338,"position":2},"title":"ZukunftslehrProjekt: 2,5 Millionen Spende f\u00fcr Marburg-Modul","date":"25. Mai 2021","format":false,"excerpt":"Die Philipps-Universit\u00e4t hat 2,5 Millionen Euro f\u00fcr ihr innovatives Lehrprojekt \"Marburg Skills\" eingeworben. Es soll Studierende bereitmachen f\u00fcr die Welt von morgen. Was mache ich mit meinem Studium nach dem Studium? Diese Frage stellen sich viele Studierende bei ihrer Studienwahl, aber auch w\u00e4hrend des Studiums. Welches Studienfach auch immer -\u2026","rel":"","context":"In &quot;Bildung&quot;","img":{"alt_text":"","src":"","width":0,"height":0},"classes":[]},{"id":18998,"url":"http:\/\/marburg.news\/?p=18998","url_meta":{"origin":19338,"position":3},"title":"F\u00fcr Lehre: Uni l\u00e4dt zu kreativem Austausch ein","date":"10. November 2025","format":false,"excerpt":"Die Philipps-Universit\u00e4t feiert am Freitag (14. November) ihren \"Tag der Lehre\". Interessierte k\u00f6nnen dabei innovative Lehrkonzepte kennenlernen und herausragende Projekte feiern. Zum neunten Mal wird an der Philipps-Universit\u00e4t Marburg der \"Tag der Lehre\" gefeiert. Das ist ein wichtiger Termin im Kalender f\u00fcr alle Lehrenden, der nicht nur zum Austausch einl\u00e4dt,\u2026","rel":"","context":"In &quot;Bildung&quot;","img":{"alt_text":"","src":"","width":0,"height":0},"classes":[]},{"id":15671,"url":"http:\/\/marburg.news\/?p=15671","url_meta":{"origin":19338,"position":4},"title":"Offene Wege: 1,2 Millionen f\u00fcr Rekrutierung internationaler Studierender","date":"28. Mai 2024","format":false,"excerpt":"Neue Wege f\u00fcr internationale Studierende in die Berufst\u00e4tigkeit rekrutieren die Fachkr\u00e4fte von morgen. Das Projekt \"MarWay\" erh\u00e4lt daf\u00fcr 1,2 Millionen Euro. Der Fachkr\u00e4ftemangel betrifft auch akademische Arbeitskr\u00e4fte, ob in Medizin, IT oder Bildungssektor. Ein L\u00f6sungsweg k\u00f6nnen Fachkr\u00e4fte aus dem Ausland sein. Und sie sind oft bereits vor Ort an der\u2026","rel":"","context":"In &quot;Bildung&quot;","img":{"alt_text":"","src":"","width":0,"height":0},"classes":[]},{"id":5684,"url":"http:\/\/marburg.news\/?p=5684","url_meta":{"origin":19338,"position":5},"title":"An\u00b4s Ganze: Evelyn Korn in Stiftungsvorstand berufen","date":"10. September 2020","format":false,"excerpt":"Prof. Dr. Evelyn Korn komplettiert den Vorstand der Stiftung \"Innovation in der Hochschullehre\". Bund und L\u00e4nder haben sie am Mittwoch (9. September) zum \"Vorstand Wissenschaft\" der Stiftung berufen. Insgesamt waren 23 Wissenschaftlerinnen und Wissenschaftler aller Hochschulformen nominiert. Damit ist der letzte Schritt zur Besetzung des dreik\u00f6pfigen Leitungsgremiums getan. Neben dem\u2026","rel":"","context":"In &quot;Bildung&quot;","img":{"alt_text":"","src":"","width":0,"height":0},"classes":[]}],"_links":{"self":[{"href":"http:\/\/marburg.news\/index.php?rest_route=\/wp\/v2\/posts\/19338"}],"collection":[{"href":"http:\/\/marburg.news\/index.php?rest_route=\/wp\/v2\/posts"}],"about":[{"href":"http:\/\/marburg.news\/index.php?rest_route=\/wp\/v2\/types\/post"}],"author":[{"embeddable":true,"href":"http:\/\/marburg.news\/index.php?rest_route=\/wp\/v2\/users\/2"}],"replies":[{"embeddable":true,"href":"http:\/\/marburg.news\/index.php?rest_route=%2Fwp%2Fv2%2Fcomments&post=19338"}],"version-history":[{"count":0,"href":"http:\/\/marburg.news\/index.php?rest_route=\/wp\/v2\/posts\/19338\/revisions"}],"wp:attachment":[{"href":"http:\/\/marburg.news\/index.php?rest_route=%2Fwp%2Fv2%2Fmedia&parent=19338"}],"wp:term":[{"taxonomy":"category","embeddable":true,"href":"http:\/\/marburg.news\/index.php?rest_route=%2Fwp%2Fv2%2Fcategories&post=19338"},{"taxonomy":"post_tag","embeddable":true,"href":"http:\/\/marburg.news\/index.php?rest_route=%2Fwp%2Fv2%2Ftags&post=19338"}],"curies":[{"name":"wp","href":"https:\/\/api.w.org\/{rel}","templated":true}]}}