{"id":19335,"date":"2026-01-13T14:36:03","date_gmt":"2026-01-13T13:36:03","guid":{"rendered":"http:\/\/marburg.news\/?p=19335"},"modified":"2026-01-13T14:36:03","modified_gmt":"2026-01-13T13:36:03","slug":"vertretend-um-teilnahme-beim-hessentag-bewerben","status":"publish","type":"post","link":"http:\/\/marburg.news\/?p=19335","title":{"rendered":"Vertretend: Um Teilnahme beim Hessentag bewerben"},"content":{"rendered":"<p>Vereine und Gruppen aus dem Kreis k\u00f6nnen sich bis Dienstag (20. Februar) um eine Teilnahme beim Festzug zum 63. Hessentag in Fulda bewerben. Der Kreis unterst\u00fctzt Teilnehmende mit einem Zuschuss. <!--more--><br \/>\nInsgesamt drei Vereine oder Gruppen aus dem Landkreis Marburg-Biedenkopf haben die M\u00f6glichkeit, am Sonntag (21. Juni) am Hessentags-Festzug in Fulda teilzunehmen. Der Kreis sowie die Hessische Staatskanzlei unterst\u00fctzen die Teilnehmenden finanziell. Interessierte k\u00f6nnen sich bis Dienstag (20. Februar) beim Kreis daf\u00fcr bewerben.<br \/>\nDer Hessentag findet in diesem Jahr vom 12. Juni bis zum 21. Juni in Fulda statt. Der Festzug steht unter dem Motto &#8222;Hessen erleben&#8220;. Die Festzugordnung sowie weitere organisatorische Hinweise finden sich auf der Homepage des Kreises unter <a href=\"https:\/\/www.marburg-biedenkopf.de\/hessentag\">www.marburg-biedenkopf.de\/hessentag<\/a>.<br \/>\nDer Landkreis Marburg-Biedenkopf unterst\u00fctzt die teilnehmenden Vereine und Gruppen mit einem Zuschuss von jeweils 300 Euro. Zudem gibt es noch eine finanzielle Zuwendung von der Hessischen Staatskanzlei von 250 Euro. Bewerbungen k\u00f6nnen per E-Mail an kultur@marburg-biedenkopf.de gesandt werden.<\/p>\n<p>* pm: Landkreis Marburg-Biedenkopf<\/p>\n","protected":false},"excerpt":{"rendered":"<p>Vereine und Gruppen aus dem Kreis k\u00f6nnen sich bis Dienstag (20. Februar) um eine Teilnahme beim Festzug zum 63. Hessentag in Fulda bewerben. Der Kreis unterst\u00fctzt Teilnehmende mit einem Zuschuss.<\/p>\n","protected":false},"author":2,"featured_media":0,"comment_status":"closed","ping_status":"open","sticky":false,"template":"","format":"standard","meta":{"advanced_seo_description":"","spay_email":"","jetpack_publicize_message":"","jetpack_is_tweetstorm":false,"jetpack_publicize_feature_enabled":true},"categories":[3],"tags":[7290,4667,139],"jetpack_featured_media_url":"","jetpack_publicize_connections":[],"jetpack_sharing_enabled":true,"jetpack_shortlink":"https:\/\/wp.me\/p8mhvd-51R","jetpack-related-posts":[{"id":15594,"url":"http:\/\/marburg.news\/?p=15594","url_meta":{"origin":19335,"position":0},"title":"Volksfestmarathon: Kreis schickt vier Gruppen zum Hessentag","date":"15. Mai 2024","format":false,"excerpt":"Vier Gruppen pr\u00e4sentieren den Kreis beim Hessentagsfestzug in Fritzlar. Ihr Spektrum reicht von der B\u00fcrgergarde bis zum Volkstanz. Beim Hessentag 2024 repr\u00e4sentieren sie besondere Vielfalt aus dem Landkreis Marburg-Biedenkopf. Am Sonntag (2. Juni) vertreten die Kurhessische B\u00fcrgergarde Kirchhain, die Kolpinggarde Neustadt (Hessen), der Volkstanz- und Trachtenkreis Sterzhausen und der TV\u2026","rel":"","context":"In &quot;Kultur&quot;","img":{"alt_text":"","src":"","width":0,"height":0},"classes":[]},{"id":14836,"url":"http:\/\/marburg.news\/?p=14836","url_meta":{"origin":19335,"position":1},"title":"H\u00f6chst begl\u00fcckt: Magistrat bezuschusst Teilnahme am Hessentag","date":"30. Januar 2024","format":false,"excerpt":"Die Universit\u00e4tsstadt Marburg bezuschusst Fahrtkosten einer teilnehmenden Gruppe beim 61. Hessentag. Die Anmeldung ist bis Dienstag (13. Februar) m\u00f6glich. Beim Festzug auf dem Hessentag kann auch in diesem Jahr wieder ein Verein oder eine Gruppe die Universit\u00e4tsstadt Marburg vertreten. Interessierte k\u00f6nnen sich daf\u00fcr beim Magistrat bewerben.Der Hessentag findet in diesem\u2026","rel":"","context":"In &quot;Kultur&quot;","img":{"alt_text":"","src":"","width":0,"height":0},"classes":[]},{"id":19316,"url":"http:\/\/marburg.news\/?p=19316","url_meta":{"origin":19335,"position":2},"title":"Melden zum Mitlaufen: Teilnahme am Festumzug beim Hessentag","date":"8. Januar 2026","format":false,"excerpt":"Eine Teilnahme am Festzug des 63. Hessentags erm\u00f6glicht der Magistrat Brauchtumsgruppen aus Marburg. Daf\u00fcr m\u00fcssen sie sich bis Samstag (31. Januar) anmelden. Der Magistrat der Universit\u00e4tsstadt Marburg bietet einem Verein beziehungsweise einer Gruppe die M\u00f6glichkeit, am Festzug auf dem Hessentag in Fulda teilzunehmen. Der Hessentag findet in diesem Jahr vom\u2026","rel":"","context":"In &quot;Kultur&quot;","img":{"alt_text":"","src":"","width":0,"height":0},"classes":[]},{"id":11536,"url":"http:\/\/marburg.news\/?p=11536","url_meta":{"origin":19335,"position":3},"title":"Marburger bewerben: Gruppen beim festzug am Hessentag","date":"29. Dezember 2022","format":false,"excerpt":"Der 60. Hessentag findet 2023 in Pfungstadt statt. Bis Freitag (20. Januar) k\u00f6nnen sich Interessierte anmelden und am Festzug teilnehmen. Der Magistrat der Universit\u00e4tsstadt Marburg weist auf den bevorstehenden 60. Hessentag hin und bietet einem Verein oder einer Gruppe die M\u00f6glichkeit, am Festzug teilzunehmen. Der Hessentagsfestzug findet am Sonntag (11.\u2026","rel":"","context":"In &quot;Kultur&quot;","img":{"alt_text":"","src":"","width":0,"height":0},"classes":[]},{"id":17160,"url":"http:\/\/marburg.news\/?p=17160","url_meta":{"origin":19335,"position":4},"title":"Als Gruppe kommen: Stadt bezuschusst Teilnahme beim Hessentag in Bad Vilbel","date":"11. Dezember 2024","format":false,"excerpt":"Die Stadt bezuschusst eine Teilnahme am Festzug des 62. Hessentags. Bis zum 31. Januar 2025 k\u00f6nnen sich Interessierte anmelden. Der Magistrat der Universit\u00e4tsstadt Marburg informiert \u00fcber den bevorstehenden Hessentag in Bad Vilbel. Auch 2025 bietet er einem Verein beziehungsweise einer Gruppe die M\u00f6glichkeit, am Festzug teilzunehmen. Der Festzug findet am\u2026","rel":"","context":"In &quot;Kultur&quot;","img":{"alt_text":"","src":"","width":0,"height":0},"classes":[]},{"id":9106,"url":"http:\/\/marburg.news\/?p=9106","url_meta":{"origin":19335,"position":5},"title":"Ausgeschrieben: Vorschl\u00e4ge zum Ubbelohde-Preis bis 15. April","date":"28. M\u00e4rz 2022","format":false,"excerpt":"Den Otto-Ubbelohde-Preis verleiht Der Landkreis Marburg-Biedenkopf auch 2022 wieder. Er ist die h\u00f6chste Kulturauszeichnung des Kreises. Mit diesem Preis zeichnet der Kreis Einzelpersonen, Gruppen oder Vereine aus dem Landkreis f\u00fcr vielf\u00e4ltiges Engagement auf dem Kultursektor aus. Verliehen wird er im Herbst. Bis zu drei Auszeichnungen werden j\u00e4hrlich vergeben, die jeweils\u2026","rel":"","context":"In &quot;Kultur&quot;","img":{"alt_text":"","src":"","width":0,"height":0},"classes":[]}],"_links":{"self":[{"href":"http:\/\/marburg.news\/index.php?rest_route=\/wp\/v2\/posts\/19335"}],"collection":[{"href":"http:\/\/marburg.news\/index.php?rest_route=\/wp\/v2\/posts"}],"about":[{"href":"http:\/\/marburg.news\/index.php?rest_route=\/wp\/v2\/types\/post"}],"author":[{"embeddable":true,"href":"http:\/\/marburg.news\/index.php?rest_route=\/wp\/v2\/users\/2"}],"replies":[{"embeddable":true,"href":"http:\/\/marburg.news\/index.php?rest_route=%2Fwp%2Fv2%2Fcomments&post=19335"}],"version-history":[{"count":0,"href":"http:\/\/marburg.news\/index.php?rest_route=\/wp\/v2\/posts\/19335\/revisions"}],"wp:attachment":[{"href":"http:\/\/marburg.news\/index.php?rest_route=%2Fwp%2Fv2%2Fmedia&parent=19335"}],"wp:term":[{"taxonomy":"category","embeddable":true,"href":"http:\/\/marburg.news\/index.php?rest_route=%2Fwp%2Fv2%2Fcategories&post=19335"},{"taxonomy":"post_tag","embeddable":true,"href":"http:\/\/marburg.news\/index.php?rest_route=%2Fwp%2Fv2%2Ftags&post=19335"}],"curies":[{"name":"wp","href":"https:\/\/api.w.org\/{rel}","templated":true}]}}