{"id":19332,"date":"2026-01-13T12:46:33","date_gmt":"2026-01-13T11:46:33","guid":{"rendered":"http:\/\/marburg.news\/?p=19332"},"modified":"2026-01-13T12:46:33","modified_gmt":"2026-01-13T11:46:33","slug":"verheerend-warum-ich-niemals-fuer-ein-land-kaempfen-wuerde","status":"publish","type":"post","link":"http:\/\/marburg.news\/?p=19332","title":{"rendered":"Verheerend: Warum ich niemals f\u00fcr ein Land k\u00e4mpfen w\u00fcrde"},"content":{"rendered":"<p>&#8222;Warum ich niemals f\u00fcr mein Land k\u00e4mpfen w\u00fcrde&#8220; lautet der Titel einer Lesung mit dem Bestsellerautor Ole Nymoen. Sie findet am Montag(27. Januar) um 20 Uhr im Kulturladen KFZ an der Biegenstra\u00dfe statt.<br \/>\n<!--more--><br \/>\nDie Veranstalter sehen darin &#8222;ein starkes Pl\u00e4doyer gegen den Kriegseinsatz&#8220; fern von naiver Friedensbewegtheit und weltfremdem Pazifismus&#8220;. Die Verteidigungsf\u00e4higkeit werde zur &#8222;Kriegst\u00fcchtigkeit&#8220; umerkl\u00e4rt, die Bundeswehr mit hunderten von Milliarden Euro aufger\u00fcstet, die Wiedereinf\u00fchrung der Wehrpflicht diskutiert: Die Zeichen stehen auf Mobilmachung, auch mental. Die Nation wird dabei zur gro\u00dfen<br \/>\nSolidargemeinschaft verkl\u00e4rt, der ein jeder gl\u00fccklich zu dienen hat. Und das nach Jahrzehnten der Entsolidarisierung, in denen die Verarmung breiter Bev\u00f6lkerungsschichten von neoliberalen Politikern f\u00fcr alternativlos erkl\u00e4rt wurde.<br \/>\nOle Nymoen erhebt Einspruch: &#8222;Die Behauptung, das Sicherheitsinteresse eines Staates falle notwendig mit dem seiner Untertanen zusammen, erscheint geradezu absurd. Immerhin sind es junge M\u00e4nner wie er, die im Kriegsfall gezwungen sind, im Land zu bleiben und ihr Leben zu riskieren, ob sie wollen oder nicht. Ganz zu schweigen davon, dass der &#8222;Dienst an der Waffe&#8220; auch beinhaltet, mit dieser Waffe andere zu t\u00f6ten.&#8220;<br \/>\nUnd wer bestimmt eigentlich \u00fcber den &#8222;Waffengang&#8220;? Ist es wirklich der Demos, das Volk? Nicht k\u00e4mpfen zu wollen f\u00fcr einen Staat, das ist vor diesem Hintergrund mehr als nur eine individuelle Verweigerung &#8211; n\u00e4mlich ein Akt der Humanit\u00e4t und des Protests f\u00fcr mehr kollektive Selbstbestimmung. In einer Zeit, in der Mobilmachung, &#8222;Kriegst\u00fcchtigkeit&#8220; und jede Menge Propaganda auf der Tagesordnung stehen, sei das &#8222;eine gute Streitschrift, die nicht in den Mainstream einzuordnen ist. Eine intellektuelle Wohltat in mittelalterlich anmutenden Denkschemata von Gut und B\u00f6se&#8220;.<\/p>\n<p>* pm: Marburger B\u00fcndnis &#8222;Nein zum Krieg!&#8220;<\/p>\n","protected":false},"excerpt":{"rendered":"<p>&#8222;Warum ich niemals f\u00fcr mein Land k\u00e4mpfen w\u00fcrde&#8220; lautet der Titel einer Lesung mit dem Bestsellerautor Ole Nymoen. Sie findet am Montag(27. Januar) um 20 Uhr im Kulturladen KFZ an der Biegenstra\u00dfe statt.<\/p>\n","protected":false},"author":2,"featured_media":0,"comment_status":"closed","ping_status":"open","sticky":false,"template":"","format":"standard","meta":{"advanced_seo_description":"","spay_email":"","jetpack_publicize_message":"","jetpack_is_tweetstorm":false,"jetpack_publicize_feature_enabled":true},"categories":[3,2,4],"tags":[169,701,7287],"jetpack_featured_media_url":"","jetpack_publicize_connections":[],"jetpack_sharing_enabled":true,"jetpack_shortlink":"https:\/\/wp.me\/p8mhvd-51O","jetpack-related-posts":[{"id":7885,"url":"http:\/\/marburg.news\/?p=7885","url_meta":{"origin":19332,"position":0},"title":"Ausgew\u00e4hltes Duo: Linke im Landtag unter Marburger Leitung","date":"6. Oktober 2021","format":false,"excerpt":"Ein Marburger Duo steht an der Spitze der Linken im Hessischen Landtag. Elisabeth Kula und Jan Schalauske sind neue Fraktionsvorsitzende. Die Fraktion \"Die Linke im Hessischen Landtag\" wird k\u00fcnftig von einer Doppelspitze gef\u00fchrt. Zu gleichberechtigten Fraktionsvorsitzenden w\u00e4hlten die Abgeordneten einstimmig Elisabeth Kula und Jan Schalauske. Auch Torsten Felstehausen wurde einstimmig\u2026","rel":"","context":"In &quot;Politik&quot;","img":{"alt_text":"","src":"","width":0,"height":0},"classes":[]},{"id":16664,"url":"http:\/\/marburg.news\/?p=16664","url_meta":{"origin":19332,"position":1},"title":"Eindringliche Erlebnisse: &#8222;JOHANN*A &#8211; Stell dir vor es ist Krieg und (k)eine*r geht hin&#8220;","date":"20. Oktober 2024","format":false,"excerpt":"Das St\u00fcck \"JOHANN*A \u2013 Stell dir vor es ist Krieg und (k)eine*r geht hin\" feierte am Samstag (21. September) seine Premiere. Am Samstag (19. Oktober) wurde die Inszenierung des Hessischen Landestheaters Marburg (HLTM) im Erwin-Piscator-Haus (EPH) erneut gezeigt.\u00a0 Der Saal wird von einem irritierenden Dr\u00f6hnen erf\u00fcllt, als die Zuschauer auf\u2026","rel":"","context":"In &quot;Kultur&quot;","img":{"alt_text":"","src":"","width":0,"height":0},"classes":[]},{"id":18677,"url":"http:\/\/marburg.news\/?p=18677","url_meta":{"origin":19332,"position":2},"title":"Zumeist zugeh\u00f6rig: H\u00e4nde weg von der Eingliederungshilfe","date":"10. September 2025","format":false,"excerpt":"\"H\u00e4nde weg von der Eingliederungshilfe!\". Unter diesem Motto fordert die Bundesvereinigung Lebenshilfe (BVLH) von der Bundesregierung ein klares Bekenntnis zur uneingeschr\u00e4nkten Teilhabe behinderter Menschen. Angesichts des drohenden Sozialabbaus fordert die - 1958 in Marburg gegr\u00fcndete - Lebenshilfe ein klares Bekenntnis der Bundesregierung zur uneingeschr\u00e4nkten Teilhabe von Menschen mit Behinderung. Auf\u2026","rel":"","context":"In &quot;Politik&quot;","img":{"alt_text":"","src":"","width":0,"height":0},"classes":[]},{"id":2460,"url":"http:\/\/marburg.news\/?p=2460","url_meta":{"origin":19332,"position":3},"title":"Auf Heimatbesuch: Franz\u00f6sische Senatorin Gis\u00e8le Jourda wurde in Marburg geboren","date":"24. Juli 2018","format":false,"excerpt":"Nur drei Monate verbrachte Gis\u00e8le Jourda in Marburg. Dennoch war das Wiedersehen mit ihrer Geburtsstadt ein sehr emotionales Ereignis f\u00fcr die franz\u00f6sische Senatorin. Mit den Worten \"Ich liebe Marburg von ganzem Herzen\" trug sie sich ins Goldene Buch der Universit\u00e4tsstadt Marburg ein. Dort, wo sonst die Stadtverordneten tagen, hielt sie\u2026","rel":"","context":"In &quot;Politik&quot;","img":{"alt_text":"","src":"","width":0,"height":0},"classes":[]},{"id":2790,"url":"http:\/\/marburg.news\/?p=2790","url_meta":{"origin":19332,"position":4},"title":"Gleichberechtigung gesp\u00fcrt: 100 Jahre Frauenwahlrecht in Deutschland","date":"8. November 2018","format":false,"excerpt":"Das Frauenwahlrecht feiert seinen 100. Geburtstag. Aus diesem Anlass hatte die Stadt zu einer Abendveranstaltung eingeladen. W\u00e4hlen und sich selbst w\u00e4hlen lassen - das volle Recht auf politische Beteiligung f\u00fcr Frauen in Deutschland - feiert seinen 100. Geburtstag. Das lange von der Arbeiter- und Frauenbewegung geforderte Wahlrecht f\u00fcr Frauen wurde\u2026","rel":"","context":"In &quot;Politik&quot;","img":{"alt_text":"","src":"","width":0,"height":0},"classes":[]},{"id":17459,"url":"http:\/\/marburg.news\/?p=17459","url_meta":{"origin":19332,"position":5},"title":"Gemeinsam geforscht: Warum wir uns nicht selbst kitzeln k\u00f6nnen","date":"6. Februar 2025","format":false,"excerpt":"Psychologen entschl\u00fcsseln, warum wir uns nicht selbst kitzeln k\u00f6nnen. Ein mathematisches Modell zeigt, wie das Gehirn sensorische Reize verarbeitet. Warum k\u00f6nnen wir uns nicht selbst kitzeln? Warum nehmen wir unsere eigenen Schritte anders wahr als die eines Fremden, der hinter uns l\u00e4uft? Ein interdisziplin\u00e4res Forschungsteam aus den Bereichen Psychologie, Psychiatrie\u2026","rel":"","context":"In &quot;Bildung&quot;","img":{"alt_text":"","src":"","width":0,"height":0},"classes":[]}],"_links":{"self":[{"href":"http:\/\/marburg.news\/index.php?rest_route=\/wp\/v2\/posts\/19332"}],"collection":[{"href":"http:\/\/marburg.news\/index.php?rest_route=\/wp\/v2\/posts"}],"about":[{"href":"http:\/\/marburg.news\/index.php?rest_route=\/wp\/v2\/types\/post"}],"author":[{"embeddable":true,"href":"http:\/\/marburg.news\/index.php?rest_route=\/wp\/v2\/users\/2"}],"replies":[{"embeddable":true,"href":"http:\/\/marburg.news\/index.php?rest_route=%2Fwp%2Fv2%2Fcomments&post=19332"}],"version-history":[{"count":0,"href":"http:\/\/marburg.news\/index.php?rest_route=\/wp\/v2\/posts\/19332\/revisions"}],"wp:attachment":[{"href":"http:\/\/marburg.news\/index.php?rest_route=%2Fwp%2Fv2%2Fmedia&parent=19332"}],"wp:term":[{"taxonomy":"category","embeddable":true,"href":"http:\/\/marburg.news\/index.php?rest_route=%2Fwp%2Fv2%2Fcategories&post=19332"},{"taxonomy":"post_tag","embeddable":true,"href":"http:\/\/marburg.news\/index.php?rest_route=%2Fwp%2Fv2%2Ftags&post=19332"}],"curies":[{"name":"wp","href":"https:\/\/api.w.org\/{rel}","templated":true}]}}