{"id":19327,"date":"2026-01-12T17:58:31","date_gmt":"2026-01-12T16:58:31","guid":{"rendered":"http:\/\/marburg.news\/?p=19327"},"modified":"2026-01-12T17:58:31","modified_gmt":"2026-01-12T16:58:31","slug":"mercedes-verkratzt-vandalismus-in-der-grossseelheimer-strasse","status":"publish","type":"post","link":"http:\/\/marburg.news\/?p=19327","title":{"rendered":"Mercedes verkratzt: Vandalismus in der Gro\u00dfseelheimer Stra\u00dfe"},"content":{"rendered":"<p>Einen Sachschaden von etwa 1.500 Euro verursachte ein Unbekannter am Sonntag (11. Januar) an einem grauen Mercedes-Benz. Der Wagen parkte zwischen 17.30 und 23.45 Uhr in der Gro\u00dfseelheimer Stra\u00dfe. <!--more--><br \/>\nDer T\u00e4ter schlug die Scheibe der Beifahrert\u00fcr ein und zerkratzte die T\u00fcr sowie den Kotfl\u00fcgel. Die Polizei Marburg bittet Personen, die den Vorfall beobachtet haben und Hinweise auf den Vandalen geben k\u00f6nnen, sich unter der Telefonnummer 06421\/406-0 zu melden.<\/p>\n<p>* pm: Polizei Marburg<\/p>\n","protected":false},"excerpt":{"rendered":"<p>Einen Sachschaden von etwa 1.500 Euro verursachte ein Unbekannter am Sonntag (11. Januar) an einem grauen Mercedes-Benz. Der Wagen parkte zwischen 17.30 und 23.45 Uhr in der Gro\u00dfseelheimer Stra\u00dfe.<\/p>\n","protected":false},"author":2,"featured_media":0,"comment_status":"closed","ping_status":"open","sticky":false,"template":"","format":"standard","meta":{"advanced_seo_description":"","spay_email":"","jetpack_publicize_message":"","jetpack_is_tweetstorm":false,"jetpack_publicize_feature_enabled":true},"categories":[6],"tags":[342,16,24],"jetpack_featured_media_url":"","jetpack_publicize_connections":[],"jetpack_sharing_enabled":true,"jetpack_shortlink":"https:\/\/wp.me\/p8mhvd-51J","jetpack-related-posts":[{"id":10213,"url":"http:\/\/marburg.news\/?p=10213","url_meta":{"origin":19327,"position":0},"title":"Vandalen in Aktion: Erneut mindestens 30 Autos besch\u00e4digt","date":"25. Juli 2022","format":false,"excerpt":"Mehr als 30 Autos haben Unbekannte in der Gro\u00dfseelheimer Stra\u00dfe verkratzt. Vandalismus an Autos h\u00e4uft sich damit in Marburgs S\u00fcden. Nach den ersten Ermittlungen kam es in der Gro\u00dfseelheimer Stra\u00dfe durch mutwilliges Verkratzen des Lacks zu Sachbesch\u00e4digungen an mehr als 30 geparkten Autos. Die Tatzeit lag zwischen Samstag (23. Juli)\u2026","rel":"","context":"In &quot;Sonstiges&quot;","img":{"alt_text":"","src":"","width":0,"height":0},"classes":[]},{"id":148,"url":"http:\/\/marburg.news\/?p=148","url_meta":{"origin":19327,"position":1},"title":"Vorbei- und weggefahren: Erneut drei F\u00e4lle von Unfallflucht","date":"9. Februar 2017","format":false,"excerpt":"Ein Unfall ereignete sich zwischen Dienstag (6. Februar) nach 20.30 Uhr und Mittwoch (8. Februar) vor 7.30 Uhr in der Zeppelinstra\u00dfe. Am linken Au\u00dfenspiegel und dem linken R\u00fccklicht eines geparkten wei\u00dfen Mercedes Citan entstand ein Gesamtschaden von mindestens 750 Euro. Nach den Spuren fuhr der unbekannte Unfallverursacher auf der Zeppelinstra\u00dfe\u2026","rel":"","context":"In &quot;Sonstiges&quot;","img":{"alt_text":"","src":"","width":0,"height":0},"classes":[]},{"id":2909,"url":"http:\/\/marburg.news\/?p=2909","url_meta":{"origin":19327,"position":2},"title":"Mehrere Autos: Dreiste Unfallflucht und wiederholter Vandalismus","date":"17. Dezember 2018","format":false,"excerpt":"Anhand der Tr\u00fcmmerteile am Unfallort sucht die Polizei einen gold- oder bronzefarbenen Mazda. Der Wagen m\u00fcsste deutliche Unfallsch\u00e4den haben. Auf dem Weg von der Universit\u00e4tsklinik \u00fcber die Gro\u00dfseelheimer Stra\u00dfe zur Innenstadt touchiert der Wagen - eventuell ein Mazda 3 - in H\u00f6he des Anwesens Gro\u00dfsselheimer Stra\u00dfe 29 zun\u00e4chst den Au\u00dfenspiegel\u2026","rel":"","context":"In &quot;Sonstiges&quot;","img":{"alt_text":"","src":"","width":0,"height":0},"classes":[]},{"id":10306,"url":"http:\/\/marburg.news\/?p=10306","url_meta":{"origin":19327,"position":3},"title":"Hinwegfahren: Unfallflucht auf der H\u00f6lderlinstra\u00dfe","date":"5. August 2022","format":false,"excerpt":"Die Unfallfluchtermittler suchen Zeugen eines Verkehrsunfalls auf der H\u00f6lderlinstra\u00dfe. Dort \u00fcberholte ein schwarzer Mercedes einen anderen schwarzen Mercedes. Nun bitten die Ermittler um Hinweise zu dem gefl\u00fcchteten - vermutlich frisch unfallbesch\u00e4digten - schwarzen Mercedes mit Frankenberger Kennzeichen \"FKB\". Der Unfall passierte am Mittwoch (3. August) um 7.45 Uhr. Beide Autos\u2026","rel":"","context":"In &quot;Sonstiges&quot;","img":{"alt_text":"","src":"","width":0,"height":0},"classes":[]},{"id":8743,"url":"http:\/\/marburg.news\/?p=8743","url_meta":{"origin":19327,"position":4},"title":"F\u00fcr frechen Fahrer: Flucht endete mit Unfall","date":"8. Februar 2022","format":false,"excerpt":"Die Flucht vor einer Polizeikontrolle endete am Montag (7. Februar) kurz nach 19 Uhr mit einem Unfall. Der Gefl\u00fcchtete und die beiden Insassen des anderen Fahrzeugs erlitten Verletzungen. Auf der Flucht kam es durch die Fahrweise zu einer Vielzahl von Verkehrsverst\u00f6\u00dfen und m\u00f6glicherweise zu Behinderungen oder Gef\u00e4hrdungen anderer Verkehrsteilnehmer. Sie\u2026","rel":"","context":"In &quot;Sonstiges&quot;","img":{"alt_text":"","src":"","width":0,"height":0},"classes":[]},{"id":10279,"url":"http:\/\/marburg.news\/?p=10279","url_meta":{"origin":19327,"position":5},"title":"Verkehrsdisziplin st\u00e4rken: Unfallflucht mit Ampelschaden","date":"1. August 2022","format":false,"excerpt":"Eine Ampel auf der Gro\u00dfseelheimer Stra\u00dfe hat ein Auto umgefahren. Der Schaden betr\u00e4gt mehr als 1.000 Euro. Nach entsprechenden Ermittlungen fiel die Ampel an der Einm\u00fcndung der Br\u00fcder-Grimm-Stra\u00dfe in der Nacht zum Samstag (30. Juli) um 3.04 Uhr aus. Nach den Spuren vor Ort verlor ein Autofahrer auf der Gro\u00dfseelheimer\u2026","rel":"","context":"In &quot;Sonstiges&quot;","img":{"alt_text":"","src":"","width":0,"height":0},"classes":[]}],"_links":{"self":[{"href":"http:\/\/marburg.news\/index.php?rest_route=\/wp\/v2\/posts\/19327"}],"collection":[{"href":"http:\/\/marburg.news\/index.php?rest_route=\/wp\/v2\/posts"}],"about":[{"href":"http:\/\/marburg.news\/index.php?rest_route=\/wp\/v2\/types\/post"}],"author":[{"embeddable":true,"href":"http:\/\/marburg.news\/index.php?rest_route=\/wp\/v2\/users\/2"}],"replies":[{"embeddable":true,"href":"http:\/\/marburg.news\/index.php?rest_route=%2Fwp%2Fv2%2Fcomments&post=19327"}],"version-history":[{"count":0,"href":"http:\/\/marburg.news\/index.php?rest_route=\/wp\/v2\/posts\/19327\/revisions"}],"wp:attachment":[{"href":"http:\/\/marburg.news\/index.php?rest_route=%2Fwp%2Fv2%2Fmedia&parent=19327"}],"wp:term":[{"taxonomy":"category","embeddable":true,"href":"http:\/\/marburg.news\/index.php?rest_route=%2Fwp%2Fv2%2Fcategories&post=19327"},{"taxonomy":"post_tag","embeddable":true,"href":"http:\/\/marburg.news\/index.php?rest_route=%2Fwp%2Fv2%2Ftags&post=19327"}],"curies":[{"name":"wp","href":"https:\/\/api.w.org\/{rel}","templated":true}]}}