{"id":19326,"date":"2026-01-12T14:29:26","date_gmt":"2026-01-12T13:29:26","guid":{"rendered":"http:\/\/marburg.news\/?p=19326"},"modified":"2026-01-12T14:29:26","modified_gmt":"2026-01-12T13:29:26","slug":"werdegang-verfolgt-joerg-becker-spricht-ueber-richard-sorge","status":"publish","type":"post","link":"http:\/\/marburg.news\/?p=19326","title":{"rendered":"Werdegang verfolgt: J\u00f6rg Becker spricht \u00fcber Richard Sorge"},"content":{"rendered":"<p>Eine hochinteressante Pers\u00f6nlichkeit der Weimarer Zeit behandelt der &#8222;Politische Salon&#8220; am Freitag (23. Januar) in der Volkshochschule an der Deutschhausstra\u00dfe. Prof. Dr. J\u00f6rg Becker wird dort sein neustes Buch zu Richard Sorge vorstellen. <!--more--><br \/>\n&#8222;Erleben Sie die fesselnde Geschichte von Richard Sorge &#8211; einem der bekanntesten sowjetischen Spione des Zweiten Weltkriegs&#8220;, schrieb J\u00f6rg Becker in seinem Ank\u00fcndigungstext. &#8222;Dieser Vortrag beleuchtet Sorges bemerkenswerten Werdegang von einem bedeutenden Intellektuellen der fr\u00fchen Weimarer Republik bis hin zu einem legend\u00e4ren Spion, der 1944 in Tokio hingerichtet wurde! Wir betrachten seine akademischen und journalistischen T\u00e4tigkeiten und er\u00f6rtern, wie seine kommunistische \u00dcberzeugung seine Arbeit pr\u00e4gte.&#8220;<br \/>\nWelche Lehren lassen sich aus seinem Leben f\u00fcr unsere komplexe und konfliktreiche Welt ziehen? Die Veranstalter laden ein, am Freitag (23. Januar) ab 18.30 Uhr gemeinsam einen Blick auf historische Zusammenh\u00e4nge zu werfen und deren Relevanz f\u00fcr heute zu diskutieren. Anmeldeschluss ist der 19. Januar 2026 bis 23.30 Uhr.<\/p>\n<p>* pm: Volkshochschule Marburg<\/p>\n","protected":false},"excerpt":{"rendered":"<p>Eine hochinteressante Pers\u00f6nlichkeit der Weimarer Zeit behandelt der &#8222;Politische Salon&#8220; am Freitag (23. Januar) in der Volkshochschule an der Deutschhausstra\u00dfe. Prof. Dr. J\u00f6rg Becker wird dort sein neustes Buch zu Richard Sorge vorstellen.<\/p>\n","protected":false},"author":2,"featured_media":0,"comment_status":"closed","ping_status":"open","sticky":false,"template":"","format":"standard","meta":{"advanced_seo_description":"","spay_email":"","jetpack_publicize_message":"","jetpack_is_tweetstorm":false,"jetpack_publicize_feature_enabled":true},"categories":[5,2],"tags":[7283,7284,7285],"jetpack_featured_media_url":"","jetpack_publicize_connections":[],"jetpack_sharing_enabled":true,"jetpack_shortlink":"https:\/\/wp.me\/p8mhvd-51I","jetpack-related-posts":[{"id":17185,"url":"http:\/\/marburg.news\/?p=17185","url_meta":{"origin":19326,"position":0},"title":"Vernetzen statt verh\u00f6kern: J\u00f6rg Daubner sprach \u00fcber regionale Kooperationen von Landwirtschaft und Gastronomie","date":"13. Dezember 2024","format":false,"excerpt":"Innovative Kooperationen zwischen Landwirtschaft und Gastronomie hat der Wirtschaftsphilosoph und Koch J\u00f6rg Daubner am Mittwoch (11. Dezember) in Marburg vorgestellt. Dabei handelt es sich um erprobte Ideen f\u00fcr die Regionalentwicklung. J\u00f6rg Daubner von der Oberm\u00fchle in G\u00f6rlitz hat umgesetzt, wovon er spricht und in Marburg von seinem Projekt und seinen\u2026","rel":"","context":"In &quot;Politik&quot;","img":{"alt_text":"","src":"","width":0,"height":0},"classes":[]},{"id":570,"url":"http:\/\/marburg.news\/?p=570","url_meta":{"origin":19326,"position":1},"title":"Wir sind Luther: Urauff\u00fchrung begeisterte mit Musik, Witz und Wissensvermittlung","date":"3. Juni 2017","format":false,"excerpt":"\"Dies Irae\", singt der Chor. \"Wir sind Luther\", sagen die Darsteller im Chor. Das St\u00fcck \"Wir sind Luther\" von Marc Becker feierte am Freitag (2. Juni) Premiere auf dem Marktplatz. Zum Reformationsjahr 2017 hat Becker die spritzige Revue rund um den Reformator eigens f\u00fcr das Hessische Landestheater Marburg erarbeitet. Bei\u2026","rel":"","context":"In &quot;Kultur&quot;","img":{"alt_text":"","src":"","width":0,"height":0},"classes":[]},{"id":15554,"url":"http:\/\/marburg.news\/?p=15554","url_meta":{"origin":19326,"position":2},"title":"Ruhestand statt Ausstand: Verabschiedung von Hans-J\u00f6rg Boden","date":"7. Mai 2024","format":false,"excerpt":"\"Ein wichtiges Zahnrad der Stadtverwaltung\" geht in den Ruhestand. Das waren Worte bei der Verabschiedung von Hans-J\u00f6rg Boden. Mit Hans-J\u00f6rg Boden geht eines der Gesichter des Marburger Rathauses in den Ruhestand. Der Marburger war 31 Jahre im Dienst der Stadt unterwegs. Vor allem als Mitarbeiter der Botenmeisterei auch daf\u00fcr gesorgt,\u2026","rel":"","context":"In &quot;Soziales&quot;","img":{"alt_text":"","src":"","width":0,"height":0},"classes":[]},{"id":17998,"url":"http:\/\/marburg.news\/?p=17998","url_meta":{"origin":19326,"position":3},"title":"Intelligente Informatik: Zwei neue KI-Professuren f\u00fcr Marburg","date":"14. Mai 2025","format":false,"excerpt":"Zwei weitere Professoren f\u00fcr \"K\u00fcnstliche Intelligenz\" starten in Marburg durch. Nach Prof. Dr. Christin Seifert verst\u00e4rken Prof. Dr. Ralph Ewerth und Prof. Dr. Martin Becker die Forschung und Lehre in der KI. Ihre Forschung und Lehre im Bereich der K\u00fcnstlichen Intelligenz (KI) baut die Philipps-Universit\u00e4t weiter aus: Zum April 2025\u2026","rel":"","context":"In &quot;Bildung&quot;","img":{"alt_text":"","src":"","width":0,"height":0},"classes":[]},{"id":12067,"url":"http:\/\/marburg.news\/?p=12067","url_meta":{"origin":19326,"position":4},"title":"Traum f\u00fcr Raum: Damit sich Einsatzkr\u00e4fte gut verstehen","date":"3. M\u00e4rz 2023","format":false,"excerpt":"F\u00fcrEngagement in der Sprechfunk-Ausbildung hat der Landrat Klaus Becker ausgezeichnet. Ihm ist zu verdanken, dass sich die Einsatzkr\u00e4fte gut verstehen. Mehr als 30 Jahre hat Klaus Becker f\u00fcr den Landkreis Marburg-Biedenkopf ehrenamtlich Einsatzkr\u00e4fte der Feuerwehr und anderer Hilfsorganisationen am Funkger\u00e4t ausgebildet. Daf\u00fcr \u00fcberreichte ihm Landrat Jens Womelsdorf das Goldene Brandschutzverdienstzeichen\u2026","rel":"","context":"In &quot;Soziales&quot;","img":{"alt_text":"","src":"","width":0,"height":0},"classes":[]},{"id":12481,"url":"http:\/\/marburg.news\/?p=12481","url_meta":{"origin":19326,"position":5},"title":"Le M\u00e9t\u00e8que: Johannes M. Becker singt Georges Moustaki","date":"30. April 2023","format":false,"excerpt":"vor zehn Jahren ist der Chansonnier Georges Moustaki gestorben. Auch in diesem Jahr m\u00f6chte PD Dr. Johannes M. Becker ihn mit einem Konzert ehren. Unter dem Titel \"Georges Moustaki und seine Freunde - zum 10. Jahrestag des Ortswechsels des M\u00e9t\u00e8que\" singt, spielt und rezitiert Johannes M. Becker \"zu Ehren eines\u2026","rel":"","context":"In &quot;Kultur&quot;","img":{"alt_text":"","src":"","width":0,"height":0},"classes":[]}],"_links":{"self":[{"href":"http:\/\/marburg.news\/index.php?rest_route=\/wp\/v2\/posts\/19326"}],"collection":[{"href":"http:\/\/marburg.news\/index.php?rest_route=\/wp\/v2\/posts"}],"about":[{"href":"http:\/\/marburg.news\/index.php?rest_route=\/wp\/v2\/types\/post"}],"author":[{"embeddable":true,"href":"http:\/\/marburg.news\/index.php?rest_route=\/wp\/v2\/users\/2"}],"replies":[{"embeddable":true,"href":"http:\/\/marburg.news\/index.php?rest_route=%2Fwp%2Fv2%2Fcomments&post=19326"}],"version-history":[{"count":0,"href":"http:\/\/marburg.news\/index.php?rest_route=\/wp\/v2\/posts\/19326\/revisions"}],"wp:attachment":[{"href":"http:\/\/marburg.news\/index.php?rest_route=%2Fwp%2Fv2%2Fmedia&parent=19326"}],"wp:term":[{"taxonomy":"category","embeddable":true,"href":"http:\/\/marburg.news\/index.php?rest_route=%2Fwp%2Fv2%2Fcategories&post=19326"},{"taxonomy":"post_tag","embeddable":true,"href":"http:\/\/marburg.news\/index.php?rest_route=%2Fwp%2Fv2%2Ftags&post=19326"}],"curies":[{"name":"wp","href":"https:\/\/api.w.org\/{rel}","templated":true}]}}