{"id":19323,"date":"2026-01-12T12:25:37","date_gmt":"2026-01-12T11:25:37","guid":{"rendered":"http:\/\/marburg.news\/?p=19323"},"modified":"2026-01-12T12:25:37","modified_gmt":"2026-01-12T11:25:37","slug":"maedchen-vermisst-jugendliche-koennte-in-frankfurt-sein","status":"publish","type":"post","link":"http:\/\/marburg.news\/?p=19323","title":{"rendered":"M\u00e4dchen vermisst: Jugendliche k\u00f6nnte in Frankfurt sein"},"content":{"rendered":"<p>Eine 14-j\u00e4hrige Jugendliche aus Marburg wird seit Sonntagabend vermisst. Die Polizei bittet um Mithilfe bei der Suche nach dem M\u00e4dchen. <!--more--><br \/>\nSeit Sonntag (11. Januar) wird die 14-j\u00e4hrige Nadia Anna Nowak aus Marburg vermisst. Zuletzt wurde sie gegen 16 Uhr gesehen. In der Vergangenheit hielt sie sich in Frankfurt am Main im Bereich des Hauptbahnhofs auf.<br \/>\nDie Jugendliche ist zirka 1,59 Meter gro\u00df und zierlich. Sie wiegt etwa 52 Kilogramm und hat kurze schwarze Haare. Zum Zeitpunkt ihres Verschwindens trug sie eine graue Sweatjacke, eine dunkle Daunenjacke, eine graue Hose und wei\u00dfe Sneaker.<br \/>\nDie Polizei bittet um Hinweise und fragt: Wer hat das M\u00e4dchen seit Sonntag (11. Januar) gesehen? Wer kann Angaben zum derzeitigen Aufenthaltsort der Vermissten geben? Hinweise unter der Telefonnummer 06421\/406-0 nimmt die Polizei Marburg oder jede andere Polizeidienststelle entgegen.<\/p>\n<p>* pm: Polizei Marburg<\/p>\n","protected":false},"excerpt":{"rendered":"<p>Eine 14-j\u00e4hrige Jugendliche aus Marburg wird seit Sonntagabend vermisst. Die Polizei bittet um Mithilfe bei der Suche nach dem M\u00e4dchen.<\/p>\n","protected":false},"author":2,"featured_media":0,"comment_status":"closed","ping_status":"open","sticky":false,"template":"","format":"standard","meta":{"advanced_seo_description":"","spay_email":"","jetpack_publicize_message":"","jetpack_is_tweetstorm":false,"jetpack_publicize_feature_enabled":true},"categories":[6],"tags":[263,16,123],"jetpack_featured_media_url":"","jetpack_publicize_connections":[],"jetpack_sharing_enabled":true,"jetpack_shortlink":"https:\/\/wp.me\/p8mhvd-51F","jetpack-related-posts":[{"id":19770,"url":"http:\/\/marburg.news\/?p=19770","url_meta":{"origin":19323,"position":0},"title":"Vermisstensuche: Polizei bittet um Hinweise auf 13-j\u00e4hriges M\u00e4dchen","date":"25. M\u00e4rz 2026","format":false,"excerpt":"Ein 13-j\u00e4hriges M\u00e4dchen aus Marburg wird seit Freitag (13. M\u00e4rz) vermisst. Die Polizei bittet um Mithilfe bei der Suche. Seit Freitag (13. M\u00e4rz)wird die 13-j\u00e4hrige Selina Neda aus Marburg vermisst. Das M\u00e4dchen ist zirka 1,60 Meter gro\u00df, hat eine kr\u00e4ftige Statur, lange dunkelbraune Haare und braune Augen. Zur Bekleidung ist\u2026","rel":"","context":"In &quot;Sonstiges&quot;","img":{"alt_text":"","src":"","width":0,"height":0},"classes":[]},{"id":19913,"url":"http:\/\/marburg.news\/?p=19913","url_meta":{"origin":19323,"position":1},"title":"Gesucht: 14-j\u00e4hrige Jugendliche vermisst","date":"21. April 2026","format":false,"excerpt":"Eine 14-j\u00e4hrige Jugendliche aus Marburg wird seit Donnerstag (9. April) vermisst. Die Polizei bittet um Mithilfe bei der Suche nach dem M\u00e4dchen. Aliana ist zirka 1,60 Meter gro\u00df und schlank. Sie hat dunkelbraune Haare. Das M\u00e4dchen ist oftmals stark geschminkt. Zur Bekleidung ist bislang nichts bekannt. Zuletzt wurde Aliana am\u2026","rel":"","context":"In &quot;Sonstiges&quot;","img":{"alt_text":"","src":"","width":0,"height":0},"classes":[]},{"id":19705,"url":"http:\/\/marburg.news\/?p=19705","url_meta":{"origin":19323,"position":2},"title":"Frust durch Fortlaufen: 14-j\u00e4hriges M\u00e4dchen aus Marburg vermisst","date":"13. M\u00e4rz 2026","format":false,"excerpt":"Seit Mittwoch (11. M\u00e4rz) wird eine 14-j\u00e4hrige Jugendliche aus Marburg vermisst. Sie wurde zuletzt gegen 17 Uhr in der Stra\u00dfe \"Flachspfuhl\" im Stadtteil Dagobertshausen gesehen. Die Jugendliche ist zirka 1,60 Meter gro\u00df und schlank. Sie hat dunkelbraune Haare. Zum Zeitpunkt ihres Verschwindens trug sie einen schwarzen Kapuzenpullover und eine schwarze\u2026","rel":"","context":"In &quot;Sonstiges&quot;","img":{"alt_text":"","src":"","width":0,"height":0},"classes":[]},{"id":19192,"url":"http:\/\/marburg.news\/?p=19192","url_meta":{"origin":19323,"position":3},"title":"In Marburg: Polizei sucht 14-j\u00e4hrige Vermisste","date":"11. Dezember 2025","format":false,"excerpt":"Seit Freitag (5. Dezember)wird eine 14-j\u00e4hrige Jugendliche aus Marburg vermisst. Sie ist circa 1,66 Meter gro\u00df und schlank. Cassi Leonie W. hat braune Augen und lockige schwarze Haare. Zum Zeitpunkt ihres Verschwindens trug sie einen beigefarbenen Wintermantel und eine schwarze Hose. Au\u00dferdem hatte sie einen Rucksack dabei. Die Polizei bittet\u2026","rel":"","context":"In &quot;Sonstiges&quot;","img":{"alt_text":"","src":"","width":0,"height":0},"classes":[]},{"id":18266,"url":"http:\/\/marburg.news\/?p=18266","url_meta":{"origin":19323,"position":4},"title":"M\u00e4dchen melden: Polizei sucht 13-j\u00e4hrige Vermisste","date":"26. Juni 2025","format":false,"excerpt":"Bei der Suche nach der 13-j\u00e4hrigen Alisha aus Marburg bittet die Polizei um Mithilfe. Die Vermisste wurde letztmals am Dienstag (17. Juni) in Marburg gesehen. Alisha ist zirka 1,50 Meter gro\u00df und schlank. Sie hat lange glatte dunkelbraune Haare sowie braune Augen. Sie ist stark geschminkt und hat k\u00fcnstliche Wimpern.\u2026","rel":"","context":"In &quot;Sonstiges&quot;","img":{"alt_text":"","src":"","width":0,"height":0},"classes":[]},{"id":19175,"url":"http:\/\/marburg.news\/?p=19175","url_meta":{"origin":19323,"position":5},"title":"vergebliche Suche: 14-j\u00e4hrige Jugendliche aus Marburg vermisst","date":"9. Dezember 2025","format":false,"excerpt":"Seit Freitag (28. Dezember) wird die 14-j\u00e4hrige Sonja aus Marburg vermisst. Die Polizei bittet um Mithilfe bei der Suche nach ihr. Das M\u00e4dchen ist zirka 1,60 Meter gro\u00df und schlank. Sonja hat glatte blonde Haare. Bekleidet ist die 14-j\u00e4hrige Jugendliche mit einer Pelzjacke, einem schwarzen bauchfreien Top, grauen Leggins und\u2026","rel":"","context":"In &quot;Sonstiges&quot;","img":{"alt_text":"","src":"","width":0,"height":0},"classes":[]}],"_links":{"self":[{"href":"http:\/\/marburg.news\/index.php?rest_route=\/wp\/v2\/posts\/19323"}],"collection":[{"href":"http:\/\/marburg.news\/index.php?rest_route=\/wp\/v2\/posts"}],"about":[{"href":"http:\/\/marburg.news\/index.php?rest_route=\/wp\/v2\/types\/post"}],"author":[{"embeddable":true,"href":"http:\/\/marburg.news\/index.php?rest_route=\/wp\/v2\/users\/2"}],"replies":[{"embeddable":true,"href":"http:\/\/marburg.news\/index.php?rest_route=%2Fwp%2Fv2%2Fcomments&post=19323"}],"version-history":[{"count":0,"href":"http:\/\/marburg.news\/index.php?rest_route=\/wp\/v2\/posts\/19323\/revisions"}],"wp:attachment":[{"href":"http:\/\/marburg.news\/index.php?rest_route=%2Fwp%2Fv2%2Fmedia&parent=19323"}],"wp:term":[{"taxonomy":"category","embeddable":true,"href":"http:\/\/marburg.news\/index.php?rest_route=%2Fwp%2Fv2%2Fcategories&post=19323"},{"taxonomy":"post_tag","embeddable":true,"href":"http:\/\/marburg.news\/index.php?rest_route=%2Fwp%2Fv2%2Ftags&post=19323"}],"curies":[{"name":"wp","href":"https:\/\/api.w.org\/{rel}","templated":true}]}}