{"id":19321,"date":"2026-01-11T18:07:17","date_gmt":"2026-01-11T17:07:17","guid":{"rendered":"http:\/\/marburg.news\/?p=19321"},"modified":"2026-01-11T18:07:17","modified_gmt":"2026-01-11T17:07:17","slug":"punkrock-elfmorgen-mit-support-one-tape-im-kfz","status":"publish","type":"post","link":"http:\/\/marburg.news\/?p=19321","title":{"rendered":"Punkrock: Elfmorgen mit Support One Tape im KFZ"},"content":{"rendered":"<p>Die Punkrock-Band &#8222;Elfmorgen&#8220; tritt am Freitag (27. Februar) im Kulturladen KFZ auf. Support ist &#8222;One Tape&#8220;. <!--more--><br \/>\nSeit \u00fcber 20 Jahren bringt Elfmorgen\u00b4s neue deutsche Rockmusik jeden ihrer Events zum Beben &#8211; kaum einer, der nach einem ihrer Auftritte sich am n\u00e4chsten Morgen nicht die Tr\u00fcmmer zusammengest\u00fcrzter Vorstellungen \u00fcber konventionelle Musik aus den Ohren pulen muss, um den Sound der drei Hostessen aus Osthessen nicht ewig mit sich herumtragen zu m\u00fcssen. Die f\u00fcnf jungen Musiker von &#8222;One Tape&#8220; mit Homebase Brilon zocken seit 10 Jahren gemeinsam &#8211; irgendwas zwischen Hardrock und Punk.<\/p>\n<p>* pm: Kulturladen KFZ Marburg<\/p>\n","protected":false},"excerpt":{"rendered":"<p>Die Punkrock-Band &#8222;Elfmorgen&#8220; tritt am Freitag (27. Februar) im Kulturladen KFZ auf. Support ist &#8222;One Tape&#8220;.<\/p>\n","protected":false},"author":2,"featured_media":0,"comment_status":"closed","ping_status":"open","sticky":false,"template":"","format":"standard","meta":{"advanced_seo_description":"","spay_email":"","jetpack_publicize_message":"","jetpack_is_tweetstorm":false,"jetpack_publicize_feature_enabled":true},"categories":[3],"tags":[7281,358,7282],"jetpack_featured_media_url":"","jetpack_publicize_connections":[],"jetpack_sharing_enabled":true,"jetpack_shortlink":"https:\/\/wp.me\/p8mhvd-51D","jetpack-related-posts":[{"id":1978,"url":"http:\/\/marburg.news\/?p=1978","url_meta":{"origin":19321,"position":0},"title":"Lebende Legenden: &#8222;Dritte Wahl&#8220; trat im KFZ auf","date":"24. M\u00e4rz 2018","format":false,"excerpt":"Die Punkband \"Dritte Wahl\" trat am Freitag (23. M\u00e4rz) im KFZ auf. Die Gruppe aus Rostock ist derzeit auf ihrer \"Elfentanz-und-Tortenschlacht\"-Tournee. Junge und alte Punkrockfans versammelten sich im Kulturladen KFZ. Eingestimmt f\u00fcr den Abend wurde das Publikum von der Vorband \"The Screwjetz\". Ihr Punkrock verschaffte den Anwesenden einen vagen Vorgeschmack\u2026","rel":"","context":"In &quot;Kultur&quot;","img":{"alt_text":"","src":"","width":0,"height":0},"classes":[]},{"id":8931,"url":"http:\/\/marburg.news\/?p=8931","url_meta":{"origin":19321,"position":1},"title":"Welcome t(w)o: KfZ startet hybrides Videoformat f\u00fcr Kultur","date":"12. M\u00e4rz 2022","format":false,"excerpt":"Unter dem Titel \"Welcome t(w)o\" startet das KFZ ein Streaming-Kooperationsformat f\u00fcr Kulturschaffende. Das ist eine Antwort auf die fortdauernde Corona-Pandemie. Seit Anfang des Jahres 2022 bietet das KFZ, Kulturschaffenden in Marburg und Umgebung die M\u00f6glichkeit, die R\u00e4ume des Kulturladens KFZ an der Biegenstra\u00dfe und die dort vorhandene Technik zu nutzen,\u2026","rel":"","context":"In &quot;Kultur&quot;","img":{"alt_text":"","src":"","width":0,"height":0},"classes":[]},{"id":8674,"url":"http:\/\/marburg.news\/?p=8674","url_meta":{"origin":19321,"position":2},"title":"45 Jahre KFZ: Zum Stadtjubil\u00e4um feiert auch der Kulturladen","date":"29. Januar 2022","format":false,"excerpt":"Das KFZ wird 45. Deshalb ver\u00f6ffentlicht der \"Kulturladen\" 2022 eine 45-teilige Reihe mit Fotos, Kuriosem und Beitr\u00e4gen von Wegbegleitenden. 2022 feiert nicht nur die Stadt Marburg Jubil\u00e4um; auch das KFZ hat einen Grund, zu feiern - Das gr\u00f6\u00dfte und \u00e4lteste der Marburger Kulturzentren wird 45 Jahre alt und hat somit\u2026","rel":"","context":"In &quot;Kultur&quot;","img":{"alt_text":"","src":"","width":0,"height":0},"classes":[]},{"id":15577,"url":"http:\/\/marburg.news\/?p=15577","url_meta":{"origin":19321,"position":3},"title":"Im Rahmen: KFZ kooperiert mit ESA und DLR","date":"13. Mai 2024","format":false,"excerpt":"Weltraum trifft auf Soziokultur. Das KFZ startet ein Projekt mit ESA und DLR. Das KFZ Marburg wurde von Fonds Soziokultur neben elf anderen soziokulturellen Zentren und Initiativen \u00fcber ein Nominierungs- und Juryverfahren ausgew\u00e4hlt, gemeinsam mit der European Space Agency (ESA) und dem Deutschen Zentrum f\u00fcr Luft- und Raumfahrt (DLR) ein\u2026","rel":"","context":"In &quot;Kultur&quot;","img":{"alt_text":"","src":"","width":0,"height":0},"classes":[]},{"id":9861,"url":"http:\/\/marburg.news\/?p=9861","url_meta":{"origin":19321,"position":4},"title":"Unverzichtbar: KFZ-Konzerte auf der Schlossparkb\u00fchne","date":"13. Juni 2022","format":false,"excerpt":"Das KFZ und die Schlossparkb\u00fchne feiern ein doppeltes Jubil\u00e4um. Deswegen spielen am Donnerstag (16. Juni) und Freitag (17. Juni) Tocotronic und FIL BO RIVA im Schlosspark. Am Fronleichnamswochenende veranstaltet der Kulturladen KFZ auf der Schlossparkb\u00fchne Konzerte von Tocotronic und FIL BO RIVA. Der Einlass beginnt jeweils um 18 Uhr, die\u2026","rel":"","context":"In &quot;Kultur&quot;","img":{"alt_text":"","src":"","width":0,"height":0},"classes":[]},{"id":17979,"url":"http:\/\/marburg.news\/?p=17979","url_meta":{"origin":19321,"position":5},"title":"Massive Wagons: Konzert am 13. Juni im KFZ","date":"11. Mai 2025","format":false,"excerpt":"Als \"Highlight\" hat der Kulturladen KFZ das Konzert der \"Massive Wagons\" am Freitag (13. Juni) angek\u00fcndigt. Es beginnt dort um 20.30 Uhr. Gegr\u00fcndet wurde die Band 2009 im englischen Lancaster. Seither haben sich die \"Massive Wagons\" zu einem der wichtigsten Vertreter der neuen britischen Hardrock-Welle entwickelt. Mit f\u00fcnf Top-40-Platzierungen in\u2026","rel":"","context":"In &quot;Kultur&quot;","img":{"alt_text":"","src":"","width":0,"height":0},"classes":[]}],"_links":{"self":[{"href":"http:\/\/marburg.news\/index.php?rest_route=\/wp\/v2\/posts\/19321"}],"collection":[{"href":"http:\/\/marburg.news\/index.php?rest_route=\/wp\/v2\/posts"}],"about":[{"href":"http:\/\/marburg.news\/index.php?rest_route=\/wp\/v2\/types\/post"}],"author":[{"embeddable":true,"href":"http:\/\/marburg.news\/index.php?rest_route=\/wp\/v2\/users\/2"}],"replies":[{"embeddable":true,"href":"http:\/\/marburg.news\/index.php?rest_route=%2Fwp%2Fv2%2Fcomments&post=19321"}],"version-history":[{"count":0,"href":"http:\/\/marburg.news\/index.php?rest_route=\/wp\/v2\/posts\/19321\/revisions"}],"wp:attachment":[{"href":"http:\/\/marburg.news\/index.php?rest_route=%2Fwp%2Fv2%2Fmedia&parent=19321"}],"wp:term":[{"taxonomy":"category","embeddable":true,"href":"http:\/\/marburg.news\/index.php?rest_route=%2Fwp%2Fv2%2Fcategories&post=19321"},{"taxonomy":"post_tag","embeddable":true,"href":"http:\/\/marburg.news\/index.php?rest_route=%2Fwp%2Fv2%2Ftags&post=19321"}],"curies":[{"name":"wp","href":"https:\/\/api.w.org\/{rel}","templated":true}]}}