{"id":19309,"date":"2026-01-07T12:09:58","date_gmt":"2026-01-07T11:09:58","guid":{"rendered":"http:\/\/marburg.news\/?p=19309"},"modified":"2026-01-07T12:09:58","modified_gmt":"2026-01-07T11:09:58","slug":"einsatz-fuer-die-integration-bewerben-fuer-christian-meineke-preis","status":"publish","type":"post","link":"http:\/\/marburg.news\/?p=19309","title":{"rendered":"Einsatz f\u00fcr die Integration: Bewerben f\u00fcr Christian-Meineke-Preis"},"content":{"rendered":"<p>Bis 15. Februar 2026 k\u00f6nnen sich Interessierte f\u00fcr den Christian-Meineke-Preis bewerben. Er ist eine Auszeichnung f\u00fcr herausragendes Engagement. <!--more--><br \/>\nSeit 2018 zeichnet der &#8222;Christian-Meineke-Preis f\u00fcr kulturelle Interaktion&#8220; herausragenden Einsatz f\u00fcr das soziale und friedliche gesellschaftliche Zusammenleben in Marburg aus. Nun wird der Preis erneut ausgeschrieben. Die Islamische Gemeinde Marburg und die Universit\u00e4tsstadt Marburg rufen gemeinsam zur Bewerbung bis Sonntag (15. Februar) auf.<br \/>\nTag f\u00fcr Tag engagieren sich zahlreiche Menschen freiwillig f\u00fcr das soziale und friedliche gesellschaftliche Zusammenleben in Marburg. Nach dem Tod des langj\u00e4hrigen Integrationsbeauftragten der Universit\u00e4tsstadt Marburg wurde 2018 der &#8222;Christian-Meineke-Preis f\u00fcr kulturelle Interaktion&#8220; ins Leben gerufen. Seitdem ehrt der Preis herausragendes Engagement von Marburger Personen, Institutionen, Initiativen oder Vereinen im Sinne der friedlichen kulturellen Interaktion von Erwachsenen in der Universit\u00e4tsstadt Marburg.<br \/>\nSein Ziel ist, den Aktiven und Engagierten im gemeinn\u00fctzigen Einsatz Anerkennung und Dank auszu#en sowie ihnen Motivation und Unterst\u00fctzung f\u00fcr das Fortf\u00fchren ihres Engagements und die Durchf\u00fchrung ihrer Projektideen zu geben. Der Preis ist mit 1.500 Euro dotiert.<br \/>\n&#8222;Das Engagement f\u00fcr ein friedliches Zusammenleben in unserer Gesellschaft ist nicht hoch genug zu sch\u00e4tzen&#8220;, erkl\u00e4rte Oberb\u00fcrgermeister Dr. Thomas Spies. &#8222;Die Geschehnisse in der Welt f\u00fchren uns deutlich vor Augen, wie wichtig es ist, als Gemeinschaft f\u00fcreinander da zu sein und sich gegenseitig zu unterst\u00fctzen.&#8220; Stadtr\u00e4tin Kirsten Dinnebier betonte: &#8222;Indem wir Menschen aufgeschlossen, respektvoll und wertsch\u00e4tzend begegnen, schaffen wir die Grundlage f\u00fcr ein soziales und friedliches Miteinander.&#8220;<br \/>\nDas Engagement der Bewerbenden sollte schon seit mindestens einem Jahr bestehen und auf eine weitere Dauer von mindestens zwei Jahren ausgerichtet sein und damit also nachhaltig wirken. Bewerbungen, Projektideen oder Vorschl\u00e4ge von Personen k\u00f6nnen bis Sonntag (15. Februar) eingereicht werden. Weitere Informationen zur Bewerbung sowie ein Online-Formular finden sich unter <a href=\"http:\/\/www.ig-marburg.de\/meineke-preis\">www.ig-marburg.de\/meineke-preis<\/a>.<br \/>\nDie Bewerbungen sichtet eine fachkundige Jury. Sie w\u00e4hlt die Gewinnenden aus. Der Christian-Meineke-Preis wird 2026 im Rahmen des Ramadanzelts am Sonntag (1. M\u00e4rz) von Oberb\u00fcrgermeister Dr. Thomas Spies und Stadtr\u00e4tin Kirsten Dinnebier \u00fcberreicht. Alle Bewerberinnen und Bewerber sollten sich diesen Termin vorab bereits freihalten.<\/p>\n<p>* pm: Stadt Marburg<\/p>\n","protected":false},"excerpt":{"rendered":"<p>Bis 15. Februar 2026 k\u00f6nnen sich Interessierte f\u00fcr den Christian-Meineke-Preis bewerben. Er ist eine Auszeichnung f\u00fcr herausragendes Engagement.<\/p>\n","protected":false},"author":2,"featured_media":0,"comment_status":"closed","ping_status":"open","sticky":false,"template":"","format":"standard","meta":{"advanced_seo_description":"","spay_email":"","jetpack_publicize_message":"","jetpack_is_tweetstorm":false,"jetpack_publicize_feature_enabled":true},"categories":[4],"tags":[1181,1674,7279],"jetpack_featured_media_url":"","jetpack_publicize_connections":[],"jetpack_sharing_enabled":true,"jetpack_shortlink":"https:\/\/wp.me\/p8mhvd-51r","jetpack-related-posts":[{"id":17338,"url":"http:\/\/marburg.news\/?p=17338","url_meta":{"origin":19309,"position":0},"title":"Bewerben: Christian-Meineke-Preis w\u00fcrdigt interkulturelles Engagement","date":"17. Januar 2025","format":false,"excerpt":"Bis Sonntag (23. Februar) k\u00f6nnen sich Interessierte f\u00fcr den Christian-Meineke-Preis bewerben. Er ist eine Auszeichnung f\u00fcr herausragendes Engagement f\u00fcr kulturelle Interaktion. Seit 2018 zeichnet der \"Christian-Meineke-Preis f\u00fcr kulturelle Interaktion\" herausragenden Einsatz f\u00fcr das soziale und friedliche gesellschaftliche Zusammenleben in Marburg aus. Nun wird der Preis erneut ausgeschrieben. Die Islamische Gemeinde\u2026","rel":"","context":"In &quot;Soziales&quot;","img":{"alt_text":"","src":"","width":0,"height":0},"classes":[]},{"id":12011,"url":"http:\/\/marburg.news\/?p=12011","url_meta":{"origin":19309,"position":1},"title":"Ehrung im Engagement: Wie Solidarit\u00e4t in schwierigen Zeiten gelingt","date":"24. Februar 2023","format":false,"excerpt":"F\u00fcr den Christian-Meineke-Preis k\u00f6nnen sich Interessierte noch bis Dienstag (28. Februar) bewerben. Darauf hat die Stadt Marburg am Freitag (24. Februar) hingewiesen. Tag f\u00fcr Tag engagieren sich zahlreiche Menschen freiwillig f\u00fcr das soziale und friedliche gesellschaftliche Zusammenleben in Marburg. Mit dem \"Christian-Meineke-Preis f\u00fcr kulturelle Interaktion\" wird der gemeinn\u00fctzige Einsatz von\u2026","rel":"","context":"In &quot;Soziales&quot;","img":{"alt_text":"","src":"","width":0,"height":0},"classes":[]},{"id":1830,"url":"http:\/\/marburg.news\/?p=1830","url_meta":{"origin":19309,"position":2},"title":"Teuer triumphiert: Christian-Meineke-Preis soll Integration w\u00fcrdigen","date":"8. M\u00e4rz 2018","format":false,"excerpt":"Einen \"Christian-Meineke-Preis f\u00fcr kulturelle Interaktion\" will die Stadt Marburg verleihen. Er soll Aktiven und Engagierten Annerkennung und Dank aussprechen. Es gibt zahlreiche Menschen, die sich freiwillig und sehr engagiert f\u00fcr das soziale und friedliche gesellschaftliche Zusammenleben aller Menschen in der Stadt einsetzen. Der mit 1.500 Euro dotierte Preis soll den\u2026","rel":"","context":"In &quot;Politik&quot;","img":{"alt_text":"","src":"","width":0,"height":0},"classes":[]},{"id":8560,"url":"http:\/\/marburg.news\/?p=8560","url_meta":{"origin":19309,"position":3},"title":"Bis 6. M\u00e4rz: Vorschl\u00e4ge f\u00fcr hristian-Meineke-Preis","date":"15. Januar 2022","format":false,"excerpt":"Aktive im interkulturellen Dialog k\u00f6nnen sich jetzt bewerben f\u00fcr den Christian-Meineke-Preis. Sie sollten ihre Vorschl\u00e4ge und Ideen bis Sonntag (6. M\u00e4rz) einreichen. Bereits zum vierten Mal vergibt die Islamische Gemeinde Marburg gemeinsam mit der Universit\u00e4tsstadt Marburg, dem Ausl\u00e4nderbeirat und dem Verein \"Vielfalt Marburg\" den \"Christian-Meineke-Preis f\u00fcr kulturelle Interaktion\". Der Preis\u2026","rel":"","context":"In &quot;Politik&quot;","img":{"alt_text":"","src":"","width":0,"height":0},"classes":[]},{"id":19650,"url":"http:\/\/marburg.news\/?p=19650","url_meta":{"origin":19309,"position":4},"title":"Leben sichtbar gemacht: Theaterlabor Richtsberg erhielt Christian-Meineke-Preis","date":"3. M\u00e4rz 2026","format":false,"excerpt":"Das \"Theaterlabor Richtsberg\" erz\u00e4hlt echte Geschichten. Daf\u00fcr hat es den Christian-Meineke-Preis 2026 erhalten. Im Rahmen des Ramadan-Empfangs mit gemeinsamem Fastenbrechen der Islamischen Gemeinde Marburg in der Sporthalle der Kaufm\u00e4nnischen Schulen hat das \"Theaterlabor Richtsberg\" den Christian-Meinke-Preis f\u00fcr kulturelle Interaktion erhalten. Die Universit\u00e4tsstadt Marburg, die Islamische Gemeinde Marburg und der Ausl\u00e4nderbeirat\u2026","rel":"","context":"In &quot;Kultur&quot;","img":{"alt_text":"","src":"","width":0,"height":0},"classes":[]},{"id":8884,"url":"http:\/\/marburg.news\/?p=8884","url_meta":{"origin":19309,"position":5},"title":"Erinnerung an Auszeichnung: Vorschl\u00e4ge f\u00fcr Christian-Meineke-Preis bis 6. M\u00e4rz","date":"4. M\u00e4rz 2022","format":false,"excerpt":"Bewerbungen f\u00fcr den Christian-Meineke-Preis sind noch bis Sonntag (6. M\u00e4rz) m\u00f6glich. Darauf hat die Stadt Marburg am Freitag (4. M\u00e4rz) hingewiesen. Mit dem \"Christian-Meineke-Preis f\u00fcr kulturelle Interaktion\" wird der gemeinn\u00fctzige Einsatz von Aktiven und Engagierten anerkannt und ihnen gedankt. Der Preis wird bereits zum vierten Mal von der Islamischen Gemeinde\u2026","rel":"","context":"In &quot;Soziales&quot;","img":{"alt_text":"","src":"","width":0,"height":0},"classes":[]}],"_links":{"self":[{"href":"http:\/\/marburg.news\/index.php?rest_route=\/wp\/v2\/posts\/19309"}],"collection":[{"href":"http:\/\/marburg.news\/index.php?rest_route=\/wp\/v2\/posts"}],"about":[{"href":"http:\/\/marburg.news\/index.php?rest_route=\/wp\/v2\/types\/post"}],"author":[{"embeddable":true,"href":"http:\/\/marburg.news\/index.php?rest_route=\/wp\/v2\/users\/2"}],"replies":[{"embeddable":true,"href":"http:\/\/marburg.news\/index.php?rest_route=%2Fwp%2Fv2%2Fcomments&post=19309"}],"version-history":[{"count":0,"href":"http:\/\/marburg.news\/index.php?rest_route=\/wp\/v2\/posts\/19309\/revisions"}],"wp:attachment":[{"href":"http:\/\/marburg.news\/index.php?rest_route=%2Fwp%2Fv2%2Fmedia&parent=19309"}],"wp:term":[{"taxonomy":"category","embeddable":true,"href":"http:\/\/marburg.news\/index.php?rest_route=%2Fwp%2Fv2%2Fcategories&post=19309"},{"taxonomy":"post_tag","embeddable":true,"href":"http:\/\/marburg.news\/index.php?rest_route=%2Fwp%2Fv2%2Ftags&post=19309"}],"curies":[{"name":"wp","href":"https:\/\/api.w.org\/{rel}","templated":true}]}}