{"id":19308,"date":"2026-01-07T11:34:53","date_gmt":"2026-01-07T10:34:53","guid":{"rendered":"http:\/\/marburg.news\/?p=19308"},"modified":"2026-01-07T11:34:53","modified_gmt":"2026-01-07T10:34:53","slug":"hoffnung-fuer-die-erwerbslosen-kjc-meltet-tiefststand-seit-drei-jahren","status":"publish","type":"post","link":"http:\/\/marburg.news\/?p=19308","title":{"rendered":"Hoffnung f\u00fcr die Erwerbslosen: KJC meltet Tiefststand seit drei Jahren"},"content":{"rendered":"<p>Die Erwerbslosenzahl ist im Dezember 2025 gesunken. Das besagt die aktuelle Monatsbilanz des KreisJobCenters (KJC). <!--more--><br \/>\nUm 1,5 Prozent gesunken ist Im Dezember die Zahl der arbeitslosen Menschen, die Grundsicherung nach dem Zweiten Sozialgesetzbuch (SGB II) beziehen. Das KreisJobCenter (KJC) des Landkreises Marburg-Biedenkopf meldete am Mittwoch (7. Januar) 3.793 erwerbsf\u00e4hige Leistungsberechtigte, die als arbeitslos registriert sind. Das ist ein R\u00fcckgang von 57 Personen oder 1,5 Prozent gegen\u00fcber dem <a href=\"http:\/\/marburg.news\/?p=19117\">Vormonat November 2025<\/a>.<br \/>\nIm Vergleich mit dem Dezember 2024 ist ein R\u00fcckgang der Arbeitslosen in der Zust\u00e4ndigkeit des KreisJobCenters um 279 Personen oder 6,9 Prozent zu verzeichnen. Die Quote der arbeitslosen Grundsicherungsempfangenden an den zivilen Erwerbspersonen lag im Dezember 2025 bei 2,8 Prozent. Im Vorjahresmonat lag die Quote bei 3,0 Prozent.<br \/>\n&#8222;Im Dezember sinken die Arbeitslosenzahlen nochmals um 1,5 Prozent&#8220;, berichtete der Erste Kreisbeigeordnete Peter Neidel. &#8222;Wir haben mit knapp 3.800 Arbeitslosen den besten Wert seit drei Jahren erreicht. Es ist auch eine sch\u00f6ne Best\u00e4tigung unserer Arbeit, das Jahr so positiv zum Abschluss bringen zu k\u00f6nnen, erkl\u00e4rte Neidel. &#8222;Im vor uns liegenden Jahr werden wir einen besonderen Fokus unter anderem auf die Jugendarbeitslosigkeit legen und erhoffen uns hierdurch weitere positive Effekte f\u00fcr die Arbeitslosenzahlen.&#8220;<br \/>\nIm Dezember 2025 lag die Zahl der Bedarfsgemeinschaften bei 6.751. Damit sank sie im Vergleich zum Vormonat um sieben beziehungsweise 0,1 Prozent. Verglichen mit dem Vorjahresmonat war das ein R\u00fcckgang um 181 Bedarfsgemeinschaften oder 2,6 Prozent.<br \/>\nDie Zahl der erwerbsf\u00e4higen Leistungsberechtigten stieg auf 9.105 Personen und damit im Vergleich zum Vormonat um eine Person beziehungsweise 0,0 Prozent. Gegen\u00fcber dem Vorjahresmonat ist ein R\u00fcckgang um 258 Personen oder 2,8 Prozent zu verzeichnen. Bei den Angaben zu den Bedarfsgemeinschaften und erwerbsf\u00e4higen Leistungsberechtigten handelt es sich um einen zum Stichtag 11. Dezember 2025 ermittelten vorl\u00e4ufigen Bestand und nicht um eine offizielle Statistik. Der endg\u00fcltige Bestand f\u00fcr den Berichtsmonat Dezember wird von der Bundesagentur f\u00fcr Arbeit (BA) nach einer Wartezeit von drei Monaten festgeschrieben.<\/p>\n<p>* pm: Landkreis Marburg-Biedenkopf<\/p>\n","protected":false},"excerpt":{"rendered":"<p>Die Erwerbslosenzahl ist im Dezember 2025 gesunken. Das besagt die aktuelle Monatsbilanz des KreisJobCenters (KJC).<\/p>\n","protected":false},"author":2,"featured_media":0,"comment_status":"closed","ping_status":"open","sticky":false,"template":"","format":"standard","meta":{"advanced_seo_description":"","spay_email":"","jetpack_publicize_message":"","jetpack_is_tweetstorm":false,"jetpack_publicize_feature_enabled":true},"categories":[2,4],"tags":[1612,162,22],"jetpack_featured_media_url":"","jetpack_publicize_connections":[],"jetpack_sharing_enabled":true,"jetpack_shortlink":"https:\/\/wp.me\/p8mhvd-51q","jetpack-related-posts":[{"id":17263,"url":"http:\/\/marburg.news\/?p=17263","url_meta":{"origin":19308,"position":0},"title":"Gesunken: KJC ver\u00f6ffentlichte Monatsstatistik f\u00fcr Dezember 2024","date":"3. Januar 2025","format":false,"excerpt":"Die Erwerbslosenzahl ist im Dezember um 1,1 Prozent gesunken. Das besagt die aktuelle Monatsbilanz des KreisJobCenters (KJC). Gesunken ist im Dezember 2024 die Zahl der arbeitslosen Menschen, die Grundsicherung nach dem Zweiten Sozialgesetzbuch (SGB II) beziehen. Das KreisJobCenter (KJC) des Landkreises Marburg-Biedenkopf meldet in seiner aktuellen Statistik 4.072 erwerbsf\u00e4hige Leistungsberechtigte,\u2026","rel":"","context":"In &quot;Soziales&quot;","img":{"alt_text":"","src":"","width":0,"height":0},"classes":[]},{"id":14696,"url":"http:\/\/marburg.news\/?p=14696","url_meta":{"origin":19308,"position":1},"title":"Gesunken: KJC verk\u00fcndete Erwerbslosenzahl von Dezember 2023","date":"3. Januar 2024","format":false,"excerpt":"Die Zahl der Erwerbslosen ist im Dezember um 3,5 Prozent gesunken. Das besagt die aktuelle Monatsbilanz des KreisJobCenters (KJC). Gesunken ist im Dezember 2023 die Zahl der arbeitslosen Menschen, die Grundsicherung nach dem Zweiten Sozialgesetzbuch (SGB II) beziehen. Das KreisJobCenter (KJC) des Landkreises Marburg-Biedenkopf meldet in seiner aktuellen Statistik 4.001\u2026","rel":"","context":"In &quot;Soziales&quot;","img":{"alt_text":"","src":"","width":0,"height":0},"classes":[]},{"id":18761,"url":"http:\/\/marburg.news\/?p=18761","url_meta":{"origin":19308,"position":2},"title":"Im September: Erwerbslosigkeit im Kreis auf Tiefststand gesunken","date":"30. September 2025","format":false,"excerpt":"Die Zahl der Erwerbslosen ist im im September gesunken. Das besagt die aktuelle Monatsbilanz des KreisJobCenters (KJC). Weiter gesunken ist im September die Zahl der arbeitslosen Menschen, die Grundsicherung nach dem Sozialgesetzbuch (SGB) II beziehen. Das KreisJobCenter (KJC) des Landkreises Marburg-Biedenkopf meldete am Dienstag (30. September) in seiner Monatsbilanz 3.850\u2026","rel":"","context":"In &quot;Politik&quot;","img":{"alt_text":"","src":"","width":0,"height":0},"classes":[]},{"id":17745,"url":"http:\/\/marburg.news\/?p=17745","url_meta":{"origin":19308,"position":3},"title":"Zur\u00fcckgegangen: Zahl der Erwerbslosen leicht gesunken","date":"28. M\u00e4rz 2025","format":false,"excerpt":"Die Zahl der Erwerbslosen ist im M\u00e4rz um 1,5 Prozent gesunken. Das besagt die aktuelle Monatsbilanz des KreisJobCenters (KJC). Gesunken ist im M\u00e4rz 2025 die Zahl der arbeitslosen Menschen, die Grundsicherung nach dem Zweiten Sozialgesetzbuch (SGB II) beziehen. Das KreisJobCenter (KJC) des Landkreises Marburg-Biedenkopf meldet in seiner aktuellen Statistik 4.093\u2026","rel":"","context":"In &quot;Soziales&quot;","img":{"alt_text":"","src":"","width":0,"height":0},"classes":[]},{"id":18611,"url":"http:\/\/marburg.news\/?p=18611","url_meta":{"origin":19308,"position":4},"title":"Auf Arbeitsmarkt: KJC meldet leicht gesunkene Erwerbslosigkeit","date":"29. August 2025","format":false,"excerpt":"Die Zahl der Erwerbslosen ist im August um 1,5 Prozent gesunken. Das besagt die aktuelle Monatsbilanz des KreisJobCenters (KJC). Leicht gesunken ist im August 2025 die Zahl der arbeitslosen Menschen, die Grundsicherung nach dem Zweiten Sozialgesetzbuch (SGB) II beziehen. Das KreisJobCenter (KJC) des Landkreises Marburg-Biedenkopf meldet in seiner aktuellen Statistik\u2026","rel":"","context":"In &quot;Politik&quot;","img":{"alt_text":"","src":"","width":0,"height":0},"classes":[]},{"id":11581,"url":"http:\/\/marburg.news\/?p=11581","url_meta":{"origin":19308,"position":5},"title":"KJC im Dezember: Erwerbslosigkeit leicht gesunken","date":"3. Januar 2023","format":false,"excerpt":"Die Zahl der Arbeitslosen ist im Dezember leicht gesunken. Das hat der Kreis am Dienstag (3. Januar) gemeldet. Im Dezember 2022 ist die Zahl der arbeitslosen Menschen, die Grundsicherung nach dem Sozialgesetzbuch II (SGB II) beziehen, gesunken. Das KreisJobCenter (KJC) des Landkreises Marburg-Biedenkopf meldet in seiner aktuellen Statistik 3.701 erwerbsf\u00e4hige\u2026","rel":"","context":"In &quot;Politik&quot;","img":{"alt_text":"","src":"","width":0,"height":0},"classes":[]}],"_links":{"self":[{"href":"http:\/\/marburg.news\/index.php?rest_route=\/wp\/v2\/posts\/19308"}],"collection":[{"href":"http:\/\/marburg.news\/index.php?rest_route=\/wp\/v2\/posts"}],"about":[{"href":"http:\/\/marburg.news\/index.php?rest_route=\/wp\/v2\/types\/post"}],"author":[{"embeddable":true,"href":"http:\/\/marburg.news\/index.php?rest_route=\/wp\/v2\/users\/2"}],"replies":[{"embeddable":true,"href":"http:\/\/marburg.news\/index.php?rest_route=%2Fwp%2Fv2%2Fcomments&post=19308"}],"version-history":[{"count":0,"href":"http:\/\/marburg.news\/index.php?rest_route=\/wp\/v2\/posts\/19308\/revisions"}],"wp:attachment":[{"href":"http:\/\/marburg.news\/index.php?rest_route=%2Fwp%2Fv2%2Fmedia&parent=19308"}],"wp:term":[{"taxonomy":"category","embeddable":true,"href":"http:\/\/marburg.news\/index.php?rest_route=%2Fwp%2Fv2%2Fcategories&post=19308"},{"taxonomy":"post_tag","embeddable":true,"href":"http:\/\/marburg.news\/index.php?rest_route=%2Fwp%2Fv2%2Ftags&post=19308"}],"curies":[{"name":"wp","href":"https:\/\/api.w.org\/{rel}","templated":true}]}}