{"id":19305,"date":"2026-01-06T17:50:07","date_gmt":"2026-01-06T16:50:07","guid":{"rendered":"http:\/\/marburg.news\/?p=19305"},"modified":"2026-01-06T18:08:52","modified_gmt":"2026-01-06T17:08:52","slug":"schlusstermin-kreis-hebt-allgemeinverfuegung-zur-gefluegelpest-auf","status":"publish","type":"post","link":"http:\/\/marburg.news\/?p=19305","title":{"rendered":"Schlusstermin: Kreis hebt Allgemeinverf\u00fcgung zur Gefl\u00fcgelpest auf"},"content":{"rendered":"<p>Der Kreis hebt die Allgemeinverf\u00fcgung zur Gefl\u00fcgelpest auf. Damit entf\u00e4llt die Aufstallpflicht. <!--more--><br \/>\nSeine Allgemeinverf\u00fcgung zur Gefl\u00fcgelpest hebt der Landkreis Marburg-Biedenkopf zum 8. Januar 2026 auf. Ab dann entf\u00e4llt unter anderem die bisher geltende Aufstallpflicht f\u00fcr Gefl\u00fcgel f\u00fcr Betriebe ab 1.000 Tieren. Hintergrund ist, dass seit Anfang November 2025 keine neuen F\u00e4lle der Gefl\u00fcgelpest mehr im Kreis amtlich festgestellt wurden.<br \/>\n&#8222;Wichtig war uns stets auch die Verh\u00e4ltnism\u00e4\u00dfigkeit der Auflagen&#8220;, betonte Landrat Jens Womelsdorf. &#8222;Nachdem es in den vergangenen Wochen keine neuen best\u00e4tigten F\u00e4lle im Kreis gab, k\u00f6nnen wir nun die Allgemeinverf\u00fcgung und die damit einhergehenden Auflagen aufheben.&#8220; Dank gelte auch den Halterinnen und Haltern von Gefl\u00fcgel f\u00fcr ihre Geduld, ihr Verst\u00e4ndnis und die Umsetzung der Ma\u00dfnahmen.<br \/>\nBereits im Dezember 2025 hatte der Kreis die Auflagen der -m im Oktober erlassenen &#8211; Allgemeinverf\u00fcgung zun\u00e4chst gelockert, nun werden sie g\u00e4nzlich aufgehoben. \u00dcberregionale B\u00f6rsen und M\u00e4rkte oder Gefl\u00fcgelschauen, bei denen Gefl\u00fcgel und gemeinsam mit Gefl\u00fcgel gehaltene V\u00f6gel anderer Arten gehandelt oder zur Schau gestellt werden, sind damit beispielsweise ebenfalls wieder m\u00f6glich. Die Veterin\u00e4rbeh\u00f6rde des Kreises hat die Situation weiter im Blick, um gegebenenfalls auf neue Gefl\u00fcgelpest-F\u00e4lle reagieren zu k\u00f6nnen.<\/p>\n<p>* pm: Landkreis Marburg-Biedenkopf<\/p>\n","protected":false},"excerpt":{"rendered":"<p>Der Kreis hebt die Allgemeinverf\u00fcgung zur Gefl\u00fcgelpest auf. Damit entf\u00e4llt die Aufstallpflicht.<\/p>\n","protected":false},"author":2,"featured_media":0,"comment_status":"closed","ping_status":"open","sticky":false,"template":"","format":"standard","meta":{"advanced_seo_description":"","spay_email":"","jetpack_publicize_message":"","jetpack_is_tweetstorm":false,"jetpack_publicize_feature_enabled":true},"categories":[4],"tags":[2400,4617,4630],"jetpack_featured_media_url":"","jetpack_publicize_connections":[],"jetpack_sharing_enabled":true,"jetpack_shortlink":"https:\/\/wp.me\/p8mhvd-51n","jetpack-related-posts":[{"id":19160,"url":"http:\/\/marburg.news\/?p=19160","url_meta":{"origin":19305,"position":0},"title":"Ausgesetzt: Neue Allgemeinverf\u00fcgung lockert Schutzma\u00dfnahmen gegen Vogelgrippe","date":"5. Dezember 2025","format":false,"excerpt":"Der Kreis passt seine Schutzma\u00dfnahmen gegen die Gefl\u00fcgelpest an. Das ist seine Reaktion auf das aktuelle Infektionsgeschehen. Mit einer neuen Allgemeinverf\u00fcgung reagiert der Landkreis Marburg-Biedenkopf auf die aktuelle Gefl\u00fcgelpest-Situation. Da seit Anfang November keine positiven F\u00e4lle im Landkreis nachgewiesen wurden, passt die zust\u00e4ndige Veterin\u00e4rbeh\u00f6rde des Kreises die Sicherheitsma\u00dfnahmen an und\u2026","rel":"","context":"In &quot;Soziales&quot;","img":{"alt_text":"","src":"","width":0,"height":0},"classes":[]},{"id":18926,"url":"http:\/\/marburg.news\/?p=18926","url_meta":{"origin":19305,"position":1},"title":"Getestet: Vogelgrippe im Landkreis offiziell best\u00e4tigt","date":"30. Oktober 2025","format":false,"excerpt":"Die Gefl\u00fcgelpest ist nun auch in Marburg-Biedenkopf offiziell best\u00e4tigt. Das hat der Landkreis am Donnerstag (30. Oktober) mitgeteilt. Der Erreger wurde bei drei toten Kranichen nachgewiesen. Der Kreis erl\u00e4sst eine Allgemeinverf\u00fcgung zum Schutz von Gefl\u00fcgelhaltungen. Ziel ist, die Ausbreitung der Tierseuche zu verhindern. Das - f\u00fcr Tierseuchen zust\u00e4ndige - Friedrich-L\u00f6ffler-Institut\u2026","rel":"","context":"In &quot;Soziales&quot;","img":{"alt_text":"","src":"","width":0,"height":0},"classes":[]},{"id":11453,"url":"http:\/\/marburg.news\/?p=11453","url_meta":{"origin":19305,"position":2},"title":"Ohne Transporte: Kreis erl\u00e4sst Allgemeinverf\u00fcgung zu Gefl\u00fcgelpest","date":"13. Dezember 2022","format":false,"excerpt":"Die Gefl\u00fcgelpest im Nachbarkreis wirkt sich auf Marburg-Biedenkopf aus. Der Kreis erl\u00e4sst dazu eine Allgemeinverf\u00fcgung. Wegen eines Ausbruchs der Gefl\u00fcgelpest in Bad Laasphe im Kreis Siegen-Wittgenstein in Nordrhein-Westfalen hat auch der Landkreis Marburg-Biedenkopf eine Allgemeinverf\u00fcgung erlassen. Hintergrund ist, dass sowohl die Schutzzone mit einem Radius von drei Kilometern als auch\u2026","rel":"","context":"In &quot;Soziales&quot;","img":{"alt_text":"","src":"","width":0,"height":0},"classes":[]},{"id":11162,"url":"http:\/\/marburg.news\/?p=11162","url_meta":{"origin":19305,"position":3},"title":"Kreis informiert: Tipps zum Schutz vor Gefl\u00fcgelpest","date":"8. November 2022","format":false,"excerpt":"Der Kreis gibt Hinweise zum Umgang mit Gefl\u00fcgelpest. Die Veterin\u00e4rbeh\u00f6rde ruft zur Vorsicht und Mithilfe auf. Die Gefl\u00fcgelpest breitet sich wieder bundesweit aus. Der Fachdienst Veterin\u00e4rwesen und Verbraucherschutz des Landkreises Marburg-Biedenkopf bittet alle Gefl\u00fcgelhalter um Mithilfe, um eine m\u00f6gliche Ausbreitung bei den Gefl\u00fcgelbest\u00e4nden so gering wie m\u00f6glich zu halten. Im\u2026","rel":"","context":"In &quot;Soziales&quot;","img":{"alt_text":"","src":"","width":0,"height":0},"classes":[]},{"id":18895,"url":"http:\/\/marburg.news\/?p=18895","url_meta":{"origin":19305,"position":4},"title":"Gegen Gefl\u00fcgelpest: Kreis gibt Hinweise zum Umgang mit Vogelgrippe","date":"24. Oktober 2025","format":false,"excerpt":"Der Kreis gibt Hinweise zum Schutz vor Gefl\u00fcgelpest. Tote Kraniche und andere Wasserv\u00f6gel sollte man melden, aber nicht ber\u00fchren. Nach dem Fund mehrerer toter Kraniche im Landkreis Marburg-Biedenkopf hat das zust\u00e4ndige Landeslabor in Gie\u00dfen bei drei der toten Tiere Hinweise auf eine Infektion mit dem Gefl\u00fcgelpest-Virus gefunden. Eine endg\u00fcltige Best\u00e4tigung\u2026","rel":"","context":"In &quot;Soziales&quot;","img":{"alt_text":"","src":"","width":0,"height":0},"classes":[]},{"id":7655,"url":"http:\/\/marburg.news\/?p=7655","url_meta":{"origin":19305,"position":5},"title":"Allgemeinverf\u00fcgung und Inzidenz: Kreis kann Corona-Krise nicht barrierefrei managen","date":"25. August 2021","format":false,"excerpt":"Eine neue Allgemeinverf\u00fcgung des Kreises gilt ab Donnerstag (26. August). 13 Corona-Neuinfektionen haben die Inzidenz im Kreis auf 46,1 erh\u00f6ht. Das Gesundheitsamt des Landkreises Marburg-Biedenkopf hat innerhalb eines Tages 13 neue Corona-F\u00e4lle registriert. Die Gesamtzahl der seit M\u00e4rz 2020 best\u00e4tigten Corona-Infektionen liegt damit bei 11.277. Die Zahl der \"Genesenen\" hat\u2026","rel":"","context":"In &quot;Politik&quot;","img":{"alt_text":"","src":"","width":0,"height":0},"classes":[]}],"_links":{"self":[{"href":"http:\/\/marburg.news\/index.php?rest_route=\/wp\/v2\/posts\/19305"}],"collection":[{"href":"http:\/\/marburg.news\/index.php?rest_route=\/wp\/v2\/posts"}],"about":[{"href":"http:\/\/marburg.news\/index.php?rest_route=\/wp\/v2\/types\/post"}],"author":[{"embeddable":true,"href":"http:\/\/marburg.news\/index.php?rest_route=\/wp\/v2\/users\/2"}],"replies":[{"embeddable":true,"href":"http:\/\/marburg.news\/index.php?rest_route=%2Fwp%2Fv2%2Fcomments&post=19305"}],"version-history":[{"count":1,"href":"http:\/\/marburg.news\/index.php?rest_route=\/wp\/v2\/posts\/19305\/revisions"}],"predecessor-version":[{"id":19306,"href":"http:\/\/marburg.news\/index.php?rest_route=\/wp\/v2\/posts\/19305\/revisions\/19306"}],"wp:attachment":[{"href":"http:\/\/marburg.news\/index.php?rest_route=%2Fwp%2Fv2%2Fmedia&parent=19305"}],"wp:term":[{"taxonomy":"category","embeddable":true,"href":"http:\/\/marburg.news\/index.php?rest_route=%2Fwp%2Fv2%2Fcategories&post=19305"},{"taxonomy":"post_tag","embeddable":true,"href":"http:\/\/marburg.news\/index.php?rest_route=%2Fwp%2Fv2%2Ftags&post=19305"}],"curies":[{"name":"wp","href":"https:\/\/api.w.org\/{rel}","templated":true}]}}