{"id":19303,"date":"2026-01-06T15:20:00","date_gmt":"2026-01-06T14:20:00","guid":{"rendered":"http:\/\/marburg.news\/?p=19303"},"modified":"2026-01-06T15:20:00","modified_gmt":"2026-01-06T14:20:00","slug":"tattermin-tueren-in-buero-aufgebrochen","status":"publish","type":"post","link":"http:\/\/marburg.news\/?p=19303","title":{"rendered":"Tattermin: T\u00fcren in B\u00fcro aufgebrochen"},"content":{"rendered":"<p>Zutritt zu einem B\u00fcrogeb\u00e4ude &#8222;Am Gr\u00fcn&#8220; verschafften sich Unbekannte zwischen Montag (29. Dezember) und Montag (5. Januar) bis 6.30 Uhr. Dort brachen sie die Eingangst\u00fcr der Jugendhilfe Marburg auf. <!--more--><br \/>\nAnschlie\u00dfend \u00f6ffneten sie gewaltsam mehrere T\u00fcren und durchsuchten die B\u00fcros. Die T\u00e4ter gingen jedoch leer aus. Den entstandenen Sachschaden sch\u00e4tzt die Polizei auf zirka 600 Euro. Hinweise erbittet die Polizei Marburg unter der Telefonnummer 06421\/406-0.<\/p>\n<p>* pm: Polizei Marburg<\/p>\n","protected":false},"excerpt":{"rendered":"<p>Zutritt zu einem B\u00fcrogeb\u00e4ude &#8222;Am Gr\u00fcn&#8220; verschafften sich Unbekannte zwischen Montag (29. Dezember) und Montag (5. Januar) bis 6.30 Uhr. Dort brachen sie die Eingangst\u00fcr der Jugendhilfe Marburg auf.<\/p>\n","protected":false},"author":2,"featured_media":0,"comment_status":"closed","ping_status":"open","sticky":false,"template":"","format":"standard","meta":{"advanced_seo_description":"","spay_email":"","jetpack_publicize_message":"","jetpack_is_tweetstorm":false,"jetpack_publicize_feature_enabled":true},"categories":[6],"tags":[4161,39,16],"jetpack_featured_media_url":"","jetpack_publicize_connections":[],"jetpack_sharing_enabled":true,"jetpack_shortlink":"https:\/\/wp.me\/p8mhvd-51l","jetpack-related-posts":[{"id":18910,"url":"http:\/\/marburg.news\/?p=18910","url_meta":{"origin":19303,"position":0},"title":"Ins Geb\u00e4ude: Erneut Einbr\u00fcche in zwei Universit\u00e4tsgeb\u00e4ude","date":"28. Oktober 2025","format":false,"excerpt":"Bereits zum zweiten Mal innerhalb einer Woche r\u00fcckten Geb\u00e4ude der Philipps-Universit\u00e4t in den Fokus von Einbrechern. Zwischen Freitag (24. Oktober) nach 14 Uhr und Montag (27. Oktober) vor 6 Uhr brachen sie ins Institut f\u00fcr Politikwissenschaften an der \"Ketzerbach\" ein. Sie hebelten ein Fenster auf und durchsuchten ein B\u00fcro vergeblich\u2026","rel":"","context":"In &quot;Sonstiges&quot;","img":{"alt_text":"","src":"","width":0,"height":0},"classes":[]},{"id":13379,"url":"http:\/\/marburg.news\/?p=13379","url_meta":{"origin":19303,"position":1},"title":"Hebeln statt Hof: Erfolgreicher Diebstahl und gescheiterter Versuch","date":"25. Juli 2023","format":false,"excerpt":"Zwei T\u00fcren hebelte ein Unbekannter in einem Wohn- und Gesch\u00e4ftshaus an der Ernst-Giller-Stra\u00dfe auf. An einer T\u00fcr zu B\u00fcro- und Lagerr\u00e4umen scheiterte er schlie\u00dflich. Die ge\u00f6ffneten T\u00fcren f\u00fchren zum Parkhaus beziehungsweise zum Innenhof. Durch die Hebelversuche hinterlie\u00df der T\u00e4ter starke Verformungen. Die Schadensh\u00f6he d\u00fcrfte im vierstelligen Bereich liegen. Die Polizei\u2026","rel":"","context":"In &quot;Sonstiges&quot;","img":{"alt_text":"","src":"","width":0,"height":0},"classes":[]},{"id":19050,"url":"http:\/\/marburg.news\/?p=19050","url_meta":{"origin":19303,"position":2},"title":"Einfach einbrechen: Zwei evangelische Gemeindeh\u00e4user heimgesucht","date":"17. November 2025","format":false,"excerpt":"Auf zwei evangelische Gemeindeh\u00e4user hatten es Einbrecher am Freitag (14. November) abgesehen. Am Freitagmittag drangen Unbekannte zwischen 13 Uhr und 14.15 Uhr in das Gemeindehaus der Freien evangelischen Gemeinde Marburg an der Cappeler Stra\u00dfe ein. Sie durchsuchten s\u00e4mtliche R\u00e4ume nach Wertgegenst\u00e4nden und versuchten mehrere T\u00fcren und Schr\u00e4nke aufzuhebeln. Derzeit ist\u2026","rel":"","context":"In &quot;Sonstiges&quot;","img":{"alt_text":"","src":"","width":0,"height":0},"classes":[]},{"id":18839,"url":"http:\/\/marburg.news\/?p=18839","url_meta":{"origin":19303,"position":3},"title":"Schl\u00fcssel stehlen: Einbruch in Schule an der Haselhecke","date":"15. Oktober 2025","format":false,"excerpt":"Durch eine eingeschlagene Fensterscheibe stiegen Einbrecher in der Nacht von Montag (13. Oktober) auf Dienstag (14. Oktober) in die Grundschule Marbach ein. Dabei verursachten sie Sch\u00e4den von knapp 3.000 Euro. In dem Schulgeb\u00e4ude hebelten sie mehrere T\u00fcren auf. In Schr\u00e4nken und Schubladen suchten sie nach Wertgegenst\u00e4nden. Sie lie\u00dfen einen Schl\u00fcssel\u2026","rel":"","context":"In &quot;Sonstiges&quot;","img":{"alt_text":"","src":"","width":0,"height":0},"classes":[]},{"id":19456,"url":"http:\/\/marburg.news\/?p=19456","url_meta":{"origin":19303,"position":4},"title":"Ermittlungen gegen Einbrecher: Fenster und T\u00fcren im B\u00fcrgerhaus Wehrda aufgebrochen","date":"4. Februar 2026","format":false,"excerpt":"Durch ein aufgehebeltes Fenster verschafften sich Unbekannte zwischen Montag (2. Februar) nach 19.45 Uhr und Dienstag (3. Februar) bis 10 Uhr Zutritt zum B\u00fcrgerhaus Wehrda an der Freiherr-vom-Stein-Stra\u00dfe. Auf der Suche nach Wertgegenst\u00e4nden durchw\u00fchlten sie die R\u00e4umlichkeiten. Gewaltsam \u00f6ffneten sie mehrere T\u00fcren. Ob sie dabei Beute machten, muss noch ermittelt\u2026","rel":"","context":"In &quot;Sonstiges&quot;","img":{"alt_text":"","src":"","width":0,"height":0},"classes":[]},{"id":18872,"url":"http:\/\/marburg.news\/?p=18872","url_meta":{"origin":19303,"position":5},"title":"Montag bis Dienstag: Einbruch in das B\u00fcrgerhaus Cappel","date":"22. Oktober 2025","format":false,"excerpt":"Einen Schaden von knapp 4.000 Euro verursachten Einbrecher im B\u00fcrgerhaus Cappel an der Goethestra\u00dfe. Zwischen Montag (20. Oktober) ab 18 Uhr und Dienstag (21. Oktober) vor 6.10 Uhr stiegen sie durch ein Fenster im Kellergeschoss in das Geb\u00e4ude ein. Die Unbekannten durchsuchten s\u00e4mtliche R\u00e4ume nach Wertgegenst\u00e4nden. Daf\u00fcr brachen sie mehrere\u2026","rel":"","context":"In &quot;Sonstiges&quot;","img":{"alt_text":"","src":"","width":0,"height":0},"classes":[]}],"_links":{"self":[{"href":"http:\/\/marburg.news\/index.php?rest_route=\/wp\/v2\/posts\/19303"}],"collection":[{"href":"http:\/\/marburg.news\/index.php?rest_route=\/wp\/v2\/posts"}],"about":[{"href":"http:\/\/marburg.news\/index.php?rest_route=\/wp\/v2\/types\/post"}],"author":[{"embeddable":true,"href":"http:\/\/marburg.news\/index.php?rest_route=\/wp\/v2\/users\/2"}],"replies":[{"embeddable":true,"href":"http:\/\/marburg.news\/index.php?rest_route=%2Fwp%2Fv2%2Fcomments&post=19303"}],"version-history":[{"count":0,"href":"http:\/\/marburg.news\/index.php?rest_route=\/wp\/v2\/posts\/19303\/revisions"}],"wp:attachment":[{"href":"http:\/\/marburg.news\/index.php?rest_route=%2Fwp%2Fv2%2Fmedia&parent=19303"}],"wp:term":[{"taxonomy":"category","embeddable":true,"href":"http:\/\/marburg.news\/index.php?rest_route=%2Fwp%2Fv2%2Fcategories&post=19303"},{"taxonomy":"post_tag","embeddable":true,"href":"http:\/\/marburg.news\/index.php?rest_route=%2Fwp%2Fv2%2Ftags&post=19303"}],"curies":[{"name":"wp","href":"https:\/\/api.w.org\/{rel}","templated":true}]}}