{"id":19299,"date":"2026-01-06T11:39:14","date_gmt":"2026-01-06T10:39:14","guid":{"rendered":"http:\/\/marburg.news\/?p=19299"},"modified":"2026-01-06T11:39:14","modified_gmt":"2026-01-06T10:39:14","slug":"beflaggungstermine-marburg-gedenkt-der-opfer-von-rassismus-und-krieg","status":"publish","type":"post","link":"http:\/\/marburg.news\/?p=19299","title":{"rendered":"Beflaggungstermine: Marburg gedenkt der Opfer von Rassismus und Krieg"},"content":{"rendered":"<p>Die Beflaggung der Universit\u00e4tsstadt Marburg im Januar 2026 hat die Stadt am Dienstag (6. Januar) bekanntgegeben. Zwei Beflaggungstermine erinnern an wichtige historische Ereignisse. <!--more--><br \/>\nZu besonderen Anl\u00e4ssen wie Gedenk- oder Aktionstagen hisst die Universit\u00e4tsstadt Marburg an allen st\u00e4dtischen Geb\u00e4uden sowie dem historischen Rathaus die st\u00e4dtische Flagge. Damit m\u00f6chte sie auf die Bedeutung der jeweiligen Aktionstage aufmerksam machen. F\u00fcr den Monat Januar sind zwei Beflaggungstermine geplant.<br \/>\nDer erste Beflaggungstermin ist Donnerstag (22. Januar). Er w\u00fcrdigt das Inkrafttreten des UN-Atomwaffenverbotsvertrags. Das Rathaus wird am 22. Januar 2026 mit der Fahne &#8222;Mayors for Peace&#8220; beflaggt, um ein Zeichen anl\u00e4sslich des Inkrafttretens des Atomwaffenverbotsvertrags der United Nations (UN)zu setzen. Mit dem Inkrafttreten des Vertrags im Januar 2021 wird festgelegt, dass Atomwaffen einem vollst\u00e4ndigen Verbot unterliegen sollten.<br \/>\nAm Dienstag (27. Januar)steht das Gedenken an NS-Opfer im Mitelpunkt. Die Flaggen am Marburger Rathaus sowie an weiteren \u00f6ffentlichen Geb\u00e4uden der Stadt wehen am 27. Januar 2026 auf halbmast. Erinnert wird damit an die Opfer des Nationalsozialismus.<br \/>\nDas Vernichtungslager Auschwitz ist am 27. Januar 1945 von sowjetischen Truppen befreit worden. Seit 1996 wird in Deutschland an diesem Tag der Opfer des Nationalsozialismus gedacht. Die Vereinten Nationen erkl\u00e4rten den 27. Januar im Jahr 2005 zum Internationalen Tag des Gedenkens an die Opfer des Holocaust. Er wird seitdem weltweit begangen. Die Beflaggung beginnt jeweils um 7 Uhr und endet bei Einbruch der Dunkelheit.<\/p>\n<p>* pm: Stadt Marburg<\/p>\n","protected":false},"excerpt":{"rendered":"<p>Die Beflaggung der Universit\u00e4tsstadt Marburg im Januar 2026 hat die Stadt am Dienstag (6. Januar) bekanntgegeben. Zwei Beflaggungstermine erinnern an wichtige historische Ereignisse.<\/p>\n","protected":false},"author":2,"featured_media":0,"comment_status":"closed","ping_status":"open","sticky":false,"template":"","format":"standard","meta":{"advanced_seo_description":"","spay_email":"","jetpack_publicize_message":"","jetpack_is_tweetstorm":false,"jetpack_publicize_feature_enabled":true},"categories":[5,2,4],"tags":[2858,5357,2881],"jetpack_featured_media_url":"","jetpack_publicize_connections":[],"jetpack_sharing_enabled":true,"jetpack_shortlink":"https:\/\/wp.me\/p8mhvd-51h","jetpack-related-posts":[{"id":17283,"url":"http:\/\/marburg.news\/?p=17283","url_meta":{"origin":19299,"position":0},"title":"Rathausbeflaggung: Zwei Gedenktage im Januar 2025","date":"8. Januar 2025","format":false,"excerpt":"Die Beflaggung der Universit\u00e4tsstadt Marburg im Januar 2025 hat die Stadt am Mittwoch (8. Januar) bekanntgegeben. F\u00fcr diesen Monat sind nur zwei Beflaggungstermine vorgesehen. Die Universit\u00e4tsstadt Marburg hisst zu besonderen Anl\u00e4ssen wie Gedenk- oder Aktionstagen an allen st\u00e4dtischen Geb\u00e4uden sowie dem historischen Rathaus die st\u00e4dtische Flagge. Damit m\u00f6chte Marburg auf\u2026","rel":"","context":"In &quot;Politik&quot;","img":{"alt_text":"","src":"","width":0,"height":0},"classes":[]},{"id":14774,"url":"http:\/\/marburg.news\/?p=14774","url_meta":{"origin":19299,"position":1},"title":"Standarten der Stadt: Trauerbeflaggung am 22. und 27. Januar","date":"18. Januar 2024","format":false,"excerpt":"Die Beflaggung der Universit\u00e4tsstadt Marburg im Januar 2024 umfasst zwei Termine. Diese beiden Anl\u00e4sse hat die Stadt am Donnerstag (18. Januar) vorgestellt. Die Universit\u00e4tsstadt Marburg hisst zu besonderen Anl\u00e4ssen wie Gedenk- oder Aktionstagen an allen st\u00e4dtischen Geb\u00e4uden sowie dem historischen Rathaus die st\u00e4dtische Flagge. Damit m\u00f6chte Marburg auf die Bedeutung\u2026","rel":"","context":"In &quot;Politik&quot;","img":{"alt_text":"","src":"","width":0,"height":0},"classes":[]},{"id":19797,"url":"http:\/\/marburg.news\/?p=19797","url_meta":{"origin":19299,"position":2},"title":"Fahnen hoch: Beflaggungstermine der Stadt f\u00fcr April 2026","date":"30. M\u00e4rz 2026","format":false,"excerpt":"Die Beflaggungstermine im April hat die Stadt am Montag (30. M\u00e4rz) mitgeteilt. Gehisst werden die Flaggen am \"Weltgesundheitstag\" und am \"Welttag der Partnerst\u00e4dte\". Die Universit\u00e4tsstadt Marburg hisst zu besonderen Anl\u00e4ssen wie Gedenk- oder Aktionstagen an allen st\u00e4dtischen Geb\u00e4uden sowie dem historischen Rathaus die st\u00e4dtische Flagge. Damit m\u00f6chte Marburg auf die\u2026","rel":"","context":"In &quot;Politik&quot;","img":{"alt_text":"","src":"","width":0,"height":0},"classes":[]},{"id":15311,"url":"http:\/\/marburg.news\/?p=15311","url_meta":{"origin":19299,"position":3},"title":"Zwei Termine: Beflaggung des Rathauses im April","date":"3. April 2024","format":false,"excerpt":"Die Beflaggungstermine f\u00fcr April hat die st\u00e4dtische Pressestelle am Mittwoch (3. April) bekanntgegeben. Gehisst wird die Flagge vor dem Rathaus am 7. und 28. April. Die Universit\u00e4tsstadt Marburg hisst zu besonderen Anl\u00e4ssen wie Gedenk- oder Aktionstagen die st\u00e4dtische Flagge am historischen Rathaus. Damit m\u00f6chte Marburg auf die Bedeutung der jeweiligen\u2026","rel":"","context":"In &quot;Politik&quot;","img":{"alt_text":"","src":"","width":0,"height":0},"classes":[]},{"id":18283,"url":"http:\/\/marburg.news\/?p=18283","url_meta":{"origin":19299,"position":4},"title":"Im Juli: Beflaggung f\u00fcr Frieden und gegen Faschismus","date":"30. Juni 2025","format":false,"excerpt":"Die Beflaggung des Rathauses erfolgt am Dienstag (8. Juli) und Sonntag (20. Juli). Diese beiden Beflaggungstermine hat die Universit\u00e4tsstadt Marburg f\u00fcr Juli 2025 angek\u00fcndigt. Zu besonderen Anl\u00e4ssen wie Gedenk- oder Aktionstagen hisst die Universit\u00e4tsstadt Marburg an allen st\u00e4dtischen Geb\u00e4uden sowie dem historischen Rathaus die st\u00e4dtische Flagge. Damit m\u00f6chte Marburg auf\u2026","rel":"","context":"In &quot;Politik&quot;","img":{"alt_text":"","src":"","width":0,"height":0},"classes":[]},{"id":18750,"url":"http:\/\/marburg.news\/?p=18750","url_meta":{"origin":19299,"position":5},"title":"Drei Gedenktage: Beflaggungstermine der Stadt im Oktober","date":"29. September 2025","format":false,"excerpt":"Die Beflaggungstermine im Oktober 2025 hat die Universit\u00e4tsstadt Marburg am Montag (29. September) bekanntgegeben. Drei Gedenktage sind dabei vorgesehen. Die Universit\u00e4tsstadt Marburg hisst zu besonderen Anl\u00e4ssen wie Gedenk- oder Aktionstagen an allen st\u00e4dtischen Geb\u00e4uden sowie dem historischen Rathaus die st\u00e4dtische Flagge. Damit m\u00f6chte Marburg auf die Bedeutung der jeweiligen Aktionstage\u2026","rel":"","context":"In &quot;Kultur&quot;","img":{"alt_text":"","src":"","width":0,"height":0},"classes":[]}],"_links":{"self":[{"href":"http:\/\/marburg.news\/index.php?rest_route=\/wp\/v2\/posts\/19299"}],"collection":[{"href":"http:\/\/marburg.news\/index.php?rest_route=\/wp\/v2\/posts"}],"about":[{"href":"http:\/\/marburg.news\/index.php?rest_route=\/wp\/v2\/types\/post"}],"author":[{"embeddable":true,"href":"http:\/\/marburg.news\/index.php?rest_route=\/wp\/v2\/users\/2"}],"replies":[{"embeddable":true,"href":"http:\/\/marburg.news\/index.php?rest_route=%2Fwp%2Fv2%2Fcomments&post=19299"}],"version-history":[{"count":0,"href":"http:\/\/marburg.news\/index.php?rest_route=\/wp\/v2\/posts\/19299\/revisions"}],"wp:attachment":[{"href":"http:\/\/marburg.news\/index.php?rest_route=%2Fwp%2Fv2%2Fmedia&parent=19299"}],"wp:term":[{"taxonomy":"category","embeddable":true,"href":"http:\/\/marburg.news\/index.php?rest_route=%2Fwp%2Fv2%2Fcategories&post=19299"},{"taxonomy":"post_tag","embeddable":true,"href":"http:\/\/marburg.news\/index.php?rest_route=%2Fwp%2Fv2%2Ftags&post=19299"}],"curies":[{"name":"wp","href":"https:\/\/api.w.org\/{rel}","templated":true}]}}