{"id":19294,"date":"2026-01-05T12:38:34","date_gmt":"2026-01-05T11:38:34","guid":{"rendered":"http:\/\/marburg.news\/?p=19294"},"modified":"2026-01-05T12:38:34","modified_gmt":"2026-01-05T11:38:34","slug":"weitere-kunstaktionen-jana-trommer-setzt-sich-auf-den-pilgrimstein","status":"publish","type":"post","link":"http:\/\/marburg.news\/?p=19294","title":{"rendered":"Weitere Kunstaktionen: Jana Trommer setzt sich auf den Pilgrimstein"},"content":{"rendered":"<p>Ihre &#8222;kunstaktionen f\u00fcr Klimaschutz&#8220; will Jana Trommer auch im Neuen Jahr fortsetzen. Das bekundete die Kinderpsychologin am Montag (5. Januar) mit einer \u00f6ffentlichen Aktions-Ank\u00fcndigung. <!--more--><br \/>\nDie n\u00e4chste &#8222;Kunstaktion&#8220; will Jana Trommer demnach am Freitag (9. Januar) von 16.30 bis 16.45 Uhr am Pilgrimstein beim Fu\u00dfg\u00e4nger\u00fcbergang vor dem Oberstadtaufzug durchf\u00fchren. Damit m\u00f6chte sie die St\u00f6rungen durch die Klimakrise symbolisiere, auf die Gefahren durch fehlenden Klimaschutz hinweisen. Zugleich fordert sie von der Regie\u00adrung, ernsthafte Schutzma\u00dfnahmen durch Klimaschutz zu ergreifen.<br \/>\n&#8222;Ich werde dann die Stra\u00dfe \u00fcber eine gr\u00fcne Fu\u00dfg\u00e4ngerampel betreten und die Fahrbahn nicht wieder verlassen&#8220;, schrieb Trommer auch in ihrer j\u00fcngsten Aktionsank\u00fcndigung. &#8222;Ich werde meine H\u00e4nde wei\u00df einf\u00e4rben und \u00fcber meinen Kopf halten. Ich symbolisiere damit meine Hilflosigkeit gegen\u00fcber ausbleibenden Klimaschutz und meine Trauer \u00fcber alle Verluste von Leben und Vielfalt durch die Klimakrise.&#8220;<br \/>\nMit gleichlautenden Ank\u00fcndigungen hatte Trommer seit dem 26. September 2025 regelm\u00e4\u00dfig solche <a href=\"http:\/\/marburg.news\/?p=18786\">Kunstaktionen f\u00fcr Klimaschutz<\/a> durchgef\u00fchrt. Wiederholt gesellten sich dabei Mitstreiterinnen und Mitstreiter zu der Aktionsk\u00fcnstlerin hinzu. \u00dcber das Jahr 2025 hinweg hat Trommer damit &#8211; im wahrsten Sinne des Wortes &#8211; &#8222;Sitzfleisch&#8220; bewiesen.<\/p>\n<p>* pm: Jana Trommer, Marburg<\/p>\n","protected":false},"excerpt":{"rendered":"<p>Ihre &#8222;kunstaktionen f\u00fcr Klimaschutz&#8220; will Jana Trommer auch im Neuen Jahr fortsetzen. Das bekundete die Kinderpsychologin am Montag (5. Januar) mit einer \u00f6ffentlichen Aktions-Ank\u00fcndigung.<\/p>\n","protected":false},"author":2,"featured_media":0,"comment_status":"closed","ping_status":"open","sticky":false,"template":"","format":"standard","meta":{"advanced_seo_description":"","spay_email":"","jetpack_publicize_message":"","jetpack_is_tweetstorm":false,"jetpack_publicize_feature_enabled":true},"categories":[3,2,4],"tags":[5169,506,4454],"jetpack_featured_media_url":"","jetpack_publicize_connections":[],"jetpack_sharing_enabled":true,"jetpack_shortlink":"https:\/\/wp.me\/p8mhvd-51c","jetpack-related-posts":[{"id":19322,"url":"http:\/\/marburg.news\/?p=19322","url_meta":{"origin":19294,"position":0},"title":"Klimakunst: Jana Trommer bleibt im Pilgrimstein","date":"11. Januar 2026","format":false,"excerpt":"Jana Trommer macht auch 2026 weiter mit ihren \"Kunstaktionen\" f\u00fcr Klimaschutz. Die n\u00e4chste Aktion hat die Marburgerin f\u00fcr Freitag (16. Januar) angek\u00fcndigt. Am Freitag (16. Januar) von 16.30 bis 16.45 Uhr will Jana Trommer am Pilgrimstein beim Fu\u00dfg\u00e4nger\u00fcbergang an der Einhornapotheke ihre n\u00e4chste Kunstaktion durchf\u00fchren. Damit m\u00f6chte die Psychologin die\u2026","rel":"","context":"In &quot;Kultur&quot;","img":{"alt_text":"","src":"","width":0,"height":0},"classes":[]},{"id":19360,"url":"http:\/\/marburg.news\/?p=19360","url_meta":{"origin":19294,"position":1},"title":"Kunstaktion: Jana Trommer sitzt erneut im Pilgrimstein","date":"19. Januar 2026","format":false,"excerpt":"Auch ihre n\u00e4chste \"Kunstaktion\" f\u00fcr Klimaschutz m\u00f6chte Jana Trommer wieder im Pilgrimstein durchf\u00fchren. Das hat sie am Montag (19. Januar) angek\u00fcndigt. \"Am Freitag (23. Januar) von 16.30 bis 16.45 Uhr werde ich in Marburg am Pilgrimstein - Fu\u00dfg\u00e4nger\u00fcbergang an der Einhornapotheke - eine Kunstaktion durchf\u00fchren, mit der ich die St\u00f6rungen\u2026","rel":"","context":"In &quot;Kultur&quot;","img":{"alt_text":"","src":"","width":0,"height":0},"classes":[]},{"id":19390,"url":"http:\/\/marburg.news\/?p=19390","url_meta":{"origin":19294,"position":2},"title":"Topthema Klima: Diesmal setzt sich Jana Trommer auf die Frankfurter Stra\u00dfe","date":"25. Januar 2026","format":false,"excerpt":"Eine weitere \"Kunstaktion\" f\u00fcr Klimaschutz hat Jana Trommer am Sonntag (25. Januar) angek\u00fcndigt. Sie soll am Freitag (30. Januar) auf der Frankfurter Stra\u00dfe stattfinden. Von 16.30 bis 16.45 Uhr will Jana Trommer auf dem Fu\u00dfg\u00e4nger\u00fcberweg an der Einm\u00fcndung der Haspelstra\u00dfe eine \"Kunstaktion\" durchf\u00fchren, mit der sie die St\u00f6rungen durch die\u2026","rel":"","context":"In &quot;Kultur&quot;","img":{"alt_text":"","src":"","width":0,"height":0},"classes":[]},{"id":19166,"url":"http:\/\/marburg.news\/?p=19166","url_meta":{"origin":19294,"position":3},"title":"Auf der Biegenstra\u00dfe: Trommer widersetzt sich und setzt sich wieder","date":"7. Dezember 2025","format":false,"excerpt":"Ihre n\u00e4chste \"Kunstaktion\" m\u00f6chte Jana Trommer am Freitag (12. Dezember) von 16 bis 16.15 Uhr auf der Biegenstra\u00dfe durchf\u00fchren. Erneut protestiert die Marburger Psychologin damit gegen mangelnden Klimaschutz in Deutschland. Beim Fu\u00dfg\u00e4nger\u00fcbergang an der Einm\u00fcndung der Wolffstra\u00dfe will Jana Trommer die St\u00f6rungen durch die Klimakrise symbolisieren und zugleich auf die\u2026","rel":"","context":"In &quot;Kultur&quot;","img":{"alt_text":"","src":"","width":0,"height":0},"classes":[]},{"id":19761,"url":"http:\/\/marburg.news\/?p=19761","url_meta":{"origin":19294,"position":4},"title":"Im Krisenfall: Jana Trommer sitzt unweit der CDU","date":"23. M\u00e4rz 2026","format":false,"excerpt":"Ihre n\u00e4chste \"Kunstaktion\" f\u00fcr Klimaschutz richtet Jana Trommer direkt an die CDU. Daf\u00fcr hat sie sich eine passende Kreuzung in Marburg ausgesucht. In H\u00f6rweite des CDU-B\u00fcros m\u00f6chte Jana Trommer am Freitag (27. M\u00e4rz) von 16.30 bis 16.45 Uhr auf der Gisselberger Stra\u00dfe beim Fu\u00dfg\u00e4nger\u00fcbergang an der Ecke zur Frankfurter Stra\u00dfe\u2026","rel":"","context":"In &quot;Politik&quot;","img":{"alt_text":"","src":"","width":0,"height":0},"classes":[]},{"id":19544,"url":"http:\/\/marburg.news\/?p=19544","url_meta":{"origin":19294,"position":5},"title":"Bemerkbar machen: Diesmal sitzt Jana Trommer Am Gr\u00fcn","date":"16. Februar 2026","format":false,"excerpt":"Ihre n\u00e4chste \"Kunstaktion f\u00fcr Klimaschutz\" hat Jana Trommer f\u00fcr Freitag (20. Februar) angek\u00fcndigt. Von 16.30 bis 16.45 Uhr will sie auf der Stra\u00dfe \"Am Gr\u00fcn\" sitzen. Beim Fu\u00dfg\u00e4nger\u00fcbergang an der Einm\u00fcndung der Stra\u00dfe \"Am Gr\u00fcn\" in die Universit\u00e4tsstra\u00dfe will Jana Trommer am Freitag (20. Februar) von 16.30 bis 16.45 Uhr\u2026","rel":"","context":"In &quot;Kultur&quot;","img":{"alt_text":"","src":"","width":0,"height":0},"classes":[]}],"_links":{"self":[{"href":"http:\/\/marburg.news\/index.php?rest_route=\/wp\/v2\/posts\/19294"}],"collection":[{"href":"http:\/\/marburg.news\/index.php?rest_route=\/wp\/v2\/posts"}],"about":[{"href":"http:\/\/marburg.news\/index.php?rest_route=\/wp\/v2\/types\/post"}],"author":[{"embeddable":true,"href":"http:\/\/marburg.news\/index.php?rest_route=\/wp\/v2\/users\/2"}],"replies":[{"embeddable":true,"href":"http:\/\/marburg.news\/index.php?rest_route=%2Fwp%2Fv2%2Fcomments&post=19294"}],"version-history":[{"count":0,"href":"http:\/\/marburg.news\/index.php?rest_route=\/wp\/v2\/posts\/19294\/revisions"}],"wp:attachment":[{"href":"http:\/\/marburg.news\/index.php?rest_route=%2Fwp%2Fv2%2Fmedia&parent=19294"}],"wp:term":[{"taxonomy":"category","embeddable":true,"href":"http:\/\/marburg.news\/index.php?rest_route=%2Fwp%2Fv2%2Fcategories&post=19294"},{"taxonomy":"post_tag","embeddable":true,"href":"http:\/\/marburg.news\/index.php?rest_route=%2Fwp%2Fv2%2Ftags&post=19294"}],"curies":[{"name":"wp","href":"https:\/\/api.w.org\/{rel}","templated":true}]}}