{"id":19250,"date":"2025-12-19T17:56:21","date_gmt":"2025-12-19T16:56:21","guid":{"rendered":"http:\/\/marburg.news\/?p=19250"},"modified":"2025-12-19T17:56:21","modified_gmt":"2025-12-19T16:56:21","slug":"neue-zusammenarbeit-drei-vereine-entwickeln-carsharing-weiter","status":"publish","type":"post","link":"http:\/\/marburg.news\/?p=19250","title":{"rendered":"Neue Zusammenarbeit: Drei Vereine entwickeln Carsharing weiter"},"content":{"rendered":"<p>Drei Carsharing-Vereine in Marburg entwickeln nachhaltige Mobilit\u00e4t weiter. Bei diesem Engagement sind sie gemeinsam unterwegs. <!--more--><br \/>\nRund 223.300 Kilometer wurden bereits \u00fcber das ehrenamtliche Carsharing-Angebot in Marburgs l\u00e4ndlich gepr\u00e4gten Au\u00dfenstadtteilen zur\u00fcckgelegt. Mitglieder der drei Carsharing-Vereine setzten sich w\u00e4hrend eines Workshops damit auseinander, wie diese Form nachhaltiger Mobilit\u00e4t weiterentwickelt werden kann.<br \/>\n&#8222;Wir freuen uns au\u00dferordentlich dar\u00fcber, wie gut das Angebot angenommen wird&#8220;, sagte Oberb\u00fcrgermeister Dr. Thomas Spies und hob das Engagement der drei ehrenamtlichen Carsharing-Vereine in Ginseldorf\/ Bauerbach, Moischt und Dagobertshausen\/ Elnhausen hervor. &#8222;Sie erm\u00f6glichen und tragen dieses Angebot. Und seine Entwicklung verdeutlicht, wie erfolgreich sie mit Ihren Projekten waren und sind.&#8220;<br \/>\nDie Zahlen ab Mai 2022 zeigen, dass das Angebot an allen Standorten kontinuierlich vermehrt genutzt wird. Das erste Carsharing-Projekt startete in Ginseldorf. Im September 2023 kamen die Projekte aus Moischt und Dagobertshausen\/ Elnhausen hinzu. Seit August 2025 ist Bauerbach dem Ginseldorfer Projekt angeschlossen. Bis November 2025 gab es seit dem Projekt-Start im Mai 2022 f\u00fcr alle Standorte insgesamt fast 6.000 Buchungen.<br \/>\nDie mittlerweile insgesamt acht Autos haben gemeinsam rund 223.300 Kilometer zur\u00fcckgelegt. Vier Autos geh\u00f6ren zu dem Projekt Ginseldorf\/ Bauerbach, zwei zu Moischt und zwei zu Dagobertshausen\/ Elnhausen.<br \/>\n&#8222;Wir k\u00f6nnen schon heute zeigen, dass nachhaltige Mobilit\u00e4t auch im l\u00e4ndlichen Raum funktioniert &#8211; wenn Menschen sie gemeinsam gestalten&#8220;, sagte Ralf Laging, der das Ginseldorfer Pilotprojekt seit Beginn koordiniert. In Ginseldorf beispielsweise haben bereits mehrere Haushalte ihren Zweitwagen abgeschafft oder bewusst auf ein eigenes Auto verzichtet, weil das Carsharing-Angebot zuverl\u00e4ssig und wohnortnah verf\u00fcgbar ist.<br \/>\nWie b\u00fcrgerschaftlich getragenes Carsharing im l\u00e4ndlichen Raum dauerhaft bestehen und wachsen kann, darum ging es w\u00e4hrend einer Veranstaltung zum Thema. Die Marburger Stadtverwaltung hatte f\u00fcr die drei ehrenamtlich organisierten Carsharing-Vereine den Workshop &#8222;Perspektiven des Carsharings im l\u00e4ndlichen Raum&#8220; organisiert. Das Ziel der Veranstaltung war, gemeinsam mit externer Fachberatung Wege f\u00fcr die zuk\u00fcnftige Entwicklung zu finden.<br \/>\nFachliche Impulse lieferte Klaus Grieger vom Unternehmen &#8222;evemo&#8220; und der Genossenschaft &#8222;Vianova&#8220; &#8211; beides spezialisiert auf digitale Sharing-L\u00f6sungen f\u00fcr Kommunen, Vereine und B\u00fcrgergemeinschaften. Evemo betreibt zugleich die Buchungsplattform, \u00fcber die das B\u00fcrger-Carsharing in den drei Au\u00dfenstadtteilen organisiert wird.<br \/>\nIn Impulsvortr\u00e4gen und Arbeitsgruppen diskutierten die Teilnehmenden \u00fcber zentrale Fragen: F\u00fcr wen ist Carsharing interessant? Welche Bed\u00fcrfnisse bestehen im l\u00e4ndlichen Raum? Und wie k\u00f6nnen Vereine ihre Strukturen st\u00e4rken, um dauerhaft tragf\u00e4hig zu bleiben?<br \/>\nDabei wurde deutlich: Carsharing im Dorf ist weit mehr als die gemeinsame Nutzung eines Autos. Es steht f\u00fcr gemeinschaftlich organisierte Mobilit\u00e4t, f\u00fcr Klimaschutz, mehr Lebensqualit\u00e4t und die Sicherung individueller Mobilit\u00e4t f\u00fcr alle Generationen &#8211; von jungen Familien bis zu \u00e4lteren Menschen. Im Fokus standen zudem Solidarit\u00e4t und Gemeinschaftssinn: Mobilit\u00e4t als gemeinsame Aufgabe statt als individueller Besitz. Informationen zum Angebot gibt es unter <a href=\"http:\/\/www.marburg.de\/carsharing\">www.marburg.de\/carsharing<\/a>.<\/p>\n<p>* pm: Stadt Marburg<\/p>\n","protected":false},"excerpt":{"rendered":"<p>Drei Carsharing-Vereine in Marburg entwickeln nachhaltige Mobilit\u00e4t weiter. Bei diesem Engagement sind sie gemeinsam unterwegs.<\/p>\n","protected":false},"author":2,"featured_media":0,"comment_status":"closed","ping_status":"open","sticky":false,"template":"","format":"standard","meta":{"advanced_seo_description":"","spay_email":"","jetpack_publicize_message":"","jetpack_is_tweetstorm":false,"jetpack_publicize_feature_enabled":true},"categories":[2,4],"tags":[3268,1705,759],"jetpack_featured_media_url":"","jetpack_publicize_connections":[],"jetpack_sharing_enabled":true,"jetpack_shortlink":"https:\/\/wp.me\/p8mhvd-50u","jetpack-related-posts":[{"id":8242,"url":"http:\/\/marburg.news\/?p=8242","url_meta":{"origin":19250,"position":0},"title":"Diskutiert und initiiert: Projekt f\u00fcr Carsharing in Au\u00dfenstadtteilen","date":"26. November 2021","format":false,"excerpt":"Ein Pilotprojekt zu Carsharing geht in den Au\u00dfenstadtteilen an den Start. Die Bev\u00f6lkerung dort m\u00f6chte es selbst organisieren. Wie kann Carsharing auch in kleineren Orten umgesetzt werden? B\u00fcrgerinnen und B\u00fcrger in Marburger Au\u00dfenstadtteilen haben sich zusammengeschlossen und wollen selbst initiativ werden. Die Stadt Marburg wird daher drei Au\u00dfenstadtteile ausw\u00e4hlen, in\u2026","rel":"","context":"In &quot;Politik&quot;","img":{"alt_text":"","src":"","width":0,"height":0},"classes":[]},{"id":8715,"url":"http:\/\/marburg.news\/?p=8715","url_meta":{"origin":19250,"position":1},"title":"Schwierige Aufgabe: Carsharing in Au\u00dfenstadtteilen geht an den Start","date":"2. Februar 2022","format":false,"excerpt":"Das Carsharing-Projekt in Ginseldorf, Moischt, Elnhausen und Dagobertshausen geht an den Start. Es soll die Mobilit\u00e4t in den Au\u00dfenstadtteilen verbessern. Die Au\u00dfenstadtteile, in denen das Pilotprojekt \"B\u00fcrger*innen-Carsharing\" startet, stehen fest: Ginseldorf, Elnhausen zusammen mit Dagobertshausen und Moischt erhalten von der Stadt Marburg eine F\u00f6rderung f\u00fcr eine dreij\u00e4hrige Pilotphase. Ziel des\u2026","rel":"","context":"In &quot;Politik&quot;","img":{"alt_text":"","src":"","width":0,"height":0},"classes":[]},{"id":16844,"url":"http:\/\/marburg.news\/?p=16844","url_meta":{"origin":19250,"position":2},"title":"Marburg macht mobil: Ausgezeichnetes Carsharing in Au\u00dfenstadtteilen","date":"7. November 2024","format":false,"excerpt":"Das Carsharing in Marburgs Au\u00dfenstadtteilen hat im Bundeswettbewerb gewonnen. Das berichtete die Stadt am Donnerstag (7. November). Das sogenannte \"B\u00fcrger*innen-Carsharing\" in den Marburger Au\u00dfenstadtteilen wurde als \"gelungener Beitrag zur Verbesserung der Mobilit\u00e4t im eigenen Wohnort im Bundeswettbewerb \"Zu Hause unterwegs. Mobil in l\u00e4ndlichen R\u00e4umen\" ausgezeichnet. Mobil zu sein, ist Voraussetzung,\u2026","rel":"","context":"In &quot;Politik&quot;","img":{"alt_text":"","src":"","width":0,"height":0},"classes":[]},{"id":9347,"url":"http:\/\/marburg.news\/?p=9347","url_meta":{"origin":19250,"position":3},"title":"Gestartet: Carsharing mit zwei E-Autos in Ginseldorf","date":"2. Mai 2022","format":false,"excerpt":"Das B\u00fcrger-Carsharing startet mit zwei E-Autos in Ginseldorf. Weitere Au\u00dfenstadtteile folgen. Die Stadt Marburg setzt sich als Klimaschutz-Kommune aktiv f\u00fcr eine vernetzte Mobilit\u00e4t in den Marburger Au\u00dfenstadtteilen ein. Dazu unterst\u00fctzt sie das B\u00fcrger*innen-Carsharing-Projekt an drei Pilotstandorten. Ginseldorf ist der erste Stadtteil, der nun mit zwei E-Fahrzeugen an den Start geht.\u2026","rel":"","context":"In &quot;Politik&quot;","img":{"alt_text":"","src":"","width":0,"height":0},"classes":[]},{"id":8498,"url":"http:\/\/marburg.news\/?p=8498","url_meta":{"origin":19250,"position":4},"title":"Statt Verbrennern: Carsharing mit E-Autos im l\u00e4ndlichen Raum","date":"5. Januar 2022","format":false,"excerpt":"Carsharing im l\u00e4ndlichen Raum ist Thema einer Online-Veranstaltung am Montag (17. Januar). Ein Pionier berichtet von 30 Jahren Erfahrung. Carsharing klappt nicht nur in der Stadt, sondern auch auf dem Land. Die Stadt unterst\u00fctzt Marburgs Au\u00dfenstadtteile dabei mit dem neuen B\u00fcrger*innen-Carsharing-Projekt. Im Rahmen dessen gibt es am Montag (17. Januar)\u2026","rel":"","context":"In &quot;Politik&quot;","img":{"alt_text":"","src":"","width":0,"height":0},"classes":[]},{"id":16624,"url":"http:\/\/marburg.news\/?p=16624","url_meta":{"origin":19250,"position":5},"title":"Mit Mobilit\u00e4t: Marburgs Stadtteil Moischt hat Zukunft","date":"15. Oktober 2024","format":false,"excerpt":"Beim Wettbewerb \"Unser Dorf hat Zukunft\" erh\u00e4lt Moischt einen Sonderpreis f\u00fcr sein Carsharing-Projekt. Neben der Ausleihe von Elektroautos bietet es auch einen Fahrdienst an. \"Unser Dorf hat Zukunft\" lautet das Motto des gleichnamigen Wettbewerbs. Der Marburger Stadtteil Moischt hat sich beworben und wird f\u00fcr das B\u00fcrgercarsharing mit einem Sonderpreis ausgezeichnet.\u2026","rel":"","context":"In &quot;Politik&quot;","img":{"alt_text":"","src":"","width":0,"height":0},"classes":[]}],"_links":{"self":[{"href":"http:\/\/marburg.news\/index.php?rest_route=\/wp\/v2\/posts\/19250"}],"collection":[{"href":"http:\/\/marburg.news\/index.php?rest_route=\/wp\/v2\/posts"}],"about":[{"href":"http:\/\/marburg.news\/index.php?rest_route=\/wp\/v2\/types\/post"}],"author":[{"embeddable":true,"href":"http:\/\/marburg.news\/index.php?rest_route=\/wp\/v2\/users\/2"}],"replies":[{"embeddable":true,"href":"http:\/\/marburg.news\/index.php?rest_route=%2Fwp%2Fv2%2Fcomments&post=19250"}],"version-history":[{"count":0,"href":"http:\/\/marburg.news\/index.php?rest_route=\/wp\/v2\/posts\/19250\/revisions"}],"wp:attachment":[{"href":"http:\/\/marburg.news\/index.php?rest_route=%2Fwp%2Fv2%2Fmedia&parent=19250"}],"wp:term":[{"taxonomy":"category","embeddable":true,"href":"http:\/\/marburg.news\/index.php?rest_route=%2Fwp%2Fv2%2Fcategories&post=19250"},{"taxonomy":"post_tag","embeddable":true,"href":"http:\/\/marburg.news\/index.php?rest_route=%2Fwp%2Fv2%2Ftags&post=19250"}],"curies":[{"name":"wp","href":"https:\/\/api.w.org\/{rel}","templated":true}]}}