{"id":19213,"date":"2025-12-15T13:13:38","date_gmt":"2025-12-15T12:13:38","guid":{"rendered":"http:\/\/marburg.news\/?p=19213"},"modified":"2025-12-15T13:13:38","modified_gmt":"2025-12-15T12:13:38","slug":"neues-anpassungskonzept-kreis-bereitet-sich-auf-folgen-des-klimawandels-vor","status":"publish","type":"post","link":"http:\/\/marburg.news\/?p=19213","title":{"rendered":"Neues Anpassungskonzept: Kreis bereitet sich auf Folgen des Klimawandels vor"},"content":{"rendered":"<p>Kreis und Kommunen bereiten sich auf Folgen des Klimawandels vor. Der Kreistag hat ein Klima-Anpassungskonzept f\u00fcr Marburg-Biedenkopf beschlossen. <!--more--><br \/>\nUm sich gegen die Folgen des Klimawandels zu wappnen, hat der Landkreis Marburg-Biedenkopf ein Klima-Anpassungskonzept erarbeitet. Die Umsetzung dieses Konzepts hat der Kreistag nun in seiner Sitzung im Dezember beschlossen, sodass der Kreis jetzt die entwickelten Ma\u00dfnahmen angehen kann. Das Konzept l\u00e4sst sich auf der Homepage des Kreises unter <a href=\"http:\/\/www.marburg-biedenkopf.de\/klimaanpassung\">www.marburg-biedenkopf.de\/klimaanpassung<\/a> nachlesen.<br \/>\nZudem hat der Kreis 14 St\u00e4dte und Gemeinden dabei unterst\u00fctzt, ein eigenes Klima-Anpassungskonzept zu entwickeln &#8211; diese m\u00fcssen allerdings von den kommunalen Parlamenten der jeweiligen St\u00e4dte oder Gemeinden beschlossen werden.<br \/>\nW\u00e4hrend der Klimawandel weiter voranschreitet, sind mittlerweile auch die Folgen klar zu sp\u00fcren. Dazu z\u00e4hlen Hitzerekorde, sogenannte Starkregenereignisse (sehr viel Regen in kurzer Zeit) aber auch l\u00e4ngere Trockenphasen: Das Wetter in Deutschland und auch im Landkreis wird instabiler und extremer.<br \/>\n&#8222;Hier setzt das Klima-Anpassungskonzept an: Unser Ziel ist es, damit die Menschen im Landkreis zu sch\u00fctzen, Infrastruktur klimasicher aufzustellen, die Klima-Anpassung in der Verwaltung zu verankern und bei neuen Vorhaben immer mitzudenken&#8220;, betonte Landrat Jens Womelsdorf. W\u00e4hrend Klimaschutz vor allem zum Ziel hat, die Ursachen des Klimawandels zu bek\u00e4mpfen, geht es bei der Klima-Anpassung darum, sich mit den bereits unvermeidbaren Folgen des Klimawandels auseinanderzusetzen und die Widerstandsf\u00e4higkeit der Menschen und Institutionen zu st\u00e4rken.<br \/>\nIm beschlossenen Konzept des Landkreises, das nun in den n\u00e4chsten Jahren von der Kreisverwaltung umgesetzt werden soll, sind insgesamt 25 Ma\u00dfnahmen enthalten, die an verschiedenen Arbeitsbereichen der Kreisverwaltung ansetzen. Durch die vielf\u00e4ltigen Ma\u00dfnahmen will der Kreis unterschiedliche Zielgruppen erreichen: Schulfl\u00e4chen begr\u00fcnen, um mehr Schatten zu bieten, eine Karte entwickeln, die die k\u00fchlsten Orte im Landkreis zeigt oder auch eine angepasste Planung von Geh- und Radwegen, die beispielsweise wo m\u00f6glich vermehrt durch beschattete Routen gef\u00fchrt werden k\u00f6nnen &#8211; all das sind Beispiele f\u00fcr Ma\u00dfnahmen des Konzepts. Mit Informationen und Veranstaltungen &#8211; zum Beispiel \u00fcber das Thema Eigenvorsorge &#8211; m\u00f6chte der Kreis m\u00f6glichst viele Menschen bei der Anpassung an die Folgen des Klimawandels im privaten Bereich unterst\u00fctzen. Auch ein Hitze-Aktionsplan wurde im Konzept als Ma\u00dfnahme verankert.<br \/>\n&#8222;Unser Landkreis geh\u00f6rt zu einem der ersten Landkreise in Hessen, die ein solches Projekt in Zusammenarbeit mit den Kommunen angehen&#8220;, machte der Landrat deutlich. &#8222;ein bedeutender Schritt, der zeigt, wie wichtig uns die Sicherheit und die Lebensqualit\u00e4t unserer B\u00fcrgerinnen und B\u00fcrger sind. Dabei m\u00f6chten wir nicht nur reagieren, sondern uns vorbereiten und aktiv gestalten.&#8220;<br \/>\nDer Prozess zur Erstellung des Konzepts begann mit einer Auftaktveranstaltung Ende 2024 in der Gemeindehalle in C\u00f6lbe. Um die unterschiedlichen Gegebenheiten und Bed\u00fcrfnisse der St\u00e4dte und Gemeinden im Kreis zu ber\u00fccksichtigen, gibt es neben dem Konzept f\u00fcr die Kreisverwaltung n\u00e4mlich auch Klima-Anpassungskonzepte f\u00fcr die 14 teilnehmenden Kommunen: Neben dem Kreis sind auch Am\u00f6neburg, Bad Endbach, Breidenbach, C\u00f6lbe, Dautphetal, Fronhausen, Kirchhain, Lahntal, Lohra, M\u00fcnchhausen, Neustadt, Rauschenberg, Wetter sowie Wohratal dabei.<br \/>\nSeit dem Auftakt haben die Beteiligten \u00fcber verschiedene Beteiligungsformate und Workshops die &#8211; bereits jetzt sp\u00fcrbaren und in Zukunft wahrscheinlichen &#8211; Klimawandelfolgen ermittelt und vorsorgende Ma\u00dfnahmen erarbeitet. Unterst\u00fctzt wurden und werden sie dabei vom Klimaanpassungsteam des Landkreises. Es besteht aus Katrin Lotzmann, Mareike Lorenz und Lukas Simon. Sie haben auch die Projektkoordination inne, w\u00e4hrend das B\u00fcro &#8222;alpS GmbH, Klima Plus und EQU:WIN&#8220; die inhaltliche Erarbeitung unterst\u00fctzt hat. Das Bundesministerium f\u00fcr Umwelt, Klimaschutz, Naturschutz und nukleare Sicherheit hat die Erstellung des Konzepts mit einer F\u00f6rderung der Personalstellen von 80 Prozent unterst\u00fctzt.<br \/>\nDie Konzepte f\u00fcr die Kommunen m\u00fcssen von den jeweiligen politischen Gremien vor Ort &#8211; also den Stadt- oder Gemeindeparlamenten &#8211; beschlossen werden. Zum aktuellen Zeitpunkt haben die Kommunen Kirchhain, Am\u00f6neburg, Wohratal, Neustadt, C\u00f6lbe, Rauschenberg und Fronhausen das jeweils eigene Konzept beschlossen. Eine Anschlussf\u00f6rderung f\u00fcr die Personalkosten f\u00fcr die Umsetzung der Klimaanpassungskonzepte ist beantragt. Weitere Informationen zum Projekt sowie das vollst\u00e4ndige Klima-Anpassungskonzept f\u00fcr den Landkreis mit allen Ma\u00dfnahmen gibt es online unter <a href=\"https:\/\/www.marburg-biedenkopf.de\/klimaanpassung\">www.marburg-biedenkopf.de\/klimaanpassung<\/a>. Dort finden Interessierte auch Ma\u00dfnahmen aus den Konzepten f\u00fcr die jeweiligen Kommunen.<\/p>\n<p>* pm: Landkreis Marburg-Biedenkopf<\/p>\n","protected":false},"excerpt":{"rendered":"<p>Kreis und Kommunen bereiten sich auf Folgen des Klimawandels vor. Der Kreistag hat ein Klima-Anpassungskonzept f\u00fcr Marburg-Biedenkopf beschlossen.<\/p>\n","protected":false},"author":2,"featured_media":0,"comment_status":"closed","ping_status":"open","sticky":false,"template":"","format":"standard","meta":{"advanced_seo_description":"","spay_email":"","jetpack_publicize_message":"","jetpack_is_tweetstorm":false,"jetpack_publicize_feature_enabled":true},"categories":[2,4],"tags":[7253,1491,5776],"jetpack_featured_media_url":"","jetpack_publicize_connections":[],"jetpack_sharing_enabled":true,"jetpack_shortlink":"https:\/\/wp.me\/p8mhvd-4ZT","jetpack-related-posts":[{"id":16072,"url":"http:\/\/marburg.news\/?p=16072","url_meta":{"origin":19213,"position":0},"title":"Anpassung anpacken: Kreis erstellt Konzept zum Klimaschutz","date":"1. August 2024","format":false,"excerpt":"Marburg-Biedenkopf stellt sich den Herausforderungen des Klimawandels. Der Landkreis erstellt ein Konzept zur Klimaanpassung. Gemeinsam mit 14 teilnehmenden Kommunen wird der Landkreis Marburg-Biedenkopf in den kommenden eineinhalb Jahren ein Klimaanpassungskonzept erstellen. Das Ziel ist, mit Hilfe von Klimadaten, Statistiken und den bisherigen Erfahrungen die Folgen des Klimawandels herauszustellen und passgenaue\u2026","rel":"","context":"In &quot;Politik&quot;","img":{"alt_text":"","src":"","width":0,"height":0},"classes":[]},{"id":19876,"url":"http:\/\/marburg.news\/?p=19876","url_meta":{"origin":19213,"position":1},"title":"Herausforderung Klima: Veranstaltung des Kreises am 23. April","date":"15. April 2026","format":false,"excerpt":"Der \"Klima-Dialog\" des Kreises macht Klima-Anpassungskonzepte zum Thema. Wie kann man sich den Herausforderungen des Klimawandels stellen? Am Donnerstag (23. April) von 18.30 bis 20.30 Uhr findet der n\u00e4chste Klima-Dialog des Landkreises Marburg-Biedenkopf im Sitzungssaal des Marburger Landratsamtes (Im Lichtenholz 60) statt. Im Fokus stehen dabei die Klima-Anpassungskonzepte, die der\u2026","rel":"","context":"In &quot;Bildung&quot;","img":{"alt_text":"","src":"","width":0,"height":0},"classes":[]},{"id":13421,"url":"http:\/\/marburg.news\/?p=13421","url_meta":{"origin":19213,"position":2},"title":"Serie von Konzepten: Kreis erneuert seniorenpolitische Leitlinien","date":"27. Juli 2023","format":false,"excerpt":"Eine Erweiterung der Seniorenpolitischen Leitlinien hat der Kreistag beschlossen. Der Landkreis unterst\u00fctzt Seniorinnen und Senioren umfassend. Der Landkreis Marburg-Biedenkopf schreibt seine Seniorenpolitischen Leitlinien fort und erweitert sie . Den entsprechenden Beschluss hat der Kreistag in seiner j\u00fcngsten Sitzung im Juli gefasst. Die Leitlinien sind der ma\u00dfgebliche Rahmen f\u00fcr die Altenpolitik\u2026","rel":"","context":"In &quot;Soziales&quot;","img":{"alt_text":"","src":"","width":0,"height":0},"classes":[]},{"id":15969,"url":"http:\/\/marburg.news\/?p=15969","url_meta":{"origin":19213,"position":3},"title":"Beschlossen: Kreis will Nachhaltigkeit st\u00e4rken","date":"12. Juli 2024","format":false,"excerpt":"Eine Nachhaltigkeitsstrategie f\u00fcr Marburg-Biedenkopf hat der Kreistag am Freitag (12. Juli) verabschiedet. 27 Ziele und mehr als 200 Ma\u00dfnahmen sollen Nachhaltigkeit st\u00e4rken. Der Kreistag hat eine Nachhaltigkeitsstrategie f\u00fcr den Landkreis beschlossen. 27 Ziele und mehr als 200 konkrete Ma\u00dfnahmen sind das Ergebnis eines eineinhalb Jahre andauernden Prozesses zwischen der Kreisverwaltung\u2026","rel":"","context":"In &quot;Politik&quot;","img":{"alt_text":"","src":"","width":0,"height":0},"classes":[]},{"id":19497,"url":"http:\/\/marburg.news\/?p=19497","url_meta":{"origin":19213,"position":4},"title":"Hilfsank\u00fcndigung: Kreis setzt mobiles L\u00f6schwasserkonzept um","date":"9. Februar 2026","format":false,"excerpt":"Ein L\u00f6schwasserkonzept haben Kreis und Kommunen umgesetzt. \"Wasserbomber\" sichern jetzt die Brandbek\u00e4mpfung im Wald ab. Schnell wie die Feuerwehr haben die Akteure bereits gut ein Jahr vor dem eigentlich geplanten Ende der Projektlaufzeit das Projekt \"Mobile L\u00f6schwasserversorgung\" im Landkreis Marburg-Biedenkopf erfolgreich zum Abschluss gebracht. Fahrzeuge und Technik stehen bei den\u2026","rel":"","context":"In &quot;Politik&quot;","img":{"alt_text":"","src":"","width":0,"height":0},"classes":[]},{"id":12088,"url":"http:\/\/marburg.news\/?p=12088","url_meta":{"origin":19213,"position":5},"title":"Kleben wegen Klimaschutz: Spies erkl\u00e4rte Einigung mit &#8222;Letzter Generation&#8220;","date":"7. M\u00e4rz 2023","format":false,"excerpt":"Oberb\u00fcrgermeister Dr. Thomas Spies hat sich mit der \"Letzten Generation\" verst\u00e4ndigt. Ein Brief nach Berlin bekr\u00e4ftigt die Beschl\u00fcsse der Stadt zum Klimaschutz. Als erster Hessischer Oberb\u00fcrgermeister hat Dr. Thomas Spies in Gespr\u00e4chen mit der \"Letzten Generation\" eine Einigung erreicht. \"Ich freue mich, dass es gelungen ist, im konstruktiven Gespr\u00e4ch L\u00f6sungen\u2026","rel":"","context":"In &quot;Politik&quot;","img":{"alt_text":"","src":"","width":0,"height":0},"classes":[]}],"_links":{"self":[{"href":"http:\/\/marburg.news\/index.php?rest_route=\/wp\/v2\/posts\/19213"}],"collection":[{"href":"http:\/\/marburg.news\/index.php?rest_route=\/wp\/v2\/posts"}],"about":[{"href":"http:\/\/marburg.news\/index.php?rest_route=\/wp\/v2\/types\/post"}],"author":[{"embeddable":true,"href":"http:\/\/marburg.news\/index.php?rest_route=\/wp\/v2\/users\/2"}],"replies":[{"embeddable":true,"href":"http:\/\/marburg.news\/index.php?rest_route=%2Fwp%2Fv2%2Fcomments&post=19213"}],"version-history":[{"count":0,"href":"http:\/\/marburg.news\/index.php?rest_route=\/wp\/v2\/posts\/19213\/revisions"}],"wp:attachment":[{"href":"http:\/\/marburg.news\/index.php?rest_route=%2Fwp%2Fv2%2Fmedia&parent=19213"}],"wp:term":[{"taxonomy":"category","embeddable":true,"href":"http:\/\/marburg.news\/index.php?rest_route=%2Fwp%2Fv2%2Fcategories&post=19213"},{"taxonomy":"post_tag","embeddable":true,"href":"http:\/\/marburg.news\/index.php?rest_route=%2Fwp%2Fv2%2Ftags&post=19213"}],"curies":[{"name":"wp","href":"https:\/\/api.w.org\/{rel}","templated":true}]}}