{"id":19210,"date":"2025-12-14T19:09:40","date_gmt":"2025-12-14T18:09:40","guid":{"rendered":"http:\/\/marburg.news\/?p=19210"},"modified":"2025-12-14T19:09:40","modified_gmt":"2025-12-14T18:09:40","slug":"weg-frei-lucia-weiss-anstelle-von-jana-trommer","status":"publish","type":"post","link":"http:\/\/marburg.news\/?p=19210","title":{"rendered":"Weg frei: Lucia Weiss anstelle von Jana Trommer"},"content":{"rendered":"<p>Mit dem gleichen Ank\u00fcndigungstext wie Jana Trommer hat Lucia Weiss am Sonntag (14. Dezember) eine &#8222;Kunstaktion f\u00fcr Klimaschutz&#8220; angek\u00fcndigt. Sie m\u00f6chte ihre Aktion am Freitag (19. Dezember) &#8222;Am Gr\u00fcn&#8220; beim Fu\u00dfg\u00e4nger\u00fcbergang \u00fcber die Universit\u00e4tsstrasse durchf\u00fchren. <!--more--><br \/>\nIhre \u00d6ffentliche Aktions-Ank\u00fcndigung lautet: &#8222;Am Freitag, den 19. Dezember von 16.30 bis 16.45 Uhr werde ich in Marburg am Gr\u00fcn, Fu\u00dfg\u00e4nger\u00fcbergang zur Universit\u00e4tsstrasse, eine Kunstaktion durchf\u00fchren, mit der ich die St\u00f6rungen durch die Klimakrise symbolisiere, auf die Gefahren durch fehlenden Klimaschutzhinweise und zugleich von meiner Regie\u00adrung fordere, ernsthafteSchutzma\u00dfnahmen durch Klimaschutz zu ergreifen. Ich werde dann die Stra\u00dfe \u00fcber eine gr\u00fcne Fu\u00dfg\u00e4ngerampel betreten und die Fahrbahn nicht wieder verlassen. Ich werde meine H\u00e4nde wei\u00df einf\u00e4rben und \u00fcber meinen Kopf halten. Ich symbolisiere damit meine Hilflosigkeit gegen\u00fcber ausbleibenden Klimaschutz und meine Trauer \u00fcber alle Verluste von Leben und Vielfalt durch die Klimakrise.&#8220;<br \/>\nVor 17.15 Uhr wolle sie nicht freiwillig aufstehen und gehen. &#8222;Wenn ich davor von der Stra\u00dfe getragen oder gezogen werde, werde ich versuchen, dorthin zur\u00fcckzukehren&#8220;, schrieb ucia Weiss. &#8222;Ich werde mich in jedem Moment strikt gewaltfrei verhalten, verbal und nonverbal. F\u00fcr Notf\u00e4lle und Rettungseins\u00e4tze werde ich jederzeit Platz machen.&#8220;<br \/>\nAuch der weitere Text entspricht wortw\u00f6rtlich den bisherigen <a href=\"http:\/\/marburg.news\/?p=19166\">Ank\u00fcndigungstexten von Jana Trommer<\/a>. Offenbar hat die Marburger Psychologin eine Mitstreiterin gefunden, die es ihr gleichtun m\u00f6chte. In jedem Fall durchbricht die neue Aktionsank\u00fcndigung den Erwartungshorizont, den Trommer mit ihren bisherigen Aktionen inzwischen aufgebaut hat.<\/p>\n<p>* pm: Lucia Weiss, Marburg<\/p>\n","protected":false},"excerpt":{"rendered":"<p>Mit dem gleichen Ank\u00fcndigungstext wie Jana Trommer hat Lucia Weiss am Sonntag (14. Dezember) eine &#8222;Kunstaktion f\u00fcr Klimaschutz&#8220; angek\u00fcndigt. Sie m\u00f6chte ihre Aktion am Freitag (19. Dezember) &#8222;Am Gr\u00fcn&#8220; beim Fu\u00dfg\u00e4nger\u00fcbergang \u00fcber die Universit\u00e4tsstrasse durchf\u00fchren.<\/p>\n","protected":false},"author":2,"featured_media":0,"comment_status":"closed","ping_status":"open","sticky":false,"template":"","format":"standard","meta":{"advanced_seo_description":"","spay_email":"","jetpack_publicize_message":"","jetpack_is_tweetstorm":false,"jetpack_publicize_feature_enabled":true},"categories":[6],"tags":[16],"jetpack_featured_media_url":"","jetpack_publicize_connections":[],"jetpack_sharing_enabled":true,"jetpack_shortlink":"https:\/\/wp.me\/p8mhvd-4ZQ","jetpack-related-posts":[{"id":19124,"url":"http:\/\/marburg.news\/?p=19124","url_meta":{"origin":19210,"position":0},"title":"Kunst f\u00fcrs Klima: Jana Trommer setzt sich vor die Elisabethkirche","date":"1. Dezember 2025","format":false,"excerpt":"Ihre allw\u00f6chentliche \"Kunstaktion\" f\u00fcr Klimaschutz m\u00f6chte Jana Trommer diesmal vor der Elisabethkirche durchf\u00fchren. Das hat die Psychologin am Montag (1. Dezember) angek\u00fcndigt. Ihre Aktionsank\u00fcndigung entspricht inhaltlich wieder einmal den vorherigen Verlautbarungen: \"Am Freitag (5. Dezember) von 16 bis 16.15 Uhr werde ich in Marburg an der Elisabethkirche - Fu\u00dfg\u00e4nger\u00fcbergang Elisabethstra\u00dfe\u2026","rel":"","context":"In &quot;Kultur&quot;","img":{"alt_text":"","src":"","width":0,"height":0},"classes":[]},{"id":19953,"url":"http:\/\/marburg.news\/?p=19953","url_meta":{"origin":19210,"position":1},"title":"Neuer Aktionstermin: Jana Trommer setzt sich am 15. Mai wieder auf die Stra\u00dfe","date":"28. April 2026","format":false,"excerpt":"Nach dreiw\u00f6chiger Pause widersetzt sich Jana Trommer wieder der Allt\u00e4glichkeit des Klimawandels. Ihre n\u00e4chste \"Kunstaktion\" will die Marburger Psychologin am Freitag (15. Mai) durchf\u00fchren. Von 16.45 bis 17 Uhr m\u00f6chte Jana Trommer auf der Gutenbergstra\u00dfe beim Fu\u00dfg\u00e4nger\u00fcbergang an der Universit\u00e4tsstra\u00dfe eine \"Kunstaktion\" durchf\u00fchren. Damit symbolisiert sie die St\u00f6rungen durch die\u2026","rel":"","context":"In &quot;Kultur&quot;","img":{"alt_text":"","src":"","width":0,"height":0},"classes":[]},{"id":19677,"url":"http:\/\/marburg.news\/?p=19677","url_meta":{"origin":19210,"position":2},"title":"Gegen Gleichg\u00fcltigkeit: Jana Trommer sitzt diemsal im S\u00fcdviertel","date":"9. M\u00e4rz 2026","format":false,"excerpt":"Jana Trommer macht weiter. Ihre n\u00e4chste \"Kunstaktion\" hat sie f\u00fcr Freitag (13. M\u00e4rz) angek\u00fcndigt. Diesmal m\u00f6chte Jana Trommer ihre allw\u00f6chentliche \"Kunstaktion\" f\u00fcr Klimaschutz auf der Frankfurter Stra\u00dfe beim Fu\u00dfg\u00e4nger\u00fcbergang \"Auf der Weide\" durchf\u00fchren. Mit ihrer Aktion am Freitag (13. M\u00e4rz) von 16.30 bis 16.45 Uhr m\u00f6chte die Marburger Psychologin wieder\u2026","rel":"","context":"In &quot;Kultur&quot;","img":{"alt_text":"","src":"","width":0,"height":0},"classes":[]},{"id":19166,"url":"http:\/\/marburg.news\/?p=19166","url_meta":{"origin":19210,"position":3},"title":"Auf der Biegenstra\u00dfe: Trommer widersetzt sich und setzt sich wieder","date":"7. Dezember 2025","format":false,"excerpt":"Ihre n\u00e4chste \"Kunstaktion\" m\u00f6chte Jana Trommer am Freitag (12. Dezember) von 16 bis 16.15 Uhr auf der Biegenstra\u00dfe durchf\u00fchren. Erneut protestiert die Marburger Psychologin damit gegen mangelnden Klimaschutz in Deutschland. Beim Fu\u00dfg\u00e4nger\u00fcbergang an der Einm\u00fcndung der Wolffstra\u00dfe will Jana Trommer die St\u00f6rungen durch die Klimakrise symbolisieren und zugleich auf die\u2026","rel":"","context":"In &quot;Kultur&quot;","img":{"alt_text":"","src":"","width":0,"height":0},"classes":[]},{"id":19544,"url":"http:\/\/marburg.news\/?p=19544","url_meta":{"origin":19210,"position":4},"title":"Bemerkbar machen: Diesmal sitzt Jana Trommer Am Gr\u00fcn","date":"16. Februar 2026","format":false,"excerpt":"Ihre n\u00e4chste \"Kunstaktion f\u00fcr Klimaschutz\" hat Jana Trommer f\u00fcr Freitag (20. Februar) angek\u00fcndigt. Von 16.30 bis 16.45 Uhr will sie auf der Stra\u00dfe \"Am Gr\u00fcn\" sitzen. Beim Fu\u00dfg\u00e4nger\u00fcbergang an der Einm\u00fcndung der Stra\u00dfe \"Am Gr\u00fcn\" in die Universit\u00e4tsstra\u00dfe will Jana Trommer am Freitag (20. Februar) von 16.30 bis 16.45 Uhr\u2026","rel":"","context":"In &quot;Kultur&quot;","img":{"alt_text":"","src":"","width":0,"height":0},"classes":[]},{"id":19294,"url":"http:\/\/marburg.news\/?p=19294","url_meta":{"origin":19210,"position":5},"title":"Weitere Kunstaktionen: Jana Trommer setzt sich auf den Pilgrimstein","date":"5. Januar 2026","format":false,"excerpt":"Ihre \"kunstaktionen f\u00fcr Klimaschutz\" will Jana Trommer auch im Neuen Jahr fortsetzen. Das bekundete die Kinderpsychologin am Montag (5. Januar) mit einer \u00f6ffentlichen Aktions-Ank\u00fcndigung. Die n\u00e4chste \"Kunstaktion\" will Jana Trommer demnach am Freitag (9. Januar) von 16.30 bis 16.45 Uhr am Pilgrimstein beim Fu\u00dfg\u00e4nger\u00fcbergang vor dem Oberstadtaufzug durchf\u00fchren. Damit m\u00f6chte\u2026","rel":"","context":"In &quot;Kultur&quot;","img":{"alt_text":"","src":"","width":0,"height":0},"classes":[]}],"_links":{"self":[{"href":"http:\/\/marburg.news\/index.php?rest_route=\/wp\/v2\/posts\/19210"}],"collection":[{"href":"http:\/\/marburg.news\/index.php?rest_route=\/wp\/v2\/posts"}],"about":[{"href":"http:\/\/marburg.news\/index.php?rest_route=\/wp\/v2\/types\/post"}],"author":[{"embeddable":true,"href":"http:\/\/marburg.news\/index.php?rest_route=\/wp\/v2\/users\/2"}],"replies":[{"embeddable":true,"href":"http:\/\/marburg.news\/index.php?rest_route=%2Fwp%2Fv2%2Fcomments&post=19210"}],"version-history":[{"count":0,"href":"http:\/\/marburg.news\/index.php?rest_route=\/wp\/v2\/posts\/19210\/revisions"}],"wp:attachment":[{"href":"http:\/\/marburg.news\/index.php?rest_route=%2Fwp%2Fv2%2Fmedia&parent=19210"}],"wp:term":[{"taxonomy":"category","embeddable":true,"href":"http:\/\/marburg.news\/index.php?rest_route=%2Fwp%2Fv2%2Fcategories&post=19210"},{"taxonomy":"post_tag","embeddable":true,"href":"http:\/\/marburg.news\/index.php?rest_route=%2Fwp%2Fv2%2Ftags&post=19210"}],"curies":[{"name":"wp","href":"https:\/\/api.w.org\/{rel}","templated":true}]}}