{"id":19185,"date":"2025-12-10T13:01:47","date_gmt":"2025-12-10T12:01:47","guid":{"rendered":"http:\/\/marburg.news\/?p=19185"},"modified":"2025-12-10T13:01:47","modified_gmt":"2025-12-10T12:01:47","slug":"gegenwart-beim-gedicht-norbert-hummelt-liest-aus-seinem-neuesten-lyrikband","status":"publish","type":"post","link":"http:\/\/marburg.news\/?p=19185","title":{"rendered":"Gegenwart beim Gedicht: Norbert Hummelt liest aus seinem neuesten Lyrikband"},"content":{"rendered":"<p>Bevor das Jahr zu Ende geht, freut sich das &#8222;Str\u00f6mungen-Team&#8220; noch auf ein besonderes Highlight. Mit Norbert Hummelt kommt am Montag (15. Dezember) einer der bedeutensten deutschen Lyriker der Gegenwart ins TTZ und liest aus seinem neuen Lyrik-Band &#8222;Hellichter Tag&#8220;. <!--more--><br \/>\nDie Buchvorstellung mit Norbert Hummelt findet am Montag (15. Dezember) von 20 bis 22 Uhr im Technologie- und Tagungszentrum (TTZ Marburg statt. Dort stellt er seinen neuen Lyrik-Band &#8222;Hellichter Tag&#8220; und die darin enthaltenen Gedichte vor, die in und um Marburg spielen und die aus seiner Zeit als Stipendiat im Otto-Ubbelohde-Haus in Go\u00dffelden stammen. Hummelt gilt als einem der bedeutendsten Lyriker der Zeit.<br \/>\nDiese Gedichte sind zwischen 2018 und 2024 entstanden. Hummelt erkundet Momente, in denen sich die Verletzlichkeit von Beziehungen und der Welt als solcher offenbart: Jeden kann es treffen, von jetzt auf gleich, dass Sicherheiten br\u00fcchig werden und kein Gel\u00e4nder in Reichweite ist.<\/p>\n<p>* pm: Kulturelle Aktion Marburg &#8222;Str\u00f6mungen&#8220;<\/p>\n","protected":false},"excerpt":{"rendered":"<p>Bevor das Jahr zu Ende geht, freut sich das &#8222;Str\u00f6mungen-Team&#8220; noch auf ein besonderes Highlight. Mit Norbert Hummelt kommt am Montag (15. Dezember) einer der bedeutensten deutschen Lyriker der Gegenwart ins TTZ und liest aus seinem neuen Lyrik-Band &#8222;Hellichter Tag&#8220;.<\/p>\n","protected":false},"author":2,"featured_media":0,"comment_status":"closed","ping_status":"open","sticky":false,"template":"","format":"standard","meta":{"advanced_seo_description":"","spay_email":"","jetpack_publicize_message":"","jetpack_is_tweetstorm":false,"jetpack_publicize_feature_enabled":true},"categories":[3],"tags":[6593,7237,5574],"jetpack_featured_media_url":"","jetpack_publicize_connections":[],"jetpack_sharing_enabled":true,"jetpack_shortlink":"https:\/\/wp.me\/p8mhvd-4Zr","jetpack-related-posts":[{"id":17844,"url":"http:\/\/marburg.news\/?p=17844","url_meta":{"origin":19185,"position":0},"title":"In Ruhestand: Norbert Otte 33 Jahre im Einsatz f\u00fcr Spielpl\u00e4tze","date":"15. April 2025","format":false,"excerpt":"In den Ruhestand verabschiedet hat sich das \"Urgestein\" Norbert Otte. 33 Jahre lang war er im Einsatz f\u00fcr Spielpl\u00e4tze. Nach 33 Jahren bei der Stadt Marburg hat sich Nobert Otte in den wohlverdienten Ruhestand verabschiedet. Die Stadt Marburg hat damit einen ihrer Spielplatzpr\u00fcfer verabschiedet. Gemeinsam mit Kolleg*innen und Weggef\u00e4hrt*innen hat\u2026","rel":"","context":"In &quot;Soziales&quot;","img":{"alt_text":"","src":"","width":0,"height":0},"classes":[]},{"id":18170,"url":"http:\/\/marburg.news\/?p=18170","url_meta":{"origin":19185,"position":1},"title":"Eine Institution: Norbert Muth erhielt Sportplakette in Gold","date":"12. Juni 2025","format":false,"excerpt":"Stadtr\u00e4tin Kirsten Dinnebier hat die Sportplakette in Gold an Norbert Muth verliehen. 34 Jahre war er zweiter Vorsitzender des Marburger Tennisclubs. 34 Jahre lang hat sich Norbert Muth als zweiter Vorsitzender um den Marburger Tennisclub 1912 verdient gemacht. F\u00fcr dieses au\u00dfergew\u00f6hnliche Engagement f\u00fcr seinen Verein und f\u00fcr den Sport ist\u2026","rel":"","context":"In &quot;Sport&quot;","img":{"alt_text":"","src":"","width":0,"height":0},"classes":[]},{"id":14443,"url":"http:\/\/marburg.news\/?p=14443","url_meta":{"origin":19185,"position":2},"title":"Zeitweilig gelesen: Norbert Hummelt beim &#8222;Bilder-Dialog&#8220; im Kunstmuseum","date":"23. November 2023","format":false,"excerpt":"In der Reihe \"Bilder-Dialog\" gibt es am Donnerstag (30. November) eine Lesung mit Norbert Hummelt. Im Kunstmuseum trifft dabei Wortkunst auf Gem\u00e4lde. Zweimal im Jahr wird das begehrte Autorenstipendium im Ubbelohde-Haus vergeben. Einer der diesj\u00e4hrigen Preistr\u00e4ger ist der aus dem Rheinland stammende Norbert Hummelt. Beim n\u00e4chsten \"Bilder-Dialog\" stellt der Stipendiat\u2026","rel":"","context":"In &quot;Bildung&quot;","img":{"alt_text":"","src":"","width":0,"height":0},"classes":[]},{"id":19748,"url":"http:\/\/marburg.news\/?p=19748","url_meta":{"origin":19185,"position":3},"title":"Aktuelle Ank\u00fcndigung: Vier Veranstaltungen in einer Woche","date":"20. M\u00e4rz 2026","format":false,"excerpt":"Eine Woche voller Veranstaltungen hat die Kulturelle Aktion Marburg \"Str\u00f6mungen\" am Freitag (20. M\u00e4rz) angek\u00fcndigt. Am Montag (23. M\u00e4rz) geht es los mit einer Auff\u00fchrung des Films \"Die M\u00f6llner Briefe\" im Rahmen des Demokratie-Kinos im Capitol. Am Dienstag (24. M\u00e4rz) stellt die deutsch-iranische Schriftstellerin Jina Khayyer im TTZ ihren Roman\u2026","rel":"","context":"In &quot;Soziales&quot;","img":{"alt_text":"","src":"","width":0,"height":0},"classes":[]},{"id":18613,"url":"http:\/\/marburg.news\/?p=18613","url_meta":{"origin":19185,"position":4},"title":"Auf Vortragsreise : Prof. Dr. Norbert Frei spricht \u00fcber Demokratie","date":"29. August 2025","format":false,"excerpt":"Prof. Dr. Norbert Frei tritt am Donnerstag (16. Oktober) \u00fcber die Demokratieentwicklung in Deutschland von 1945 bis 1960. Der namhafte Historiker spricht im Rahmen der Veranstaltungsreihe \"Befreiung 1945: Auf zur Demokratie!\" auf. Der Geschichtsforscher aus Jena spricht am Donnerstag (16. Oktober) im Landratsamt \"Im Lichtenholz\" 60 zum Thema \"Demokratieentwicklung\". Beginn\u2026","rel":"","context":"In &quot;Bildung&quot;","img":{"alt_text":"","src":"","width":0,"height":0},"classes":[]},{"id":16669,"url":"http:\/\/marburg.news\/?p=16669","url_meta":{"origin":19185,"position":5},"title":"Erfundene Erlebnisse: Leonardo Padura liest im TTZ","date":"20. Oktober 2024","format":false,"excerpt":"Nach vielen Jahren k\u00f6nnen seine Fans endlich wieder den Schriftsteller Leonardo Padura in Marburg begr\u00fc\u00dfen. Er ist der wohl bekannteste cubanische Autor. Die Lesung aus seinem buch \"Anst\u00e4ndige Leute\" findet statt am Samstag (26. Oktober) um 19 Uhr im Technologie- und Tagungszentrum (TTZ). Leonardo Padura verbindet eine langj\u00e4hrige Freundschaft mit\u2026","rel":"","context":"In &quot;Kultur&quot;","img":{"alt_text":"","src":"","width":0,"height":0},"classes":[]}],"_links":{"self":[{"href":"http:\/\/marburg.news\/index.php?rest_route=\/wp\/v2\/posts\/19185"}],"collection":[{"href":"http:\/\/marburg.news\/index.php?rest_route=\/wp\/v2\/posts"}],"about":[{"href":"http:\/\/marburg.news\/index.php?rest_route=\/wp\/v2\/types\/post"}],"author":[{"embeddable":true,"href":"http:\/\/marburg.news\/index.php?rest_route=\/wp\/v2\/users\/2"}],"replies":[{"embeddable":true,"href":"http:\/\/marburg.news\/index.php?rest_route=%2Fwp%2Fv2%2Fcomments&post=19185"}],"version-history":[{"count":0,"href":"http:\/\/marburg.news\/index.php?rest_route=\/wp\/v2\/posts\/19185\/revisions"}],"wp:attachment":[{"href":"http:\/\/marburg.news\/index.php?rest_route=%2Fwp%2Fv2%2Fmedia&parent=19185"}],"wp:term":[{"taxonomy":"category","embeddable":true,"href":"http:\/\/marburg.news\/index.php?rest_route=%2Fwp%2Fv2%2Fcategories&post=19185"},{"taxonomy":"post_tag","embeddable":true,"href":"http:\/\/marburg.news\/index.php?rest_route=%2Fwp%2Fv2%2Ftags&post=19185"}],"curies":[{"name":"wp","href":"https:\/\/api.w.org\/{rel}","templated":true}]}}