{"id":19183,"date":"2025-12-09T18:10:17","date_gmt":"2025-12-09T17:10:17","guid":{"rendered":"http:\/\/marburg.news\/?p=19183"},"modified":"2025-12-09T18:10:17","modified_gmt":"2025-12-09T17:10:17","slug":"erfolgreiches-event-schulen-praesentierten-hoergenuss-im-advent","status":"publish","type":"post","link":"http:\/\/marburg.news\/?p=19183","title":{"rendered":"Erfolgreiches Event: Schulen pr\u00e4sentierten H\u00f6rgenuss im advent"},"content":{"rendered":"<p>Sch\u00fclerinnen und Sch\u00fcler stimmen auf Weihnachten ein. In der Lutherischen Pfarrkirche pr\u00e4sentierten sie am Freitag (5. Dezember) einen musikalischen &#8222;H\u00f6rgenuss im Advent&#8220;. <!--more--><br \/>\nMit dem traditionellen <a href=\"http:\/\/marburg.news\/?p=19103\">Konzert &#8222;H\u00f6rgenuss im Advent&#8220;<\/a> hat der Landkreis Marburg-Biedenkopf wieder gemeinsam mit Sch\u00fclerinnen und Sch\u00fclern heimischer Schulen auf das Weihnachtsfest eingestimmt. Sch\u00fclerinnen und Sch\u00fcler der Europaschule Gladenbach, der Martin-Luther-Schule Marburg, der Lahntalschule Biedenkopf und der Alfred-Wegener-Schule Kirchhain gestalteten das Konzert in der Lutherischen Pfarrkirche in Marburg. Sie machten einmal mehr die musikalische Vielfalt und Leistungsf\u00e4higkeit der Schulen im Kreis deutlich.<br \/>\nSchulch\u00f6re, Schulorchester, Concert Band und Solistinnen sorgten f\u00fcr den H\u00f6rgenuss &#8211; auch jenseits der klassischen Weihnachtslieder. Das musikalische K\u00f6nnen &#8211; stimmlich und instrumental &#8211; der Gruppen in Kombination mit der Akustik der Lutherischen Pfarrkirche machten das Konzert f\u00fcr die Zuh\u00f6rerinnen und Zuh\u00f6rer zu einem stimmungsvollen Erlebnis.<br \/>\nLandrat Jens Womelsdorf betonte, dass der Landkreis den Schulen mit diesem Konzert gerne einen Rahmen biete, um das musikalische und kulturelle K\u00f6nnen der Sch\u00fclerinnen und Sch\u00fcler zu pr\u00e4sentieren. &#8222;Das Konzert macht auch deutlich, welch hohen Stellenwert die Schulen der musikalischen Bildung einr\u00e4umen&#8220;, sagte der Landrat. Gleichzeitig dankte er Pfarrer Ulrich Biskamp, der einmal mehr die Lutherische Pfarrkirche als Ort des vorweihnachtlichen Konzerts zur Verf\u00fcgung gestellt hatte. Insgesamt rund 200 Sch\u00fclerinnen und Sch\u00fcler muszierten und pr\u00e4sentierten dort den etwa 300 Zuh\u00f6rerinnen und Zuh\u00f6rern weithin bekannte und auch weniger oft geh\u00f6rte Lieder aus verschiedenen Epochen und in verschiedenen Musik-Stilen.<br \/>\nDie Chor-AG der Gladenbacher Europaschule mit Sch\u00fclerinnen und Sch\u00fclern der Jahrgangsstufen 5 bis 10 unter der Leitung von Lea Happel, das Schulorchester der Martin-Luther-Schule Marburg mit Sch\u00fclerinnen und Sch\u00fcler der Jahrgangsstufen 7 bis 13, das Bl\u00e4ser Advanced-Ensemble der Martin-Luther-Schule &#8211; geleitet von J\u00fcrgen F\u00f6rster und Gabriel Stein &#8211; mit Sch\u00fclerinnen und Sch\u00fcler der Jahrgangsstufen 7 und 8, Sch\u00fclerinnen und Sch\u00fcler der Jahrgangsstufen 6 bis 13 der Concert Band der Kirchhainer Alfred-Wegener-Schule unter der Leitung von Dagmar Klinger und Steffen Karber sowie das Schulorchester und der Schulchor der Lahntalschule Biedenkopf mit Sch\u00fclerinnen und Sch\u00fclern der Jahrgangsstufen 7 bis Q3 unter der Leitung von Dr. Bianca Nassauer und Christina Wege gestalteten das gut zweist\u00fcndige Konzert. Zum Abschluss sangen alle gemeinsam und instrumental begleitet das Weihnachtslied &#8222;O du fr\u00f6hliche&#8220;.<\/p>\n<p>* pm: Landkreis Marburg-Biedenkopf<\/p>\n","protected":false},"excerpt":{"rendered":"<p>Sch\u00fclerinnen und Sch\u00fcler stimmen auf Weihnachten ein. In der Lutherischen Pfarrkirche pr\u00e4sentierten sie am Freitag (5. Dezember) einen musikalischen &#8222;H\u00f6rgenuss im Advent&#8220;.<\/p>\n","protected":false},"author":2,"featured_media":0,"comment_status":"closed","ping_status":"open","sticky":false,"template":"","format":"standard","meta":{"advanced_seo_description":"","spay_email":"","jetpack_publicize_message":"","jetpack_is_tweetstorm":false,"jetpack_publicize_feature_enabled":true},"categories":[3],"tags":[2203,358,365],"jetpack_featured_media_url":"","jetpack_publicize_connections":[],"jetpack_sharing_enabled":true,"jetpack_shortlink":"https:\/\/wp.me\/p8mhvd-4Zp","jetpack-related-posts":[{"id":11409,"url":"http:\/\/marburg.news\/?p=11409","url_meta":{"origin":19183,"position":0},"title":"Trotz Corona: 120 Sch\u00fcler pr\u00e4sentierten H\u00f6rgenuss im Advent","date":"8. Dezember 2022","format":false,"excerpt":"Vielseitige Musikbeitr\u00e4ge stimmten in der Lutherischen Pfarrkirche auf die Weihnachtszeit ein. Sch\u00fclerinnen und Sch\u00fcler haben dort wieder einen \"H\u00f6rgenuss im Advent\" pr\u00e4sentiert. Rund 120 Sch\u00fclerinnen und Sch\u00fcler haben am Freitag (2. Dezember) in der Lutherischen Pfarrkirche wieder einen \"H\u00f6rgenuss im Advent\" geboten. Ensembles sowie Solistinnen und Solisten der Lahntalschule Biedenkopf,\u2026","rel":"","context":"In &quot;Bildung&quot;","img":{"alt_text":"","src":"","width":0,"height":0},"classes":[]},{"id":19103,"url":"http:\/\/marburg.news\/?p=19103","url_meta":{"origin":19183,"position":1},"title":"Keine Klangeweile: Schulen pr\u00e4sentieren H\u00f6rgenuss im Advent","date":"25. November 2025","format":false,"excerpt":"Beim \"H\u00f6rgenuss im Advent\" stimmen vier Schulen das Publikum auf Weihnachten ein. Das Konzert findet am Freitag (5. Dezember) in der Lutherischen Pfarrkirche statt. \u00dcber 200 Sch\u00fclerinnen und Sch\u00fcler pr\u00e4sentieren am Freitag (5. Dezember) in der Lutherischen Pfarrkirche St. Marien am Lutherischen Kirchhof in Marburg unter dem Titel \"H\u00f6rgenuss im\u2026","rel":"","context":"In &quot;Kultur&quot;","img":{"alt_text":"","src":"","width":0,"height":0},"classes":[]},{"id":14504,"url":"http:\/\/marburg.news\/?p=14504","url_meta":{"origin":19183,"position":2},"title":"Maximaler Anklang: Schulen pr\u00e4sentieren H\u00f6rgenuss im Advent","date":"30. November 2023","format":false,"excerpt":"Zum \"H\u00f6rgenuss im Advent\" l\u00e4dt der Landkreis Marburg-Biedenkopf auch in diesem Jahr wieder in die Lutherische Pfarrkirche ein. Sch\u00fclerinnen und Sch\u00fcler verschiedener Schulen gestalten das musikalische Programm. Unter dem Titel \"H\u00f6rgenuss im Advent\" pr\u00e4sentieren Sch\u00fclerinnen und Sch\u00fcler am Freitag (8. Dezember) in der Lutherischen Pfarrkirche St. Marien am Lutherischen Kirchhof\u2026","rel":"","context":"In &quot;Kultur&quot;","img":{"alt_text":"","src":"","width":0,"height":0},"classes":[]},{"id":11295,"url":"http:\/\/marburg.news\/?p=11295","url_meta":{"origin":19183,"position":3},"title":"Hineingesungen: Sch\u00fcler pr\u00e4sentieren H\u00f6rgenuss im Advent","date":"25. November 2022","format":false,"excerpt":"Drei Schulen pr\u00e4sentieren in der Lutherischen Pfarrkirche einen \"H\u00f6rgenuss im Advent\". Vielf\u00e4ltige Musikbeitr\u00e4ge stimmen am Freitag (2. Dezember) auf die Weihnachtszeit ein. Mehr als 100 Sch\u00fclerinnen und Sch\u00fcler pr\u00e4sentieren am Freitag (2. Dezember) in der Lutherischen Pfarrkirche St. Marien die musikalische Vielfalt der Schulen im Landkreis Marburg-Biedenkopf. Das Konzert beginnt\u2026","rel":"","context":"In &quot;Kultur&quot;","img":{"alt_text":"","src":"","width":0,"height":0},"classes":[]},{"id":16990,"url":"http:\/\/marburg.news\/?p=16990","url_meta":{"origin":19183,"position":4},"title":"Musikalische Vielfalt: Erneuter H\u00f6rgenuss im Advent","date":"28. November 2024","format":false,"excerpt":"Der Kreis bietet wieder einen \"H\u00f6rgenuss im Advent\". Dabei pr\u00e4sentieren Schulen aus dem Landkreis musikalische Vielfalt. \u00dcber 100 Sch\u00fclerinnen und Sch\u00fcler pr\u00e4sentieren am Freitag (6. Dezember) in der Lutherischen Pfarrkirche St. Marien am Lutherischen Kirchhof unter dem Titel \"H\u00f6rgenuss im Advent\" wieder die musikalische Vielfalt der Schulen im Landkreis Marburg-Biedenkopf.\u2026","rel":"","context":"In &quot;Kultur&quot;","img":{"alt_text":"","src":"","width":0,"height":0},"classes":[]},{"id":17171,"url":"http:\/\/marburg.news\/?p=17171","url_meta":{"origin":19183,"position":5},"title":"Swinging Big Bands: Sch\u00fcler pr\u00e4sentierten H\u00f6rgenuss im Advent","date":"12. Dezember 2024","format":false,"excerpt":"Den Schlussakkord des Jubil\u00e4umsjahrs bildete der \"H\u00f6rgenuss im Advent\". Dabei stimmten Schulbands auf Weihnachten ein. Mit dem traditionellen Konzert \"H\u00f6rgenuss im Advent\" hat der Landkreis Marburg-Biedenkopf am Freitag (6. Dezember) einen stimmungsvollen Schlussakkord zum Ende seines Jubil\u00e4umsjahrs gesetzt. Sch\u00fclerinnen und Sch\u00fcler der Stiftsschule Am\u00f6neburg, der Steinm\u00fchle Marburg, der Lahntalschule Biedenkopf,\u2026","rel":"","context":"In &quot;Bildung&quot;","img":{"alt_text":"","src":"","width":0,"height":0},"classes":[]}],"_links":{"self":[{"href":"http:\/\/marburg.news\/index.php?rest_route=\/wp\/v2\/posts\/19183"}],"collection":[{"href":"http:\/\/marburg.news\/index.php?rest_route=\/wp\/v2\/posts"}],"about":[{"href":"http:\/\/marburg.news\/index.php?rest_route=\/wp\/v2\/types\/post"}],"author":[{"embeddable":true,"href":"http:\/\/marburg.news\/index.php?rest_route=\/wp\/v2\/users\/2"}],"replies":[{"embeddable":true,"href":"http:\/\/marburg.news\/index.php?rest_route=%2Fwp%2Fv2%2Fcomments&post=19183"}],"version-history":[{"count":0,"href":"http:\/\/marburg.news\/index.php?rest_route=\/wp\/v2\/posts\/19183\/revisions"}],"wp:attachment":[{"href":"http:\/\/marburg.news\/index.php?rest_route=%2Fwp%2Fv2%2Fmedia&parent=19183"}],"wp:term":[{"taxonomy":"category","embeddable":true,"href":"http:\/\/marburg.news\/index.php?rest_route=%2Fwp%2Fv2%2Fcategories&post=19183"},{"taxonomy":"post_tag","embeddable":true,"href":"http:\/\/marburg.news\/index.php?rest_route=%2Fwp%2Fv2%2Ftags&post=19183"}],"curies":[{"name":"wp","href":"https:\/\/api.w.org\/{rel}","templated":true}]}}