{"id":19182,"date":"2025-12-09T17:29:13","date_gmt":"2025-12-09T16:29:13","guid":{"rendered":"http:\/\/marburg.news\/?p=19182"},"modified":"2025-12-09T17:29:13","modified_gmt":"2025-12-09T16:29:13","slug":"erfolgreiches-entspannungsprogramm-evangelische-kirche-bedankte-sich-bei-ehrenamtlichen","status":"publish","type":"post","link":"http:\/\/marburg.news\/?p=19182","title":{"rendered":"Erfolgreiches Entspannungsprogramm: Evangelische Kirche bedankte sich bei Ehrenamtlichen"},"content":{"rendered":"<p>Ein &#8222;Gesundheitstag f\u00fcr Ehrenamtliche&#8220; soll Anerkennung f\u00fcr die Menschen bezeugen, die Kirche gestalten. Stattgefunden hat er am Freitag (5. Dezember). <!--more--><br \/>\nDer 5. Dezember ist der &#8222;Tag des Ehrenamts&#8220;. Die beiden evangelischen Kirchenkreise Kirchhain und Marburg haben sich bei ihren Ehrenamtlichen mit einem ganz besonderen Abend bedankt. Was 2023 als Gesundheitstag gestartet ist, soll k\u00fcnftig immer an diesem Datum ein &#8222;Danke-Abend&#8220; werden. In diesem Jahr waren 60 G\u00e4ste bei Dinner und Musikkabarett.<br \/>\n&#8222;Ist das sch\u00f6n: Ein Tag einfach zum Entspannen!&#8220; Zum dritten Mal haben die beiden evangelischen Kirchenkreise Kirchhain und Marburg einen &#8222;Gesundheitstag f\u00fcr die Ehrenamtlichen&#8220; angeboten und zum dritten Mal kam diese Idee richtig gut an. Die beiden Freiwilligenmanagerinnen Janneke Daub und Elena Imkamp hatten zum Tag des Ehrenamts am 5. Dezember zu einem Dinner und Musikkabarett mit dem Duo Camillo ins &#8222;Caf\u00e9 Salamanca&#8220; nach C\u00f6lbe eingeladen; und 60 Ehrenamtliche kamen.<br \/>\nIn den vorangegangenen beiden Jahren standen konkrete Themen beim Gesundheitstag f\u00fcr Ehrenamtliche auf dem Programm. In diesem Jahr haben sich die beiden Organisatorinnen entschieden, dass es eine Einladung einfach nur zum Genie\u00dfen werden sollte. &#8222;Dieser Abend soll Ehrenamtliche verw\u00f6hnen&#8220;, erkl\u00e4rte Freiwilligenmanagerin Janneke Daub vom Evangelischen Kirchenkreis Kirchhain. &#8222;Es ist ein Danke f\u00fcr all die Energie, die sie in ihren Gemeinden einbringen und eine M\u00f6glichkeit die Batterien wieder aufzuladen &#8211; dieses Jahr mit ganz viel Humor.&#8220;<br \/>\nF\u00fcr den Humor sorgten Martin Schulthei\u00df und Fabian Vogt als &#8222;Duo Camillo&#8220; mit dem Programm &#8222;Das Leben ist kein Ponyschlecken&#8220;. Die beiden haben sich darauf spezialisiert, auch christliche Inhalte und theologische Fragen kabarettistisch zu pr\u00e4sentieren. F\u00fcr das leibliche Wohl sorgte das &#8222;Caf\u00e9 Salamanca&#8220; in C\u00f6lbe, wo auch schon die ersten beiden Gesundheitstage stattgefunden hatten.<br \/>\n&#8222;Es ist sch\u00f6n, dass wir damit den Ehrenamtlichen ein St\u00fcck Wertsch\u00e4tzung f\u00fcr Ihr Engagement zur\u00fcckgeben k\u00f6nnen&#8220;, sagte Freiwilligenmanagerin Elena Imkamp vom Evangelischen Kirchenkreis Marburg. &#8222;Umso sch\u00f6ner zu sehen, dass der Abend so positiv angenommen wurde.&#8220;<br \/>\nUnd das wurde er: &#8222;Super Organisation, tolles Programm, leckeres Essen. Danke&#8220;, lautete das Fazit eines Gastes. Auf den n\u00e4chsten Abend d\u00fcrfen sich alle dann jetzt schonmal freuen: Der 5. Dezember als Tag des Ehrenamts soll k\u00fcnftig in jedem Jahr ein &#8222;Danke-Abend&#8220; f\u00fcr die Ehrenamtlichen der beiden Kirchenkreise sein.<\/p>\n<p>* pm: Evangelischer Kirchenkreis Marburg<\/p>\n","protected":false},"excerpt":{"rendered":"<p>Ein &#8222;Gesundheitstag f\u00fcr Ehrenamtliche&#8220; soll Anerkennung f\u00fcr die Menschen bezeugen, die Kirche gestalten. Stattgefunden hat er am Freitag (5. Dezember).<\/p>\n","protected":false},"author":2,"featured_media":0,"comment_status":"closed","ping_status":"open","sticky":false,"template":"","format":"standard","meta":{"advanced_seo_description":"","spay_email":"","jetpack_publicize_message":"","jetpack_is_tweetstorm":false,"jetpack_publicize_feature_enabled":true},"categories":[4],"tags":[3449,622,433],"jetpack_featured_media_url":"","jetpack_publicize_connections":[],"jetpack_sharing_enabled":true,"jetpack_shortlink":"https:\/\/wp.me\/p8mhvd-4Zo","jetpack-related-posts":[{"id":17095,"url":"http:\/\/marburg.news\/?p=17095","url_meta":{"origin":19182,"position":0},"title":"Selbstf\u00fcrsorge st\u00e4rken: Gesundheitstag der Kirche f\u00fcr Ehrenamtliche","date":"5. Dezember 2024","format":false,"excerpt":"Selbstf\u00fcrsorge will gelernt sein. Ein Gesundheitstag der evangelischen Kirche unterst\u00fctzt Ehrenamtliche dabei. Sich zugunsten der eigenen Ressourcen abzugrenzen, m\u00fcssen viele Menschen erst lernen. Das gilt gerade f\u00fcr solche Menschen, die sich f\u00fcr andere engagieren. Aus diesem Grund stand der diesj\u00e4hrige Gesundheitstag des Freiwilligenmanagements der Kirchenkreise Marburg und Kirchhain unter dem\u2026","rel":"","context":"In &quot;Soziales&quot;","img":{"alt_text":"","src":"","width":0,"height":0},"classes":[]},{"id":19587,"url":"http:\/\/marburg.news\/?p=19587","url_meta":{"origin":19182,"position":1},"title":"Gleiche Gedanken: Best \u00fcbernimmt Leitung des Kirchenkreisamts","date":"20. Februar 2026","format":false,"excerpt":"Das Kirchenkreisamt in Marburg hat eine neue Chefin. Alexandra Best \u00fcbernimmt seine Leitung. Seit Sonntag (1. Februar) hat das Kirchenkreisamt der beiden Kirchenkreise Marburg und Kirchhain eine neue Leitung: Alexandra Best wird k\u00fcnftig die Verwaltung f\u00fchren. Der bisherige Amtsleiter Gerhard R\u00f6diger \u00fcbernimmt die Leitung eines Pilotprojekts der Evangelischen Kirche von\u2026","rel":"","context":"In &quot;Soziales&quot;","img":{"alt_text":"","src":"","width":0,"height":0},"classes":[]},{"id":18766,"url":"http:\/\/marburg.news\/?p=18766","url_meta":{"origin":19182,"position":2},"title":"Im Kirchenkreis: Evangelische w\u00e4hlen ihre Gemeinder\u00e4te","date":"30. September 2025","format":false,"excerpt":"Die neuen Kirchenvorst\u00e4nde der EKKW werden amSonntag (26. Oktober) gew\u00e4hlt. Bereits seit Ende Septemberkann per Briefwahl oder online abgestimmt werden. 2025 werden in den Kirchengemeinden der Evangelischen Kirche von Kurhessen-Waldeck (EKKW) neue Kirchenvorst\u00e4nde gew\u00e4hlt. Wahltag vor Ort ist am 26. Oktober. Bereits seitEnde September ist es aber m\u00f6glich, seine Stimme\u2026","rel":"","context":"In &quot;Soziales&quot;","img":{"alt_text":"","src":"","width":0,"height":0},"classes":[]},{"id":10666,"url":"http:\/\/marburg.news\/?p=10666","url_meta":{"origin":19182,"position":3},"title":"Blick auf Ernte: Gottesdienste und Kino oder &#8222;Kirche Kunterbunt&#8220;","date":"20. September 2022","format":false,"excerpt":"Besondere Gottesdienste zum Erntedank hat der Kirchenkreis Marburg am Dienstag (20. September) angek\u00fcndigt. Sie umfassen auch Kino und \"Kirche Kunterbunt\". \"Denn der Herr, dein Gott, wird dich segnen in deiner ganzen Ernte und in allen Werken deiner H\u00e4nde; darum sollst du fr\u00f6hlich sein\", hei\u00dft es im f\u00fcnften Buch Mose. In\u2026","rel":"","context":"In &quot;Soziales&quot;","img":{"alt_text":"","src":"","width":0,"height":0},"classes":[]},{"id":9036,"url":"http:\/\/marburg.news\/?p=9036","url_meta":{"origin":19182,"position":4},"title":"Unbezahlbar: Evangelische Kirche unterst\u00fctzt Gefl\u00fcchtete aus der Ukraine","date":"23. M\u00e4rz 2022","format":false,"excerpt":"Kirchengemeinden und kirchliche Einrichtungen sind in der Ukrainehilfe aktiv. Vielerorts sind lokale Hilfen f\u00fcr Gefl\u00fcchtete angelaufen. \u201eWir sehen uns als Christen in besonderer Weise verpflichtet, nach Kr\u00e4ften zu helfen\u201c, sagte Pfarrer Ulrich Biskamp. Er ist der kommissarische Dekan des Kirchenkreises Marburg. \u201e\u00dcberall in den Gemeinden sind Menschen bem\u00fcht, N\u00e4chstenliebe unter\u2026","rel":"","context":"In &quot;Sonstiges&quot;","img":{"alt_text":"","src":"","width":0,"height":0},"classes":[]},{"id":10618,"url":"http:\/\/marburg.news\/?p=10618","url_meta":{"origin":19182,"position":5},"title":"Bewegung aus Spa\u00df: 330 Mitwirkende der Stadtverwaltung","date":"13. September 2022","format":false,"excerpt":"Der Gesamtpersonalrat der Stadt Marburg hatte zum Bewegungs- und Gesundheitstag eingeladen. Mehr als 330 Besch\u00e4ftigte haben mitgemacht. Infost\u00e4nde von Vereinen und Krankenkassen reihten sich im Georg-Ga\u00dfmann-Stadion aneinander. Daneben gab es Sitzgelegenheiten, gesunde Snacks und ganz greifbare Darstellungen, wieviel Zuckerw\u00fcrfel in ganz allt\u00e4glichen Lebensmitteln stecken. Dazu gab es dann noch eine\u2026","rel":"","context":"In &quot;Sport&quot;","img":{"alt_text":"","src":"","width":0,"height":0},"classes":[]}],"_links":{"self":[{"href":"http:\/\/marburg.news\/index.php?rest_route=\/wp\/v2\/posts\/19182"}],"collection":[{"href":"http:\/\/marburg.news\/index.php?rest_route=\/wp\/v2\/posts"}],"about":[{"href":"http:\/\/marburg.news\/index.php?rest_route=\/wp\/v2\/types\/post"}],"author":[{"embeddable":true,"href":"http:\/\/marburg.news\/index.php?rest_route=\/wp\/v2\/users\/2"}],"replies":[{"embeddable":true,"href":"http:\/\/marburg.news\/index.php?rest_route=%2Fwp%2Fv2%2Fcomments&post=19182"}],"version-history":[{"count":0,"href":"http:\/\/marburg.news\/index.php?rest_route=\/wp\/v2\/posts\/19182\/revisions"}],"wp:attachment":[{"href":"http:\/\/marburg.news\/index.php?rest_route=%2Fwp%2Fv2%2Fmedia&parent=19182"}],"wp:term":[{"taxonomy":"category","embeddable":true,"href":"http:\/\/marburg.news\/index.php?rest_route=%2Fwp%2Fv2%2Fcategories&post=19182"},{"taxonomy":"post_tag","embeddable":true,"href":"http:\/\/marburg.news\/index.php?rest_route=%2Fwp%2Fv2%2Ftags&post=19182"}],"curies":[{"name":"wp","href":"https:\/\/api.w.org\/{rel}","templated":true}]}}