{"id":19175,"date":"2025-12-09T11:15:00","date_gmt":"2025-12-09T10:15:00","guid":{"rendered":"http:\/\/marburg.news\/?p=19175"},"modified":"2025-12-09T11:15:00","modified_gmt":"2025-12-09T10:15:00","slug":"vergebliche-suche-14-jaehrige-jugendliche-aus-marburg-vermisst","status":"publish","type":"post","link":"http:\/\/marburg.news\/?p=19175","title":{"rendered":"vergebliche Suche: 14-j\u00e4hrige Jugendliche aus Marburg vermisst"},"content":{"rendered":"<p>Seit Freitag (28. Dezember) wird die 14-j\u00e4hrige Sonja aus Marburg vermisst. Die Polizei bittet um Mithilfe bei der Suche nach ihr. <!--more--><br \/>\nDas M\u00e4dchen ist zirka 1,60 Meter gro\u00df und schlank. Sonja hat glatte blonde Haare. Bekleidet ist die 14-j\u00e4hrige Jugendliche mit einer Pelzjacke, einem schwarzen bauchfreien Top, grauen Leggins und grauen Sneakern. Oftmals ist Sie stark geschminkt.<br \/>\nZuletzt gesehen wurde sie am Freitag (28. November). Zwischenzeitlich hielt sie sich in Frankfurt auf. Sonja soll nun im Marburger Stadtgebiet unterwegs sein. Hinweise zum Aufenthaltsort der Vermissten nimmt die Polizei Marburg unter der Telefonnummer 06421\/406-0 oder jede andere Polizeidienststelle entgegen.<\/p>\n<p>* pm: Polizei Marburg<\/p>\n","protected":false},"excerpt":{"rendered":"<p>Seit Freitag (28. Dezember) wird die 14-j\u00e4hrige Sonja aus Marburg vermisst. Die Polizei bittet um Mithilfe bei der Suche nach ihr.<\/p>\n","protected":false},"author":2,"featured_media":0,"comment_status":"closed","ping_status":"open","sticky":false,"template":"","format":"standard","meta":{"advanced_seo_description":"","spay_email":"","jetpack_publicize_message":"","jetpack_is_tweetstorm":false,"jetpack_publicize_feature_enabled":true},"categories":[6],"tags":[174,16,123],"jetpack_featured_media_url":"","jetpack_publicize_connections":[],"jetpack_sharing_enabled":true,"jetpack_shortlink":"https:\/\/wp.me\/p8mhvd-4Zh","jetpack-related-posts":[{"id":19323,"url":"http:\/\/marburg.news\/?p=19323","url_meta":{"origin":19175,"position":0},"title":"M\u00e4dchen vermisst: Jugendliche k\u00f6nnte in Frankfurt sein","date":"12. Januar 2026","format":false,"excerpt":"Eine 14-j\u00e4hrige Jugendliche aus Marburg wird seit Sonntagabend vermisst. Die Polizei bittet um Mithilfe bei der Suche nach dem M\u00e4dchen. Seit Sonntag (11. Januar) wird die 14-j\u00e4hrige Nadia Anna Nowak aus Marburg vermisst. Zuletzt wurde sie gegen 16 Uhr gesehen. In der Vergangenheit hielt sie sich in Frankfurt am Main\u2026","rel":"","context":"In &quot;Sonstiges&quot;","img":{"alt_text":"","src":"","width":0,"height":0},"classes":[]},{"id":19913,"url":"http:\/\/marburg.news\/?p=19913","url_meta":{"origin":19175,"position":1},"title":"Gesucht: 14-j\u00e4hrige Jugendliche vermisst","date":"21. April 2026","format":false,"excerpt":"Eine 14-j\u00e4hrige Jugendliche aus Marburg wird seit Donnerstag (9. April) vermisst. Die Polizei bittet um Mithilfe bei der Suche nach dem M\u00e4dchen. Aliana ist zirka 1,60 Meter gro\u00df und schlank. Sie hat dunkelbraune Haare. Das M\u00e4dchen ist oftmals stark geschminkt. Zur Bekleidung ist bislang nichts bekannt. Zuletzt wurde Aliana am\u2026","rel":"","context":"In &quot;Sonstiges&quot;","img":{"alt_text":"","src":"","width":0,"height":0},"classes":[]},{"id":19212,"url":"http:\/\/marburg.news\/?p=19212","url_meta":{"origin":19175,"position":2},"title":"Neuer Fahndungserfolg: 14-j\u00e4hrige Vermisste ist wohlauf","date":"15. Dezember 2025","format":false,"excerpt":"Die 14-j\u00e4hrige Vermisste aus Marburg ist wohlauf. Die Suche nach ihr kann eingestellt werden. Die Jugendliche war seit Freitag (5. Dezember) vermisst worden. Mittlerweile wurde sie wohlbehalten angetroffen. * pm: Polizei Marburg","rel":"","context":"In &quot;Sonstiges&quot;","img":{"alt_text":"","src":"","width":0,"height":0},"classes":[]},{"id":19770,"url":"http:\/\/marburg.news\/?p=19770","url_meta":{"origin":19175,"position":3},"title":"Vermisstensuche: Polizei bittet um Hinweise auf 13-j\u00e4hriges M\u00e4dchen","date":"25. M\u00e4rz 2026","format":false,"excerpt":"Ein 13-j\u00e4hriges M\u00e4dchen aus Marburg wird seit Freitag (13. M\u00e4rz) vermisst. Die Polizei bittet um Mithilfe bei der Suche. Seit Freitag (13. M\u00e4rz)wird die 13-j\u00e4hrige Selina Neda aus Marburg vermisst. Das M\u00e4dchen ist zirka 1,60 Meter gro\u00df, hat eine kr\u00e4ftige Statur, lange dunkelbraune Haare und braune Augen. Zur Bekleidung ist\u2026","rel":"","context":"In &quot;Sonstiges&quot;","img":{"alt_text":"","src":"","width":0,"height":0},"classes":[]},{"id":19192,"url":"http:\/\/marburg.news\/?p=19192","url_meta":{"origin":19175,"position":4},"title":"In Marburg: Polizei sucht 14-j\u00e4hrige Vermisste","date":"11. Dezember 2025","format":false,"excerpt":"Seit Freitag (5. Dezember)wird eine 14-j\u00e4hrige Jugendliche aus Marburg vermisst. Sie ist circa 1,66 Meter gro\u00df und schlank. Cassi Leonie W. hat braune Augen und lockige schwarze Haare. Zum Zeitpunkt ihres Verschwindens trug sie einen beigefarbenen Wintermantel und eine schwarze Hose. Au\u00dferdem hatte sie einen Rucksack dabei. Die Polizei bittet\u2026","rel":"","context":"In &quot;Sonstiges&quot;","img":{"alt_text":"","src":"","width":0,"height":0},"classes":[]},{"id":16904,"url":"http:\/\/marburg.news\/?p=16904","url_meta":{"origin":19175,"position":5},"title":"Seither in Sorge: 14-j\u00e4hrige Jugendliche aus Marburg vermisst","date":"15. November 2024","format":false,"excerpt":"Seit Dienstag (12. November) wird die 14-j\u00e4hrige Nele aus Marburg vermisst. M\u00f6glicherweise h\u00e4lt sie sich bei einem Freund in Gie\u00dfen auf. Nele ist 1,60 Meter gro\u00df und schlank. Sie hat braungef\u00e4rbte Haare und braune Augen. Zu ihrer Bekleidung ist nichts bekannt. Die Polizei bittet um Mithilfe: Wer hat Nele seit\u2026","rel":"","context":"In &quot;Sonstiges&quot;","img":{"alt_text":"","src":"","width":0,"height":0},"classes":[]}],"_links":{"self":[{"href":"http:\/\/marburg.news\/index.php?rest_route=\/wp\/v2\/posts\/19175"}],"collection":[{"href":"http:\/\/marburg.news\/index.php?rest_route=\/wp\/v2\/posts"}],"about":[{"href":"http:\/\/marburg.news\/index.php?rest_route=\/wp\/v2\/types\/post"}],"author":[{"embeddable":true,"href":"http:\/\/marburg.news\/index.php?rest_route=\/wp\/v2\/users\/2"}],"replies":[{"embeddable":true,"href":"http:\/\/marburg.news\/index.php?rest_route=%2Fwp%2Fv2%2Fcomments&post=19175"}],"version-history":[{"count":0,"href":"http:\/\/marburg.news\/index.php?rest_route=\/wp\/v2\/posts\/19175\/revisions"}],"wp:attachment":[{"href":"http:\/\/marburg.news\/index.php?rest_route=%2Fwp%2Fv2%2Fmedia&parent=19175"}],"wp:term":[{"taxonomy":"category","embeddable":true,"href":"http:\/\/marburg.news\/index.php?rest_route=%2Fwp%2Fv2%2Fcategories&post=19175"},{"taxonomy":"post_tag","embeddable":true,"href":"http:\/\/marburg.news\/index.php?rest_route=%2Fwp%2Fv2%2Ftags&post=19175"}],"curies":[{"name":"wp","href":"https:\/\/api.w.org\/{rel}","templated":true}]}}