{"id":19170,"date":"2025-12-08T15:21:28","date_gmt":"2025-12-08T14:21:28","guid":{"rendered":"http:\/\/marburg.news\/?p=19170"},"modified":"2025-12-09T12:17:35","modified_gmt":"2025-12-09T11:17:35","slug":"8-december-2025-1521","status":"publish","type":"post","link":"http:\/\/marburg.news\/?p=19170","title":{"rendered":"Closed Klosett: Brand in Toilettenanlage im Sch\u00fcler-Park"},"content":{"rendered":"<p>Die \u00f6ffentlichen Toiletten im Ludwig-Sch\u00fcler-Park an der Wilhelm-R\u00f6pke-Stra\u00dfe sind derzeit au\u00dfer Betrieb. Grund daf\u00fcr ist ein Brand im Geb\u00e4ude am Freitag (5. Dezember). <!--more--><br \/>\nDie Stadt Marburg geht derzeit von Vandalismus als Brandursache aus.<\/p>\n<p>* pm: Stadt Marburg<\/p>\n","protected":false},"excerpt":{"rendered":"<p>Die \u00f6ffentlichen Toiletten im Ludwig-Sch\u00fcler-Park an der Wilhelm-R\u00f6pke-Stra\u00dfe sind derzeit au\u00dfer Betrieb. Grund daf\u00fcr ist ein Brand im Geb\u00e4ude am Freitag (5. Dezember).<\/p>\n","protected":false},"author":2,"featured_media":0,"comment_status":"closed","ping_status":"open","sticky":false,"template":"","format":"standard","meta":{"advanced_seo_description":"","spay_email":"","jetpack_publicize_message":"","jetpack_is_tweetstorm":false,"jetpack_publicize_feature_enabled":true},"categories":[4],"tags":[19,4014,24],"jetpack_featured_media_url":"","jetpack_publicize_connections":[],"jetpack_sharing_enabled":true,"jetpack_shortlink":"https:\/\/wp.me\/p8mhvd-4Zc","jetpack-related-posts":[{"id":9610,"url":"http:\/\/marburg.news\/?p=9610","url_meta":{"origin":19170,"position":0},"title":"Verbrannt: Vandalismus in Toiletten und Schulen","date":"23. Mai 2022","format":false,"excerpt":"\u201eDas ist kein dummer Jungenstreich mehr\u201c, sagte Oberb\u00fcrgermeister Dr. Thomas Spies. Vermutlich durch Brandstiftung sind die \u00f6ffentlichen Toiletten am Oberstadtaufzug fast vollst\u00e4ndig zerst\u00f6rt worden. Mehrere Wochen oder Monate lang werden die Anlagen nun nicht mehr nutzbar sein. Sie waren am Mittwoch (11. Mai) komplett ausgebrannt. Ein technischer Defekt wird ausgeschlossen.\u2026","rel":"","context":"In &quot;Bildung&quot;","img":{"alt_text":"Toilette","src":"https:\/\/i0.wp.com\/marburg.news\/wp-content\/uploads\/2022\/05\/2022toilette.jpeg?fit=1200%2C900&resize=350%2C200","width":350,"height":200},"classes":[]},{"id":13700,"url":"http:\/\/marburg.news\/?p=13700","url_meta":{"origin":19170,"position":1},"title":"Feuer frei: Toiletten im Sch\u00fclerpark geschlossen","date":"25. August 2023","format":false,"excerpt":"Ein Brand hat die WC-Anlage im Sch\u00fclerpark besch\u00e4digt. Darum bleibt sie vorerst geschlossen. Die Toiletten im Sch\u00fclerpark sind bis auf Weiteres geschlossen. Grund daf\u00fcr ist ein Brand am Dienstag (22. August). Die WC-Anlage muss nun grundsaniert werden. Wie lange diese Arbeiten dauern, kann nicht mit Sicherheit vorausgesagt werden. Der Fachdienst\u2026","rel":"","context":"In &quot;Soziales&quot;","img":{"alt_text":"","src":"","width":0,"height":0},"classes":[]},{"id":7735,"url":"http:\/\/marburg.news\/?p=7735","url_meta":{"origin":19170,"position":2},"title":"Vandalismus am Ortenberg: Im Park wiederholt Leihfarr\u00e4der angez\u00fcndet","date":"8. September 2021","format":false,"excerpt":"Ein Schaden von etwa 1.000 Euro entstand durch den Brand eines Mietfahrrads. Die Feuerwehr l\u00f6schte ihn am Samstag (4. September) gegen 9 Uhr im Ludwig-Sch\u00fcler-Park. An dem dortigen Mietstandort f\u00fcr die Mietr\u00e4der z\u00fcndete ersten Erkenntnissen zufolge ein Unbekannter das Fahrrad an und zerst\u00f6rte es damit komplett. \u00c4hnliche F\u00e4lle dieser Art\u2026","rel":"","context":"In &quot;Sonstiges&quot;","img":{"alt_text":"","src":"","width":0,"height":0},"classes":[]},{"id":9460,"url":"http:\/\/marburg.news\/?p=9460","url_meta":{"origin":19170,"position":3},"title":"Entgegenspritzen: Feuer macht Toiletten unbrauchbar","date":"12. Mai 2022","format":false,"excerpt":"Die Toiletten am Oberstadtaufzug Pilgrimstein sind geschlossen. Grund daf\u00fcr ist ein Feuer. Wegen eines Brands sind die Toiletten am Oberstadtaufzug am Pilgrimstein bis auf Weiteres geschlossen. Die Aufz\u00fcge mussten nach dem Feuerwehreinsatz aus Sicherheitsgr\u00fcnden f\u00fcr circa eine Stunde gesperrt werden, sind jedoch ab sofort wieder benutzbar. Die Ursache f\u00fcr den\u2026","rel":"","context":"In &quot;Sonstiges&quot;","img":{"alt_text":"","src":"","width":0,"height":0},"classes":[]},{"id":7904,"url":"http:\/\/marburg.news\/?p=7904","url_meta":{"origin":19170,"position":4},"title":"\u00d6ffentlich oder \u00d6rtchen: Neues Projekt startet in Marburg","date":"8. Oktober 2021","format":false,"excerpt":"Die \"Nette Toilette\" startet in Marburg. Zu finden sind kostenlose Klos in Gastst\u00e4tten und \u00f6ffentlichen Geb\u00e4uden. Eher selten wird dar\u00fcber gesprochen, obwohl es doch ein Grundbed\u00fcrfnis ist: Wer \"muss\", braucht das entsprechende \"\u00d6rtchen\". Doch unterwegs stellt das mitunter eine ziemlich gro\u00dfe Schwierigkeit dar. Das Projekt \"Nette Toilette\" soll dem Abhilfe\u2026","rel":"","context":"In &quot;Soziales&quot;","img":{"alt_text":"","src":"","width":0,"height":0},"classes":[]},{"id":7108,"url":"http:\/\/marburg.news\/?p=7108","url_meta":{"origin":19170,"position":5},"title":"3,60 Meter Durchmesser: Stadt markiert Corona-Kreise in Parks","date":"26. Mai 2021","format":false,"excerpt":"Markierungen in Parks sollen die Einhaltung der Abstandsregeln vereinfachen. Das hat die Stadt Marburg am Mittwoch (26. Mai) mitgeteilt. \"Die Bundesnotbremse ist weg. Die Covid-Pandemie leider noch nicht\", behauptet die Stadt Marburg etwas voreilig. Abstands- und Hygieneregeln zur Eind\u00e4mmung der Pandemie gelten weiterhin. Um die Einhaltung der Abstandsregeln zu vereinfachen,\u2026","rel":"","context":"In &quot;Soziales&quot;","img":{"alt_text":"","src":"","width":0,"height":0},"classes":[]}],"_links":{"self":[{"href":"http:\/\/marburg.news\/index.php?rest_route=\/wp\/v2\/posts\/19170"}],"collection":[{"href":"http:\/\/marburg.news\/index.php?rest_route=\/wp\/v2\/posts"}],"about":[{"href":"http:\/\/marburg.news\/index.php?rest_route=\/wp\/v2\/types\/post"}],"author":[{"embeddable":true,"href":"http:\/\/marburg.news\/index.php?rest_route=\/wp\/v2\/users\/2"}],"replies":[{"embeddable":true,"href":"http:\/\/marburg.news\/index.php?rest_route=%2Fwp%2Fv2%2Fcomments&post=19170"}],"version-history":[{"count":1,"href":"http:\/\/marburg.news\/index.php?rest_route=\/wp\/v2\/posts\/19170\/revisions"}],"predecessor-version":[{"id":19173,"href":"http:\/\/marburg.news\/index.php?rest_route=\/wp\/v2\/posts\/19170\/revisions\/19173"}],"wp:attachment":[{"href":"http:\/\/marburg.news\/index.php?rest_route=%2Fwp%2Fv2%2Fmedia&parent=19170"}],"wp:term":[{"taxonomy":"category","embeddable":true,"href":"http:\/\/marburg.news\/index.php?rest_route=%2Fwp%2Fv2%2Fcategories&post=19170"},{"taxonomy":"post_tag","embeddable":true,"href":"http:\/\/marburg.news\/index.php?rest_route=%2Fwp%2Fv2%2Ftags&post=19170"}],"curies":[{"name":"wp","href":"https:\/\/api.w.org\/{rel}","templated":true}]}}