{"id":19168,"date":"2025-12-08T10:15:00","date_gmt":"2025-12-08T09:15:00","guid":{"rendered":"http:\/\/marburg.news\/?p=19168"},"modified":"2025-12-08T10:15:00","modified_gmt":"2025-12-08T09:15:00","slug":"geschlossene-gesellschaft-teilhabe-ist-menschenrecht","status":"publish","type":"post","link":"http:\/\/marburg.news\/?p=19168","title":{"rendered":"Geschlossene Gesellschaft: Teilhabe ist Menschenrecht"},"content":{"rendered":"<p>Teilhabe ist Menschenrecht. Das bekr\u00e4ftigte die Bundesvereinigung Lebenshilfe (BVLH) anl\u00e4sslich des Internationalen &#8222;Tags der Menschenrechte&#8220; am 10. Dezember. <!--more--><br \/>\nDie Bundesvereinigung Lebenshilfe warnte am Montag (8. Dezember) davor, bei der Eingliederungshilfe f\u00fcr Menschen mit Behinderung zu sparen. &#8222;Die Eingliederungshilfe erm\u00f6glicht Teilhabe; und Teilhabe ist Menschenrecht&#8220;, betonte die BVLH-Vorsitzende Ulla Schmidt. Angesichts der andauernden Debatte \u00fcber den Abbau von Sozialleistungen sprach sie sich eindringlich gegen jede K\u00fcrzung an den Eingliederungshilfen f\u00fcr Menschen mit Behinderung aus.<br \/>\n&#8222;Mit dem pauschalen Verweis auf stetig steigende Ausgaben bei der Eingliederungshilfe wird Menschen mit Behinderung und ihren Familien unterstellt, sie w\u00fcrden zu viel Geld kosten&#8220;, beklagte Schmidt. &#8222;Dabei erhalten Menschen mit Behinderung allenfalls bedarfsgerechte Unterst\u00fctzung, damit sie am gesellschaftlichen Leben gleichberechtigt teilhaben k\u00f6nnen, und h\u00e4ufig m\u00fcssen sie auch daf\u00fcr schon vor den Gerichten streiten.&#8220;<br \/>\nDas Grundgesetz garantiert: &#8222;Niemand darf wegen seiner Behinderung benachteiligt werden.&#8220; Die wachsenden Ausgaben der Kommunen &#8211; auch im Bereich der Eingliederungshilfe &#8211; seien im Wesentlichen auf die Inflation und die Tariflohnentwicklung zur\u00fcckzuf\u00fchren. Diese Kostensteigerungen k\u00f6nnten keine Begr\u00fcndung daf\u00fcr liefern, die Leistungen zur Teilhabe zu beschr\u00e4nken.<br \/>\nUm deutlich zu machen, was die Leistungen der Eingliederungshilfe enthalten und wie existentiell sie f\u00fcr Menschen mit Unterst\u00fctzungsbedarf und kognitiven Beeintr\u00e4chtigungen sind, wird die Lebenshilfe Anfang 2026 mit ihren 472 \u00f6rtlichen Vereinigungen eine bundesweite Kampagne starten. Das Motto lautet: &#8222;Teilhabe ist Menschenrecht.&#8220; Denn &#8222;in einer Demokratie m\u00fcssen alle dazu geh\u00f6ren und teilhaben k\u00f6nnen&#8220;, bekr\u00e4ftigte Schmidt. &#8222;Exklusion und Ausgrenzung drohen, wenn Inklusion und Teilhabe beschnitten werden. Dazu darf es nicht kommen!&#8220;<\/p>\n<p>* pm: Bundesvereinigung Lebenshilfe, Marburg<\/p>\n","protected":false},"excerpt":{"rendered":"<p>Teilhabe ist Menschenrecht. Das bekr\u00e4ftigte die Bundesvereinigung Lebenshilfe (BVLH) anl\u00e4sslich des Internationalen &#8222;Tags der Menschenrechte&#8220; am 10. Dezember.<\/p>\n","protected":false},"author":2,"featured_media":0,"comment_status":"closed","ping_status":"open","sticky":false,"template":"","format":"standard","meta":{"advanced_seo_description":"","spay_email":"","jetpack_publicize_message":"","jetpack_is_tweetstorm":false,"jetpack_publicize_feature_enabled":true},"categories":[2,4],"tags":[2828,70,7236],"jetpack_featured_media_url":"","jetpack_publicize_connections":[],"jetpack_sharing_enabled":true,"jetpack_shortlink":"https:\/\/wp.me\/p8mhvd-4Za","jetpack-related-posts":[{"id":19594,"url":"http:\/\/marburg.news\/?p=19594","url_meta":{"origin":19168,"position":0},"title":"Verwehrt: Teilhabe ist Menschenrecht","date":"23. Februar 2026","format":false,"excerpt":"Die Lebenshilfe startet eine bundesweite Kampagne gegen K\u00fcrzungen bei der Eingliederungshilfe. Ihr Motto lautet \"Teilhabe ist Menschenrecht\". Die Kommunen klagen immer lauter \u00fcber leere Kassen. Fast t\u00e4glich kommen neue, unzumutbare Sparvorschl\u00e4ge. Seit sogar Bundeskanzler Friedrich Merz die Kosten der Eingliederungshilfe kritisiert hat, w\u00e4chst die Angst bei Menschen mit Behinderung und\u2026","rel":"","context":"In &quot;Politik&quot;","img":{"alt_text":"","src":"","width":0,"height":0},"classes":[]},{"id":19866,"url":"http:\/\/marburg.news\/?p=19866","url_meta":{"origin":19168,"position":1},"title":"Sprechende Parole: Teilhabe ist Menschenrecht","date":"13. April 2026","format":false,"excerpt":"Eine Petition der Lebenshilfe soll K\u00fcrzungen bei der Eingliederungshilfe verhindern. Bis Montag (31. Mai) kann man sie unterzeichnen. Im Rahmen der Lebenshilfe-Kampagne \"Teilhabe ist Menschenrecht\" sammelt Ulla Schmidt Unterschriften. Bis Montag (25. Mai) sollen mindestens 30.000 Menschen unterzeichnen. Die Bundesvereinigung Lebenshilfe bef\u00fcrchtet, dass der - in Deutschland immer weiter steigende\u2026","rel":"","context":"In &quot;Politik&quot;","img":{"alt_text":"","src":"","width":0,"height":0},"classes":[]},{"id":19872,"url":"http:\/\/marburg.news\/?p=19872","url_meta":{"origin":19168,"position":2},"title":"Sparschwein Behinderte: Lebenshilfe appellierte an Abgeordnete","date":"15. April 2026","format":false,"excerpt":"Einen \"Parlamentarischen Abend\" hat die Lebenshilfe am Dienstag (14. April) in Berlin ausgerichtet. Die Bundesvorsitzende Ulla Schmidt appellierte dort an die Abgeordneten des Bundestags, die Teilhabe von Menschen mit Behinderung nicht zu gef\u00e4hrden und keine Leistungsk\u00fcrzungen zuzulassen. Angesichts des gro\u00dfen Kostendrucks in Deutschland bef\u00fcrchtet die Bundesvereinigung Lebenshilfe harte Einschnitte f\u00fcr\u2026","rel":"","context":"In &quot;Sonstiges&quot;","img":{"alt_text":"","src":"","width":0,"height":0},"classes":[]},{"id":19040,"url":"http:\/\/marburg.news\/?p=19040","url_meta":{"origin":19168,"position":3},"title":"Menschliches Marburg: Teilhabe ist ein Menschenrecht","date":"14. November 2025","format":false,"excerpt":"Bei der Eingliederungshilfe soll B\u00fcrokratie abgebaut, aber keine Leistung gek\u00fcrzt oder gestrichen werden. Das sicherte B\u00e4rbel Bas in der Bundesvereinigung Lebenshilfe (BVLH) zu. Bundesministerin B\u00e4rbel Bas war am Freitag (14. November) zu Gast bei der Mitgliederversammlung der Bundesvereinigung Lebenshilfe in Berlin. Vor mehr als 400 Vertreterinnen und Vertretern der Lebenshilfe\u2026","rel":"","context":"In &quot;Politik&quot;","img":{"alt_text":"","src":"","width":0,"height":0},"classes":[]},{"id":19112,"url":"http:\/\/marburg.news\/?p=19112","url_meta":{"origin":19168,"position":4},"title":"Menschenw\u00fcrde missachten: Fachverb\u00e4nde warnen vor K\u00fcrzungen bei Eingliederungshilfe","date":"27. November 2025","format":false,"excerpt":"Die Fachverb\u00e4nde f\u00fcr Menschen mit Behinderung warnen vor K\u00fcrzungen bei der Eingliederungshilfe. Teilhabe ist unverzichtbar. Die Fachverb\u00e4nde f\u00fcr Menschen mit Behinderung halten fest: Das Recht auf Teilhabe und die Verwirklichung von Menschenrechten d\u00fcrfen nicht beschnitten werden! Auf ihrer Konferenz am Mittwoch (26. Dezember) in Berlin haben die Fachverb\u00e4nde das Positions-papier\u2026","rel":"","context":"In &quot;Politik&quot;","img":{"alt_text":"","src":"","width":0,"height":0},"classes":[]},{"id":19902,"url":"http:\/\/marburg.news\/?p=19902","url_meta":{"origin":19168,"position":5},"title":"Lange Streichliste: Bundesregierung legt Axt an Sozialstaat an","date":"20. April 2026","format":false,"excerpt":"Die Lebenshilfe ist entsetzt \u00fcber die \"Streichliste\" aus dem Kanzleramt. Die Bundesregierung lege die Axt an den Sozialstaat an. Mit gro\u00dfer Emp\u00f6rung reagiert die Bundesvereinigung Lebenshilfe auf die j\u00fcngste Streichliste aus dem Kanzleramt. Ihre Bundesvorsitzende Ulla Schmidt erkl\u00e4rte : \"An den Sozialstaat soll die Axt angelegt werden. Die Pl\u00e4ne gehen\u2026","rel":"","context":"In &quot;Politik&quot;","img":{"alt_text":"","src":"","width":0,"height":0},"classes":[]}],"_links":{"self":[{"href":"http:\/\/marburg.news\/index.php?rest_route=\/wp\/v2\/posts\/19168"}],"collection":[{"href":"http:\/\/marburg.news\/index.php?rest_route=\/wp\/v2\/posts"}],"about":[{"href":"http:\/\/marburg.news\/index.php?rest_route=\/wp\/v2\/types\/post"}],"author":[{"embeddable":true,"href":"http:\/\/marburg.news\/index.php?rest_route=\/wp\/v2\/users\/2"}],"replies":[{"embeddable":true,"href":"http:\/\/marburg.news\/index.php?rest_route=%2Fwp%2Fv2%2Fcomments&post=19168"}],"version-history":[{"count":0,"href":"http:\/\/marburg.news\/index.php?rest_route=\/wp\/v2\/posts\/19168\/revisions"}],"wp:attachment":[{"href":"http:\/\/marburg.news\/index.php?rest_route=%2Fwp%2Fv2%2Fmedia&parent=19168"}],"wp:term":[{"taxonomy":"category","embeddable":true,"href":"http:\/\/marburg.news\/index.php?rest_route=%2Fwp%2Fv2%2Fcategories&post=19168"},{"taxonomy":"post_tag","embeddable":true,"href":"http:\/\/marburg.news\/index.php?rest_route=%2Fwp%2Fv2%2Ftags&post=19168"}],"curies":[{"name":"wp","href":"https:\/\/api.w.org\/{rel}","templated":true}]}}