{"id":19165,"date":"2025-12-07T09:35:36","date_gmt":"2025-12-07T08:35:36","guid":{"rendered":"http:\/\/marburg.news\/?p=19165"},"modified":"2025-12-07T09:35:36","modified_gmt":"2025-12-07T08:35:36","slug":"auf-dem-weihnachtsmarkt-glaeser-gluehwein-und-gluecksseligkeit","status":"publish","type":"post","link":"http:\/\/marburg.news\/?p=19165","title":{"rendered":"Auf dem Weihnachtsmarkt: Gl\u00e4ser, Gl\u00fchwein und Gl\u00fccksseligkeit"},"content":{"rendered":"<p>Der Weihnachtsmarkt rund um die Elisabethkirche ist schon zur Mittagszeit gut besucht. Vor einigen Verkaufsst\u00e4nden bilden sich bereits lange Schlangen. <!--more--><br \/>\nVor allem bratwurst und Reibekuchen sind sehr gefragt. Noch l\u00e4nger ist die Schlange vor dem Gl\u00fchweinstand. &#8222;Gl\u00fchwein mit Schuss&#8220; ist aber auch beinahe so etwas wie &#8222;ein Muss&#8220; auf jedem Weihnachtsmarkt.<br \/>\nBeim Karussell dr\u00e4ngeln sich die kleinen Weihnachtsmarktbesucher. Einge Gruppe von Kindern erhebt gemeinsam die Stimme, um einen Ton gemeinsam laut anschwellen und dann wieder verklingen zu lassen. Offenbar macht ihnen das so viel Spa\u00df, dass die Knirpse ihre Aktion wieder und wieder anstimmen.<br \/>\n\u00dcber Lautsprecher sind Weihnachtslieder zu h\u00f6ren. Sie kommen jedoch in modernem Gewand mit Schlagzeugbegleitung daher, was bei den meisten St\u00fccken wenig weihnachtlich wirkt. Viele der Titel entstammen zudem der US-amerikanischen Christmas-Music, wohingegen wenige traditionelle deutschsprachige Weihnachtslieder zu h\u00f6ren sind.<br \/>\nEin leichter Regen hat eingesetzt. Doch das scheint kaum jemanden zu st\u00f6ren. Einige G\u00e4ste begeben sich an Tische unter einem Dach, um dem allm\u00e4hlich zunehmenden regen auszuweichen.<br \/>\nAn einem Stand bietet eine \u00e4ltere Frau selbstbemalte Teelichter an. Die Motive zeigen das Marburger Landgrafenschloss, die Elisabethkirche und den Spiegelslustturm. Angesichts der dabei zum Zuge gekommenen Handarbeit sind die Preise f\u00fcr die Gl\u00e4ser durchaus moderat.<br \/>\nRinge kann man auch erwerben. Auch andere Geschenke warten auf Kundschaft. Die Verkaufsgespr\u00e4che finden aber in aller Ruhe und in gelassener Stimmung statt. Von vorweihnachtlichem Kaufrausch kann kaum die Rede sein.<br \/>\nZwei \u00e4ltere M\u00e4nner unterhalten sich an einem Stehtisch bei Gl\u00fchwein \u00fcber gemeinsame bekannte. Die Atmosph\u00e4re ist locker und friedlich. Weihnachtlich besinnlich ist sie aber noch nicht.<br \/>\nAuf dem Weg zu den St\u00e4nden m\u00fcssen die Besucherinnen und Besucher durch schmale L\u00fccken zwischen dicken Pollern hindurchlaufen. Dann m\u00fcssen sie mehrmals \u00fcber Kabelstr\u00e4nge steigen, die mit Holzbohlen gesch\u00fctzt sind. Mit einem Auto kann hier keiner reinrasen!<br \/>\nDoch daran denkt hier wohl auch kaum jemand. Offenbar sind viele G\u00e4ste gekommen, um sich allm\u00e4hlich in weihnachtliche Stimmung zu versetzen. Nach dem dritten Glas Gl\u00fchwein mit Schuss k\u00f6nnte das schon angehen!<\/p>\n<p>* <a href=\"http:\/\/marburg.news\/team\/fjh\">Franz-Josef Hanke<\/a><\/p>\n","protected":false},"excerpt":{"rendered":"<p>Der Weihnachtsmarkt rund um die Elisabethkirche ist schon zur Mittagszeit gut besucht. Vor einigen Verkaufsst\u00e4nden bilden sich bereits lange Schlangen.<\/p>\n","protected":false},"author":2,"featured_media":0,"comment_status":"closed","ping_status":"open","sticky":false,"template":"","format":"standard","meta":{"advanced_seo_description":"","spay_email":"","jetpack_publicize_message":"","jetpack_is_tweetstorm":false,"jetpack_publicize_feature_enabled":true},"categories":[3,4],"tags":[2203,2485,1670],"jetpack_featured_media_url":"","jetpack_publicize_connections":[],"jetpack_sharing_enabled":true,"jetpack_shortlink":"https:\/\/wp.me\/p8mhvd-4Z7","jetpack-related-posts":[{"id":4527,"url":"http:\/\/marburg.news\/?p=4527","url_meta":{"origin":19165,"position":0},"title":"Zwei Weinachtsm\u00e4rkte: Auf dem Marktplatz und rund um die Elisabethkirche","date":"15. Dezember 2019","format":false,"excerpt":"\"In Marburg gibt es zwei Weihnachtsm\u00e4rkte.\" Mit diesem Versprechen haben wir einen Bekannten aus Mittelhessen nach Marburg gelockt. Gemeinsam wollen wir den Gl\u00fchwein auf beiden Weihnachtsm\u00e4rkten testen. Zun\u00e4chst gehen wir dazu am Samstag (14. Dezember) zum Weihnachtsmarkt vor dem Rathaus. Am Gl\u00fchweinstand auf dem Obermarkt lassen wir uns einen roten\u2026","rel":"","context":"In &quot;Kultur&quot;","img":{"alt_text":"","src":"","width":0,"height":0},"classes":[]},{"id":14624,"url":"http:\/\/marburg.news\/?p=14624","url_meta":{"origin":19165,"position":1},"title":"Wichtige Weihnachtsw\u00fcnsche: Mehr R\u00fccksicht auf dem Weihnachtsmarkt","date":"16. Dezember 2023","format":false,"excerpt":"Der Weihnachtsmarkt ist nicht barrierefrei. Das ist schade. Rund um die Elisabethkirche herum stehen h\u00f6lzerne Buden. Dort werden allerlei Geschenkartikel und Weihnachtsgeb\u00e4ck, Gl\u00fchwein und W\u00fcrstchen oder Reibekuchen angeboten. All diesen Buden sind zwei Eigenschaften gemein: Sie sind nicht barrierefrei. Um hineinzugelangen, muss man meist eine Stufe \u00fcberwinden. Oft sind die\u2026","rel":"","context":"In &quot;Sonstiges&quot;","img":{"alt_text":"Weihnachtsmarkt","src":"https:\/\/i0.wp.com\/marburg.news\/wp-content\/uploads\/2023\/12\/WhatsApp-Bild-2023-12-21-um-10.19.23_3108a809.jpg?fit=900%2C1200&resize=350%2C200","width":350,"height":200},"classes":[]},{"id":17224,"url":"http:\/\/marburg.news\/?p=17224","url_meta":{"origin":19165,"position":2},"title":"Auf dem Weihnachtsmarkt: Menschen in Marburg trauern mit Magdeburg","date":"21. Dezember 2024","format":false,"excerpt":"Auf dem Weihnachtsmarkt in Magdeburg ist ein Auto am Freitag (20. Dezember) gezielt in die Menschenmenge gerast. Das erinnert fatal an den Anschlag vom Berliner Breitscheidplatz am 19. Dezember 2016. ein Islamist hatte am 19. Dezember 2016 einen Sattelschlepper mitten in die Meenge der Besucher des Weihnachtsmarkts vor der Ged\u00e4chtniskirche\u2026","rel":"","context":"In &quot;Politik&quot;","img":{"alt_text":"","src":"","width":0,"height":0},"classes":[]},{"id":5972,"url":"http:\/\/marburg.news\/?p=5972","url_meta":{"origin":19165,"position":3},"title":"Jetzt wird\u00b4s weihnachtlich: Bunter Budenzauber ohne Weihnachtsm\u00e4rkte","date":"8. November 2020","format":false,"excerpt":"Weihnachtsm\u00e4rkte wird es 2020 in Marburg - wie in vielen anderen St\u00e4dten auch - nicht geben. Dennoch m\u00fcssen die Menschen in Marburg auf den bunten Budenzauber nicht verzichten. Das Coronavirus \"SARS-CoV-2\" macht gr\u00f6\u00dfere Menschenansammlungen zu einer lebensbedrohenden Gefahr. Darum sind alle vermeidbaren Gro\u00dfveranstaltungen verboten. Dicht gedr\u00e4ngte Menschentrauben rund um die\u2026","rel":"","context":"In &quot;Kultur&quot;","img":{"alt_text":"","src":"","width":0,"height":0},"classes":[]},{"id":14566,"url":"http:\/\/marburg.news\/?p=14566","url_meta":{"origin":19165,"position":4},"title":"Angebot im Advent: Weihnachtsmarkt der Waggonhalle","date":"8. Dezember 2023","format":false,"excerpt":"Der Weihnachtsmarkt der Waggonhalle war ein voller Erfolg. Das meldete das Kulturzentrum am Freitag (8. Dezember). Zum ersten Mal hatte die Waggonhalle am ersten Adventswochenende zum Weihnachtsmarkt auf ihrem Gel\u00e4nde eingeladen. Zw\u00f6lf St\u00e4nde mit einem abwechslungsreichen Angebot von Holzarbeiten \u00fcber Wollwaren bis zu feinen Schokoladenspezialit\u00e4ten, von der Bratwurst \u00fcber Honig\u2026","rel":"","context":"In &quot;Kultur&quot;","img":{"alt_text":"","src":"","width":0,"height":0},"classes":[]},{"id":19115,"url":"http:\/\/marburg.news\/?p=19115","url_meta":{"origin":19165,"position":5},"title":"Behinderte beruhigen: Stille Kirche am 3. Dezember erleben","date":"27. November 2025","format":false,"excerpt":"Die Markus- und die Elisabethkirche als \"Stille Kirche\" erleben kann man am Mittwoch (3. Dezember). Das Ganze geschieht bei einem Projekt zum Tag der Menschen mit Behinderungen. Auch wenn eines der bekanntesten Weihnachtslieder \"Stille Nacht\" hei\u00dft, ist der Advent inzwischen meist von Hektik und L\u00e4rm gepr\u00e4gt. Ganz bewusst in der\u2026","rel":"","context":"In &quot;Soziales&quot;","img":{"alt_text":"","src":"","width":0,"height":0},"classes":[]}],"_links":{"self":[{"href":"http:\/\/marburg.news\/index.php?rest_route=\/wp\/v2\/posts\/19165"}],"collection":[{"href":"http:\/\/marburg.news\/index.php?rest_route=\/wp\/v2\/posts"}],"about":[{"href":"http:\/\/marburg.news\/index.php?rest_route=\/wp\/v2\/types\/post"}],"author":[{"embeddable":true,"href":"http:\/\/marburg.news\/index.php?rest_route=\/wp\/v2\/users\/2"}],"replies":[{"embeddable":true,"href":"http:\/\/marburg.news\/index.php?rest_route=%2Fwp%2Fv2%2Fcomments&post=19165"}],"version-history":[{"count":0,"href":"http:\/\/marburg.news\/index.php?rest_route=\/wp\/v2\/posts\/19165\/revisions"}],"wp:attachment":[{"href":"http:\/\/marburg.news\/index.php?rest_route=%2Fwp%2Fv2%2Fmedia&parent=19165"}],"wp:term":[{"taxonomy":"category","embeddable":true,"href":"http:\/\/marburg.news\/index.php?rest_route=%2Fwp%2Fv2%2Fcategories&post=19165"},{"taxonomy":"post_tag","embeddable":true,"href":"http:\/\/marburg.news\/index.php?rest_route=%2Fwp%2Fv2%2Ftags&post=19165"}],"curies":[{"name":"wp","href":"https:\/\/api.w.org\/{rel}","templated":true}]}}