{"id":19164,"date":"2025-12-06T11:51:32","date_gmt":"2025-12-06T10:51:32","guid":{"rendered":"http:\/\/marburg.news\/?p=19164"},"modified":"2025-12-06T11:51:32","modified_gmt":"2025-12-06T10:51:32","slug":"durch-den-schornstein-der-6-dezember-ist-nikolaustag","status":"publish","type":"post","link":"http:\/\/marburg.news\/?p=19164","title":{"rendered":"Durch den Schornstein: Der 6. Dezember ist Nikolaustag"},"content":{"rendered":"<p>Am 6. Dezember kam der Nikolaus. Er stopfte S\u00fc\u00dfigkeiten in die Schuhe und verschwand dann wieder ganz ungesehen. <!--more--><br \/>\nDas war vor mehr als 60 Jahren im katholischen Rheinland so und sicherlich ganz genauso auch noch vor 50 und 40 Jahren. Heutzutage aber sto\u00dfen sich viele am Gehilfen des &#8222;Heiligen Mannes&#8220;: Der &#8222;Knecht Ruprecht&#8220; ist n\u00e4mlich schwarz und hat eine Rute dabei, um den Kindern damit zu drohen.<br \/>\n&#8222;Blackfacing&#8220; und &#8222;schwarze P\u00e4dagogik&#8220; trafen bei diesem Brauch auf europ\u00e4ische Konolialgeschichte in Afrika und eine obrigkeitsgl\u00e4ubige Volksreligiosit\u00e4t. In die Schuhe stopfte der Nikolaus Mandarinen und Feigen oder Datteln sowie Spekulatius, der mit Gew\u00fcrzen aus fernen L\u00e4ndern veredelt war. Auch die Schokolade wurde aus Kakaobohnen hergestellt, die gewiss nicht im Rheinland geerntet und ger\u00f6stet worden waren.<br \/>\nSo ist der Nikolausbrauch also &#8211; nicht ohne Grund &#8211; in die Kritik geraten. Ohnehin essen die Kinder ja viel zuviel S\u00fc\u00dfkram! Und S\u00e4cke aus Jute findet man heutzutage auch nur noch selten, sodass Geschenke eher in Kartons verpackt werden als in solche S\u00e4cke.<br \/>\nIn Filmen braustt der Nikolaus mit einem Schlitten \u00fcber die D\u00e4cher der H\u00e4user hinweg wie mit einem Hubschrauber. Oder ist das etwa der Weihnachtsmann? Die Grenzen verschwimmen ob des unterschiedlichen Brauchtums in den Niederlanden, dem Rheinland und den im Konsumrausch vereinigten Staaten von Amerika.<br \/>\nSchornsteine, durch die der Kleterer in die Wohnstube kommen k\u00f6nnte, sind l\u00e4ngst Mangelware geworden. Sicherheitsschl\u00f6sser versperren auch den findigsten Nikol\u00e4usen den Zutritt zu H\u00e4usern und Wohnungen, wo Kinder wohlm\u00f6glich warten auf sie. Nichts ist mehr, wie es war.<br \/>\nKindheit, ade! Die &#8222;alten wei\u00dfen M\u00e4nner&#8220; sollen gef\u00e4lligst die Schnauze halten! Die sind doch sowieso zu nichts mehr nutze, wenn sie nicht arbeiten!<br \/>\nDie Jungen haben was gegen garantierte Rentenniveaus und gesellschaftliche Solidarit\u00e4t. Jede ist sich selbst die N\u00e4chste! Wenn die dann aber mal in die Jahre kommen und nicht mehr so k\u00f6nnen wie jetzt, dann ist wahrscheinlich nichts und niemand mehr da, ihnen zur Seite zu stehen.<\/p>\n<p>* <a href=\"http:\/\/marburg.news\/team\/fjh\">Franz-Josef Hanke<\/a><\/p>\n","protected":false},"excerpt":{"rendered":"<p>Am 6. Dezember kam der Nikolaus. Er stopfte S\u00fc\u00dfigkeiten in die Schuhe und verschwand dann wieder ganz ungesehen.<\/p>\n","protected":false},"author":2,"featured_media":0,"comment_status":"closed","ping_status":"open","sticky":false,"template":"","format":"standard","meta":{"advanced_seo_description":"","spay_email":"","jetpack_publicize_message":"","jetpack_is_tweetstorm":false,"jetpack_publicize_feature_enabled":true},"categories":[3,2,4],"tags":[5849,173,4607],"jetpack_featured_media_url":"","jetpack_publicize_connections":[],"jetpack_sharing_enabled":true,"jetpack_shortlink":"https:\/\/wp.me\/p8mhvd-4Z6","jetpack-related-posts":[{"id":11359,"url":"http:\/\/marburg.news\/?p=11359","url_meta":{"origin":19164,"position":0},"title":"Neue Aktion: Nikolaus kommt in die gute Stube","date":"3. Dezember 2022","format":false,"excerpt":"Der Nikolaus kommt in die \"Gute Stube\". Die Aktion wird vom Bonifatiuswerk als \"\"at.Ort.Nikolaus\" gef\u00f6rdert. P\u00fcnktlich zum Advent hatte die \"Gute Stube\" im Philippshaus am Donnerstag (1. Dezember) ge\u00f6ffnet. Das \u00f6kumenische Projekt von evangelischen und katholischen Kirchengemeinden bietet von Montag bis Freitag \"W\u00e4rme f\u00fcr Leib und Seele\", mit einem beheizten\u2026","rel":"","context":"In &quot;Soziales&quot;","img":{"alt_text":"","src":"","width":0,"height":0},"classes":[]},{"id":17014,"url":"http:\/\/marburg.news\/?p=17014","url_meta":{"origin":19164,"position":1},"title":"Angew\u00e4rmt: Gute Stube im Philippshaus \u00f6ffnet wieder","date":"29. November 2024","format":false,"excerpt":"Die \"Gute Stube\" \u00f6ffnet am Montag (2. Dezember) erneut ihre T\u00fcren. Dabei handelt es sich um eine W\u00e4rmestube f\u00fcr alle mitten in der Stadt. Unter dem Motto \"Aufw\u00e4rmen \u2013 Auftischen \u2013 Austauschen\" steht auch in diesem Winter wieder das Projekt \"Gute Stube\". Die Stube befindet sich im Philippshaus an der\u2026","rel":"","context":"In &quot;Soziales&quot;","img":{"alt_text":"","src":"","width":0,"height":0},"classes":[]},{"id":19072,"url":"http:\/\/marburg.news\/?p=19072","url_meta":{"origin":19164,"position":2},"title":"Mitgehen und mitmachen: Marburger Eispalast startet am 28. November","date":"20. November 2025","format":false,"excerpt":"Ein besonderer \"Winterzauber\" startet zum ersten Adventswochenende. Der Marburger Eispalast \u00f6ffnet am Freitag (28. November). Ein winterliches Angebot f\u00fcr die ganze Familie bietet Marburg auch in diesem Jahr wieder. Ab Freitag (28. November) um 14 Uhr gibt es wieder Sport und Spa\u00df auf dem Eis. Der Marburger Eispalast \u00f6ffnet seine\u2026","rel":"","context":"In &quot;Sport&quot;","img":{"alt_text":"","src":"","width":0,"height":0},"classes":[]},{"id":14412,"url":"http:\/\/marburg.news\/?p=14412","url_meta":{"origin":19164,"position":3},"title":"19. Saison: Marburger Eispalast mit neuen Angeboten","date":"21. November 2023","format":false,"excerpt":"Der Marburger Eispalast bietet Winterspa\u00df f\u00fcr alle. Die 19. Saison startet am Freitag (1. Dezember). Sobald sich die kalte Jahreszeit ank\u00fcndigt, l\u00e4sst auch ein ganz besonderes Marburger Highlight nicht mehr lange auf sich warten: der Eispalast startet in seine 19. Saison mit bekannten und neuen Angeboten. Los geht es mit\u2026","rel":"","context":"In &quot;Soziales&quot;","img":{"alt_text":"","src":"","width":0,"height":0},"classes":[]},{"id":4424,"url":"http:\/\/marburg.news\/?p=4424","url_meta":{"origin":19164,"position":4},"title":"Weihnachtseinladung: G\u00e4nseessen der Marburger Tafel f\u00fcr Bed\u00fcrftige","date":"18. November 2019","format":false,"excerpt":"Nach dem gro\u00dfen Erfolg der vorangegangenen Jahre bietet die Marburger Tafel auch 2019 wieder ein vorweihnachtliches G\u00e4nseessen an. Unter der Schirmherrschaft von Landr\u00e4tin Kirsten Fr\u00fcndt erm\u00f6glicht die Tafel am Freitag (6. Dezember) ab 17 Uhr 200 Bed\u00fcrftigen die Teilnahme am G\u00e4nseessen im Erwin-Piscator-Haus (EPH). \"Einsamkeit und das Leben au\u00dferhalb der\u2026","rel":"","context":"In &quot;Soziales&quot;","img":{"alt_text":"","src":"","width":0,"height":0},"classes":[]},{"id":11322,"url":"http:\/\/marburg.news\/?p=11322","url_meta":{"origin":19164,"position":5},"title":"Glatt geschliffen: Neuer Eispalast ohne Eis","date":"30. November 2022","format":false,"excerpt":"Der 18. Marburger Eispalast \u00f6ffnet am Freitag (2. Dezember). Der neue Eispalast ohne Eis l\u00e4dt zum Winterspa\u00df im Georg-Ga\u00dfmann-Stadion ein. Schlittschuhspa\u00df auf dem Eis gibt es auch in diesem Winter wieder in Marburg: Der Eispalast \u00f6ffnet am Freitag (2. Dezember) seine Pforten. Den sportlichen Winterspa\u00df gibt es diesmal bis 5.\u2026","rel":"","context":"In &quot;Sport&quot;","img":{"alt_text":"","src":"","width":0,"height":0},"classes":[]}],"_links":{"self":[{"href":"http:\/\/marburg.news\/index.php?rest_route=\/wp\/v2\/posts\/19164"}],"collection":[{"href":"http:\/\/marburg.news\/index.php?rest_route=\/wp\/v2\/posts"}],"about":[{"href":"http:\/\/marburg.news\/index.php?rest_route=\/wp\/v2\/types\/post"}],"author":[{"embeddable":true,"href":"http:\/\/marburg.news\/index.php?rest_route=\/wp\/v2\/users\/2"}],"replies":[{"embeddable":true,"href":"http:\/\/marburg.news\/index.php?rest_route=%2Fwp%2Fv2%2Fcomments&post=19164"}],"version-history":[{"count":0,"href":"http:\/\/marburg.news\/index.php?rest_route=\/wp\/v2\/posts\/19164\/revisions"}],"wp:attachment":[{"href":"http:\/\/marburg.news\/index.php?rest_route=%2Fwp%2Fv2%2Fmedia&parent=19164"}],"wp:term":[{"taxonomy":"category","embeddable":true,"href":"http:\/\/marburg.news\/index.php?rest_route=%2Fwp%2Fv2%2Fcategories&post=19164"},{"taxonomy":"post_tag","embeddable":true,"href":"http:\/\/marburg.news\/index.php?rest_route=%2Fwp%2Fv2%2Ftags&post=19164"}],"curies":[{"name":"wp","href":"https:\/\/api.w.org\/{rel}","templated":true}]}}