{"id":19158,"date":"2025-12-05T13:09:39","date_gmt":"2025-12-05T12:09:39","guid":{"rendered":"http:\/\/marburg.news\/?p=19158"},"modified":"2025-12-05T13:09:39","modified_gmt":"2025-12-05T12:09:39","slug":"ausgebremst-ohne-fuehrerschein-mit-drogen-am-steuer","status":"publish","type":"post","link":"http:\/\/marburg.news\/?p=19158","title":{"rendered":"Ausgebremst: Ohne F\u00fchrerschein mit Drogen am Steuer"},"content":{"rendered":"<p>Ein 53-j\u00e4hriger Seat-Fahrer war am Freitag (5. Dezember) berauscht unterwegs. Sein Seat Ibiza geriet am fr\u00fchen Morgen in das Visier einer Marburger Polizeistreife. <!--more--><br \/>\nGegen 3.30 Uhr kontrollierten die Beamten das Fahrzeug auf der Landesstra\u00dfe 3125 im Abfahrtsbereich der B3-Ausfahrt &#8222;Marburg-S\u00fcd&#8220; bei der S\u00fcdspange Am Krekel. Bei der \u00dcberpr\u00fcfung stellten sie fest, dass der 53-j\u00e4hrige Fahrer nicht im Besitz einer g\u00fcltigen Fahrerlaubnis ist. Zudem hatte sich der Mann berauscht hinter das Steuer seines Seats gesetzt. Ein Drogenschnelltest reagierte positiv auf Kokain und Amphetamin. Zudem fanden die Ordnungsh\u00fcter bei seiner Durchsuchung eine geringe Menge Amphetamin, die sie sicherstellten.<br \/>\nDaraufhinnahmen die Polizisten den Fahrer mit auf die Wache nach Marburg. Dort f\u00fchrte ein Arzt eine Blutentnahme durch. Auf den &#8211; aus Dautphetal stammenden &#8211; Mann kommen daher Strafverfahren wegen seiner Drogenfahrt, wegen Fahrens ohne Fahrerlaubnis sowie Versto\u00dfes gegen das Bet\u00e4ubungsmittelgesetz zu.<\/p>\n<p>* pm: Polizei Marburg<\/p>\n","protected":false},"excerpt":{"rendered":"<p>Ein 53-j\u00e4hriger Seat-Fahrer war am Freitag (5. Dezember) berauscht unterwegs. Sein Seat Ibiza geriet am fr\u00fchen Morgen in das Visier einer Marburger Polizeistreife.<\/p>\n","protected":false},"author":2,"featured_media":0,"comment_status":"closed","ping_status":"open","sticky":false,"template":"","format":"standard","meta":{"advanced_seo_description":"","spay_email":"","jetpack_publicize_message":"","jetpack_is_tweetstorm":false,"jetpack_publicize_feature_enabled":true},"categories":[6],"tags":[107,601,16],"jetpack_featured_media_url":"","jetpack_publicize_connections":[],"jetpack_sharing_enabled":true,"jetpack_shortlink":"https:\/\/wp.me\/p8mhvd-4Z0","jetpack-related-posts":[{"id":6489,"url":"http:\/\/marburg.news\/?p=6489","url_meta":{"origin":19158,"position":0},"title":"Polizei Marburg: Berauscht am Steuer und Unfallflucht","date":"8. Februar 2021","format":false,"excerpt":"F\u00fcr eine 39 Jahre alte Frau ging es am Samstag (6. Februar) um 15 Uhr in der Gro\u00dfseelheimer Stra\u00dfe nicht weiter. Ihr Test reagierte positiv auf Amphetamin und Opiate. Am Samstag (6. Februar) um 15.45 Uhr bediente ein 34-j\u00e4hriger Autofahrer w\u00e4hrend der Fahrt sein Handy. Damit lieferte er der Polizei\u2026","rel":"","context":"In &quot;Sonstiges&quot;","img":{"alt_text":"","src":"","width":0,"height":0},"classes":[]},{"id":18773,"url":"http:\/\/marburg.news\/?p=18773","url_meta":{"origin":19158,"position":1},"title":"Vorw\u00e4rtsfahren: In Cappel berauscht am Steuer","date":"1. Oktober 2025","format":false,"excerpt":"Berauscht setzte sich ein Marburger am Dienstag (30. September) hinter das Steuer seines schwarzen Fords. Gegen 6.15 Uhr prallte er beinahe mit einer Polizeistreife zusammen, die auf der Beltersh\u00e4user Stra\u00dfe unterwegs war. Bei einer anschlie\u00dfenden Kontrolle bemerkten die Polizisten Alkoholgeruch bei dem 44-j\u00e4hrigen Autofahrer. Ein Atemalkoholtest brachte es auf beachtliche\u2026","rel":"","context":"In &quot;Sonstiges&quot;","img":{"alt_text":"","src":"","width":0,"height":0},"classes":[]},{"id":18957,"url":"http:\/\/marburg.news\/?p=18957","url_meta":{"origin":19158,"position":2},"title":"Montag und Mittag: Polizeikontrolle f\u00f6rderte mehrere Delikte zutage","date":"4. November 2025","format":false,"excerpt":"Ein blauer Passat geriet am Montag (3. November) in den Fokus einer Marburger Polizeistreife. Gegen 12.50 Uhr kontrollierten die Beamten ihn in der Neuen Kasseler Stra\u00dfe. Bei der \u00dcberpr\u00fcfung stellten sie fest, dass an dem Auto geklaute Kennzeichen befestigt waren. Zus\u00e4tzlich bestand f\u00fcr den Passat kein g\u00fcltiger Versicherungsschutz. Der 27-j\u00e4hrige\u2026","rel":"","context":"In &quot;Sonstiges&quot;","img":{"alt_text":"","src":"","width":0,"height":0},"classes":[]},{"id":19056,"url":"http:\/\/marburg.news\/?p=19056","url_meta":{"origin":19158,"position":3},"title":"Drogen, Drogen: Berauschte Fahrerin verursachte Unfall","date":"18. November 2025","format":false,"excerpt":"Nach einer Unfallflucht am Freitag (7. November) sucht die Verkehrsunfallermittlerin der Marburger Polizei Zeugen. Eine 54-j\u00e4hrige Fahrerin hatte sich gegen 23 Uhr berauscht hinter das Steuer ihres roten Citroen C3 gesetzt. Im Bachweg fuhr sie in H\u00f6he der Hausnummer 27 mit der Fahrzeugfront gegen einen Betonk\u00fcbel und riss diesen aus\u2026","rel":"","context":"In &quot;Sonstiges&quot;","img":{"alt_text":"","src":"","width":0,"height":0},"classes":[]},{"id":19869,"url":"http:\/\/marburg.news\/?p=19869","url_meta":{"origin":19158,"position":4},"title":"Fahrt verk\u00fcrzt: Polizei stoppte berauschte Autofahrerin","date":"14. April 2026","format":false,"excerpt":"Berauscht setzte sich eine 32-j\u00e4hrige Frau am Montag (13. April) in Wetter-Am\u00f6nau hinter das Steuer ihres Kleinwagens und fuhr los. Einer Funkstreife der Marburger Polizei fiel der Wagen gegen 13 Uhr in der Raiffeisenstra\u00dfe auf. Bei einer anschlie\u00dfenden Kontrolle stellten die Beamten fest, dass die Fahrerin offenbar unter dem Einfluss\u2026","rel":"","context":"In &quot;Sonstiges&quot;","img":{"alt_text":"","src":"","width":0,"height":0},"classes":[]},{"id":12940,"url":"http:\/\/marburg.news\/?p=12940","url_meta":{"origin":19158,"position":5},"title":"Alkohol beim Autofahren: Mit entstempelten Kennzeichen in Kontrolle","date":"20. Juni 2023","format":false,"excerpt":"Einer Polizeistreife fiel am Dienstag (20. Juni) gegen 0.10 Uhr ein Fahrzeug auf, dass mit entstempelten Kennzeichen unterwegs war. Bei der anschlie\u00dfenden Kontrolle best\u00e4tigte sich diese Feststellung. Der Fahrer und ehemalige Halter nutzte den Wagen, obwohl er seit April 2023 nicht mehr zugelassen war. Zudem roch der 40-j\u00e4hrige Mann nach\u2026","rel":"","context":"In &quot;Sonstiges&quot;","img":{"alt_text":"","src":"","width":0,"height":0},"classes":[]}],"_links":{"self":[{"href":"http:\/\/marburg.news\/index.php?rest_route=\/wp\/v2\/posts\/19158"}],"collection":[{"href":"http:\/\/marburg.news\/index.php?rest_route=\/wp\/v2\/posts"}],"about":[{"href":"http:\/\/marburg.news\/index.php?rest_route=\/wp\/v2\/types\/post"}],"author":[{"embeddable":true,"href":"http:\/\/marburg.news\/index.php?rest_route=\/wp\/v2\/users\/2"}],"replies":[{"embeddable":true,"href":"http:\/\/marburg.news\/index.php?rest_route=%2Fwp%2Fv2%2Fcomments&post=19158"}],"version-history":[{"count":0,"href":"http:\/\/marburg.news\/index.php?rest_route=\/wp\/v2\/posts\/19158\/revisions"}],"wp:attachment":[{"href":"http:\/\/marburg.news\/index.php?rest_route=%2Fwp%2Fv2%2Fmedia&parent=19158"}],"wp:term":[{"taxonomy":"category","embeddable":true,"href":"http:\/\/marburg.news\/index.php?rest_route=%2Fwp%2Fv2%2Fcategories&post=19158"},{"taxonomy":"post_tag","embeddable":true,"href":"http:\/\/marburg.news\/index.php?rest_route=%2Fwp%2Fv2%2Ftags&post=19158"}],"curies":[{"name":"wp","href":"https:\/\/api.w.org\/{rel}","templated":true}]}}