{"id":19146,"date":"2025-12-03T16:31:26","date_gmt":"2025-12-03T15:31:26","guid":{"rendered":"http:\/\/marburg.news\/?p=19146"},"modified":"2025-12-03T16:31:26","modified_gmt":"2025-12-03T15:31:26","slug":"gelesen-charlotte-gneuss-zu-gast-im-tasch","status":"publish","type":"post","link":"http:\/\/marburg.news\/?p=19146","title":{"rendered":"Gelesen: Charlotte Gneu\u00df zu Gast im TaSch"},"content":{"rendered":"<p>Eine Lesung mit Charlotte Gneu\u00df findet am Donnerstag (4. Dezember) im Theater am Schwanhof statt. Ab 19.30 Uhr iest sie aus ihrem Roman &#8222;Gittersee&#8220; und aus dem Manuskript ihres neuen Romans. <!--more--><br \/>\nCharlotte Gneu\u00df ist zur Zeit Stipendiatin des Literaturvereins &#8222;Zwei Raben &#8211;<br \/>\nLiteratur in Oberhessen&#8220; im Otto-Ubbelohde-Haus in Go\u00dffelden. Sie liest aus ihrem Roman &#8222;Gittersee&#8220;, der auf der Longlist f\u00fcr den Deutschen Buchpreis 2023 stand. Zus\u00e4tzlich liest sie auch aus dem Manuskript ihres neuen Romans. Die Moderation hat Christoph Schr\u00f6der \u00fcbernommen.<\/p>\n<p>* pm: Kulturelle Aktion Marburg &#8222;Str\u00f6mungen&#8220;<\/p>\n","protected":false},"excerpt":{"rendered":"<p>Eine Lesung mit Charlotte Gneu\u00df findet am Donnerstag (4. Dezember) im Theater am Schwanhof statt. Ab 19.30 Uhr iest sie aus ihrem Roman &#8222;Gittersee&#8220; und aus dem Manuskript ihres neuen Romans.<\/p>\n","protected":false},"author":2,"featured_media":0,"comment_status":"closed","ping_status":"open","sticky":false,"template":"","format":"standard","meta":{"advanced_seo_description":"","spay_email":"","jetpack_publicize_message":"","jetpack_is_tweetstorm":false,"jetpack_publicize_feature_enabled":true},"categories":[3],"tags":[1057,7227,438],"jetpack_featured_media_url":"","jetpack_publicize_connections":[],"jetpack_sharing_enabled":true,"jetpack_shortlink":"https:\/\/wp.me\/p8mhvd-4YO","jetpack-related-posts":[{"id":15070,"url":"http:\/\/marburg.news\/?p=15070","url_meta":{"origin":19146,"position":0},"title":"Vortrag zum Frauentag: Kamerunerin liest in Marburg aus ihrem Roman","date":"28. Februar 2024","format":false,"excerpt":"\"Wie eine K\u00f6nigin\" lautet der Titel einer Lesung zum Weltfrauentag. Die Stadt Marburg hat sie f\u00fcr Freitag (8. M\u00e4rz) angek\u00fcndigt. \"Comme une reine\" ist Franz\u00f6sisch und bedeutet \"Wie eine K\u00f6nigin\". Das ist der Titel des ersten Romans der kamerunischen K\u00fcnstlerin Ernis. Auf Einladung des Fachdienstes Kultur der Universit\u00e4tsstadt Marburg reist\u2026","rel":"","context":"In &quot;Kultur&quot;","img":{"alt_text":"","src":"","width":0,"height":0},"classes":[]},{"id":18165,"url":"http:\/\/marburg.news\/?p=18165","url_meta":{"origin":19146,"position":1},"title":"Gemeinsam gewartet: Lesung mit Charlotte Inden im Cineplex","date":"11. Juni 2025","format":false,"excerpt":"\"Im Warten sind wir wundervoll\" lautet der Titel einer Lesung mit Charlotte Inden. Sie findet am Samtag (28. Juni) im Cineplex statt. Literatur und Film treffen am Samstag (28. Juni) auf Stadt: Zu einer Lesung mit Charlotte Inden l\u00e4dt das Oberstadtb\u00fcro f\u00fcr 15.30 Uhr ins Cineplex Marburg an der Biegenstra\u00dfe\u2026","rel":"","context":"In &quot;Kultur&quot;","img":{"alt_text":"","src":"","width":0,"height":0},"classes":[]},{"id":11150,"url":"http:\/\/marburg.news\/?p=11150","url_meta":{"origin":19146,"position":2},"title":"Zum Volkstrauertag: Lesung zur Finissage von &#8222;Wounded&#8220;","date":"7. November 2022","format":false,"excerpt":"Zum Volkstrauertag hat die Stadt eine Lesung mit der Autorin Stefanie vor Schulte organisiert. Sie liest bei der Finissage f\u00fcr \"Wounded\" von Bryan Adams am Sonntag (13. November). Neue Wege geht die Stadt Marburg zum Volkstrauertag am Sonntag (13. November). Aus diesem Anlass hat sie bereits die international bekannte Ausstellung\u2026","rel":"","context":"In &quot;Kultur&quot;","img":{"alt_text":"","src":"","width":0,"height":0},"classes":[]},{"id":11925,"url":"http:\/\/marburg.news\/?p=11925","url_meta":{"origin":19146,"position":3},"title":"In Literatur: Veranstaltungsreihe zu Frauenbildern","date":"10. Februar 2023","format":false,"excerpt":"\"Literarische Narrative um Weiblichkeit\" sind Thema einer neuen Veranstaltungsreihe. Mareike Fallwickl er\u00f6ffnet sie am Freitag (10. Februar) im Rathaus. Im Historischen Saal liest die \u00f6sterreichische Autorin um 19.30 Uhr aus ihrem Roman \"Die Wut, die bleibt\". Einen Monat sp\u00e4ter setzt Elina Pennerdie Reihe mit einer Lesung aus ihrem Buch \"Nachtbeeren\"\u2026","rel":"","context":"In &quot;Bildung&quot;","img":{"alt_text":"","src":"","width":0,"height":0},"classes":[]},{"id":19116,"url":"http:\/\/marburg.news\/?p=19116","url_meta":{"origin":19146,"position":4},"title":"Erlebtes erz\u00e4hlen: Mirrianne Mahn liest im TTZ aus &#8222;Issa&#8220;","date":"27. November 2025","format":false,"excerpt":"eine Lesung mit der Autorin Mirrianne Mahn findet am Mittwoch (3. November) um 20 Uhr im TTZ statt. Im Rahmen der Kamerun-Reihe wird sie dort aus ihrem Roman \"Issa\" lesen. Eigentlich will Issa diese Reise gar nicht antreten. Schwanger sitzt sie im Flugzeug nach Douala, angetrieben von ihrer Mutter, die\u2026","rel":"","context":"In &quot;Kultur&quot;","img":{"alt_text":"","src":"","width":0,"height":0},"classes":[]},{"id":16836,"url":"http:\/\/marburg.news\/?p=16836","url_meta":{"origin":19146,"position":5},"title":"Zwei Lesungen: Autorin Lea de Gregorio in Marburg","date":"6. November 2024","format":false,"excerpt":"zu gleich zwei Veranstaltungen kommt Lea de Gregorio nach Marburg. Unter dem Titel ihres Buchs \"Unter Verr\u00fcckten sagt man Du\" diskutiert sie am Mittwoch (6. November) in der Uni mit anderen Betroffenen. Am Donnerstag (7. November) liest sie ab 18 Uhr aus ihrem Buch im \"Liesbeth & Co\". Der Titel\u2026","rel":"","context":"In &quot;Bildung&quot;","img":{"alt_text":"","src":"","width":0,"height":0},"classes":[]}],"_links":{"self":[{"href":"http:\/\/marburg.news\/index.php?rest_route=\/wp\/v2\/posts\/19146"}],"collection":[{"href":"http:\/\/marburg.news\/index.php?rest_route=\/wp\/v2\/posts"}],"about":[{"href":"http:\/\/marburg.news\/index.php?rest_route=\/wp\/v2\/types\/post"}],"author":[{"embeddable":true,"href":"http:\/\/marburg.news\/index.php?rest_route=\/wp\/v2\/users\/2"}],"replies":[{"embeddable":true,"href":"http:\/\/marburg.news\/index.php?rest_route=%2Fwp%2Fv2%2Fcomments&post=19146"}],"version-history":[{"count":0,"href":"http:\/\/marburg.news\/index.php?rest_route=\/wp\/v2\/posts\/19146\/revisions"}],"wp:attachment":[{"href":"http:\/\/marburg.news\/index.php?rest_route=%2Fwp%2Fv2%2Fmedia&parent=19146"}],"wp:term":[{"taxonomy":"category","embeddable":true,"href":"http:\/\/marburg.news\/index.php?rest_route=%2Fwp%2Fv2%2Fcategories&post=19146"},{"taxonomy":"post_tag","embeddable":true,"href":"http:\/\/marburg.news\/index.php?rest_route=%2Fwp%2Fv2%2Ftags&post=19146"}],"curies":[{"name":"wp","href":"https:\/\/api.w.org\/{rel}","templated":true}]}}