{"id":19142,"date":"2025-12-03T14:46:19","date_gmt":"2025-12-03T13:46:19","guid":{"rendered":"http:\/\/marburg.news\/?p=19142"},"modified":"2025-12-03T14:46:19","modified_gmt":"2025-12-03T13:46:19","slug":"geklaut-diebstahl-auf-dem-weihnachtsmarkt","status":"publish","type":"post","link":"http:\/\/marburg.news\/?p=19142","title":{"rendered":"Geklaut: Diebstahl auf dem Weihnachtsmarkt"},"content":{"rendered":"<p>Auf dem Weihnachtsmarkt in der Oberstadt brachen Unbekannte eine Photobox auf. Daraus nahmen sie dann M\u00fcnzgeld mit. <!--more--><br \/>\nEinem Zeugen fiel der aufgebrochene Automat auf dem Marktplatz am Dienstag (3. Dezember) gegen 7 Uhr auf. Den Schaden sch\u00e4tzt die Polizei auf zirka 200 Euro. Hinweise nimmt die Polizei in Marburg unter der Telefonnummer 06421\/406-0 entgegen.<\/p>\n<p>* pm: Polizei Marburg<\/p>\n","protected":false},"excerpt":{"rendered":"<p>Auf dem Weihnachtsmarkt in der Oberstadt brachen Unbekannte eine Photobox auf. Daraus nahmen sie dann M\u00fcnzgeld mit.<\/p>\n","protected":false},"author":2,"featured_media":0,"comment_status":"closed","ping_status":"open","sticky":false,"template":"","format":"standard","meta":{"advanced_seo_description":"","spay_email":"","jetpack_publicize_message":"","jetpack_is_tweetstorm":false,"jetpack_publicize_feature_enabled":true},"categories":[6],"tags":[29,16,1670],"jetpack_featured_media_url":"","jetpack_publicize_connections":[],"jetpack_sharing_enabled":true,"jetpack_shortlink":"https:\/\/wp.me\/p8mhvd-4YK","jetpack-related-posts":[{"id":14630,"url":"http:\/\/marburg.news\/?p=14630","url_meta":{"origin":19142,"position":0},"title":"Hitler hochhalten: Verbotener Gru\u00df auf dem Weihnachtsmarkt","date":"18. Dezember 2023","format":false,"excerpt":"Eine aufmerksame Zeugin teilte am Sonntag (17. Dezember) gegen 20.20 Uhr mit, dass ein Mann auf dem Weihnachtsmarkt in der Oberstadt den sogenannten \"Hitlergru\u00df\" gezeigt habe.Dabei habe er sich auch abwertend \u00fcber Ausl\u00e4nder ge\u00e4u\u00dfert. Beamte der Marburger Polizei r\u00fcckten aus und nahmen einen 24-j\u00e4hrigen Mann vorl\u00e4ufig fest. Der offensichtlich alkoholisierte\u2026","rel":"","context":"In &quot;Sonstiges&quot;","img":{"alt_text":"","src":"","width":0,"height":0},"classes":[]},{"id":8352,"url":"http:\/\/marburg.news\/?p=8352","url_meta":{"origin":19142,"position":1},"title":"Corona oder Kontrollen: Wenig Verst\u00f6\u00dfe in Bussen und auf Weihnachtsmarkt","date":"10. Dezember 2021","format":false,"excerpt":"Die Polizei kontrolliert auch weiterhin das Einhalten der Regeln zum Schutz vor der Verbreitung des Coronavirus. Die Mehrheit der Bev\u00f6lkerung tr\u00e4gt die Entscheidungen mit. Die meisten halten die Regel f\u00fcr notwendig und setzen sie auch um. Das zeigte sich auch bei Kontrollen am Donnerstag (9. Dezember) im \u00f6ffentlichen Personennahverkehr (\u00d6PNV)\u2026","rel":"","context":"In &quot;Sonstiges&quot;","img":{"alt_text":"","src":"","width":0,"height":0},"classes":[]},{"id":8303,"url":"http:\/\/marburg.news\/?p=8303","url_meta":{"origin":19142,"position":2},"title":"Coronaschutz kontrolliert: Polizei auf Weihnachtsm\u00e4rkten und in der Innenstadt","date":"3. Dezember 2021","format":false,"excerpt":"Im Rahmen des Pr\u00e4ventionsprogramms \"Sicheres Marburg\" war die Polizei am Donnerstag (2. Dezember) unterwegs. Dabei f\u00fchrte sie stichpunktartige Kontrollen zur Coronavirus-Schutzverordnung durch. Unterwegs waren die Polizistinnen und Polizisten auf den beiden Weihnachtsm\u00e4rkten an der Elisabethkirche und am Marktplatz, sowie in der Oberstadt und an anderen publikumstr\u00e4chtigen Orten der Innenstadt sowie\u2026","rel":"","context":"In &quot;Sonstiges&quot;","img":{"alt_text":"","src":"","width":0,"height":0},"classes":[]},{"id":14538,"url":"http:\/\/marburg.news\/?p=14538","url_meta":{"origin":19142,"position":3},"title":"Alkoholisierte Aggression: Hitlergru\u00df, Naziparolen, Beleidigungen und Schl\u00e4ge","date":"4. Dezember 2023","format":false,"excerpt":"Aufmerksame Zeugen alarmierten am Freitag (1. Dezember) gegen 22.45 Uhr die Polizei. Ein offensichtlich alkoholisierter Mann war auf dem Weihnachtsmarkt in der Marktgasse unterwegs und rief rechtsradikale Parolen. Zudem zeigte er sich aggressiv. Es war bereits zu einer k\u00f6rperlichen Auseinandersetzung gekommen, bei der er einem 21-j\u00e4hrigen Mann mit der Faust\u2026","rel":"","context":"In &quot;Sonstiges&quot;","img":{"alt_text":"","src":"","width":0,"height":0},"classes":[]},{"id":2894,"url":"http:\/\/marburg.news\/?p=2894","url_meta":{"origin":19142,"position":4},"title":"Weihnachtsm\u00e4rkte in Marburg: Streifen von Polizei und Ordnungsamt mit Body-Cam","date":"7. Dezember 2018","format":false,"excerpt":"Die st\u00e4dtische Ordnungspolizei und die Polizei sind gemeinsam unterwegs auf den Weihnachtsm\u00e4rkten. Ihre Pr\u00e4senzstreife ist mit einer Body-Cam anwesend. Zum umfassenden Ma\u00dfnahmenkonzept der Vereinbarung \"Sicheres Marburg\" geh\u00f6ren seit Mitte Juni 2018 die gemeinsamen Pr\u00e4senzstreifen der Ordnungspolizei der Stadt und der Polizei an den Lahnterrassen, der Oberstadt, rund um den Hauptbahnhof\u2026","rel":"","context":"In &quot;Sonstiges&quot;","img":{"alt_text":"","src":"","width":0,"height":0},"classes":[]},{"id":4527,"url":"http:\/\/marburg.news\/?p=4527","url_meta":{"origin":19142,"position":5},"title":"Zwei Weinachtsm\u00e4rkte: Auf dem Marktplatz und rund um die Elisabethkirche","date":"15. Dezember 2019","format":false,"excerpt":"\"In Marburg gibt es zwei Weihnachtsm\u00e4rkte.\" Mit diesem Versprechen haben wir einen Bekannten aus Mittelhessen nach Marburg gelockt. Gemeinsam wollen wir den Gl\u00fchwein auf beiden Weihnachtsm\u00e4rkten testen. Zun\u00e4chst gehen wir dazu am Samstag (14. Dezember) zum Weihnachtsmarkt vor dem Rathaus. Am Gl\u00fchweinstand auf dem Obermarkt lassen wir uns einen roten\u2026","rel":"","context":"In &quot;Kultur&quot;","img":{"alt_text":"","src":"","width":0,"height":0},"classes":[]}],"_links":{"self":[{"href":"http:\/\/marburg.news\/index.php?rest_route=\/wp\/v2\/posts\/19142"}],"collection":[{"href":"http:\/\/marburg.news\/index.php?rest_route=\/wp\/v2\/posts"}],"about":[{"href":"http:\/\/marburg.news\/index.php?rest_route=\/wp\/v2\/types\/post"}],"author":[{"embeddable":true,"href":"http:\/\/marburg.news\/index.php?rest_route=\/wp\/v2\/users\/2"}],"replies":[{"embeddable":true,"href":"http:\/\/marburg.news\/index.php?rest_route=%2Fwp%2Fv2%2Fcomments&post=19142"}],"version-history":[{"count":0,"href":"http:\/\/marburg.news\/index.php?rest_route=\/wp\/v2\/posts\/19142\/revisions"}],"wp:attachment":[{"href":"http:\/\/marburg.news\/index.php?rest_route=%2Fwp%2Fv2%2Fmedia&parent=19142"}],"wp:term":[{"taxonomy":"category","embeddable":true,"href":"http:\/\/marburg.news\/index.php?rest_route=%2Fwp%2Fv2%2Fcategories&post=19142"},{"taxonomy":"post_tag","embeddable":true,"href":"http:\/\/marburg.news\/index.php?rest_route=%2Fwp%2Fv2%2Ftags&post=19142"}],"curies":[{"name":"wp","href":"https:\/\/api.w.org\/{rel}","templated":true}]}}