{"id":19132,"date":"2025-12-02T15:01:07","date_gmt":"2025-12-02T14:01:07","guid":{"rendered":"http:\/\/marburg.news\/?p=19132"},"modified":"2025-12-02T15:01:07","modified_gmt":"2025-12-02T14:01:07","slug":"gemein-geniessbar-kostenlose-gwoe-konferenz-im-landratsamt","status":"publish","type":"post","link":"http:\/\/marburg.news\/?p=19132","title":{"rendered":"Gemein genie\u00dfbar: Kostenlose GW\u00d6-Konferenz im Landratsamt"},"content":{"rendered":"<p>Was Gemeinwohl-Unternehmen richtig machen, behandelt eine Fachkonferenz am Dienstag (9. Dezember). Sie richtet sich an Entscheider*innen, die zukunftsf\u00e4hig f\u00fchren wollen. <!--more--><br \/>\nBanken fordern Nachhaltigkeitsberichte, die Auswirkungen auf Kreditvergaben und Risikobewertungen haben, insgesamt sind wir mit schnellen Ver\u00e4nderungen von Rahmenbedingungen konfrontiert, Arbeitskr\u00e4ftemangel, Wertewandel bei Besch\u00e4ftigten und in der Gesellschaft. Wie werden und bleiben Unternehmen unter diesen Bedingungen der Arbeitgeber der Wahl? Die Gemeinwohl-\u00d6konomie Hessen l\u00e4dt gemeinsam mit dem Landkreis Marburg-Biedenkopf als Gastgeber und Mitveranstalter f\u00fcr Dienstag (9. Dezember) zur Fachkonferenz &#8222;GW\u00d6-Unternehmen sind attraktive Arbeitgeber*innen!?&#8220; ins Kreishaus ein. Beginn ist um 9.30 Uhr.<br \/>\nDie Gemeinwohl-\u00d6konomie (GW\u00d6) bietet \u00fcberraschende Antworten auf diese Fragen. Das Unternehmerforum richtet sich an Gesch\u00e4ftsf\u00fchrerinnen und Gesch\u00e4ftsf\u00fchrer, Personalverantwortliche sowie Entscheiderinnen und Entscheider. Der Landkreis Marburg-Biedenkopf geht beim Thema Gemeinwohl-\u00d6konomie mit gutem Beispiel voran und hat als erster Landkreis Deutschlands den Zertifizierungs-Prozess zur GW\u00d6-Bilanzierung durchlaufen.<br \/>\nLandrat Jens Womelsdorf er\u00f6ffnet die Veranstaltung und gibt Einblicke, wie die GW\u00d6-Bilanz zu mehr Resilienz, Transparenz und einer st\u00e4rkeren Organisationskultur f\u00fchrt &#8211; Erfahrungen, die direkt auf Unternehmen \u00fcbertragbar sind.<br \/>\nGesch\u00e4ftsf\u00fchrer Stefan Maier von der Prior1 GmbH zeigt in seinem Impulsvortrag &#8222;Zur\u00fcck auf Los? Warum Unternehmen gerade jetzt mehr Gemeinwohl wagen m\u00fcssen!&#8220;, wie Werteorientierung zu messbarem Gesch\u00e4ftserfolg f\u00fchrt &#8211; mit h\u00f6herer Mitarbeiterzufriedenheit, geringerer Fluktuation und einem klaren Wettbewerbsvorteil. Prior1 GmbH ist auf die Planung und den Bau von Serverr\u00e4umen und Rechenzentren spezialisiert.<br \/>\nDie Konferenz zeigt, wie eine wertorientierte Organisationskultur Unternehmen erfolgreich f\u00fchren kann &#8211; mit Impulsen und Erfahrungen, die sich direkt auf den eigenen Betrieb \u00fcbertragen lassen. Tobias Kurka von der Wirtschaftsf\u00f6rderung Marburg-Biedenkopf beleuchtet die herausfordernde Situation am Arbeitnehmermarkt und zeigt, wie innovative Ans\u00e4tze Arbeitskr\u00e4fte binden. Im Fokus des GW\u00d6-Dreiklangs berichtet die zertifizierte GW\u00d6 &#8211; Beraterin Gerlinde Lamberty, wie die Gemeinwohl-Bilanzierung in der Praxis zu mehr Resilienz, besserer Firmenkultur und gelebter Nachhaltigkeit f\u00fchrt.<br \/>\nIn interaktiven Workshops setzen sich Teilnehmende intensiv mit allen Stakeholder-Gruppen auseinander &#8211; von Lieferantinnen \u00fcber Mitarbeitende und Kundinnen bis hin zu Eigent\u00fcmer*innen und dem gesellschaftlichen Umfeld. Authentische Erfahrungsberichte kommen von der \u00d6kokiste Bo\u00dfhammersch Hof und der Shift GmbH, die ihre praktische Umsetzung der Gemeinwohl-Bilanzierung vorstellen. Besonders wertvoll: Das PROSA-Team teilt die Perspektive der Mitarbeitenden auf die Gemeinwohl-\u00d6konomie und macht damit deutlich, wie die GW\u00d6 im Arbeitsalltag erlebt wird.<br \/>\nDer Tag ist so gestaltet, dass Raum geboten wird f\u00fcr pers\u00f6nlichen Austausch, neue Kooperationen und inspirierende Gespr\u00e4che mit Gleichgesinnten aus der Region und dar\u00fcber hinaus. Was Teilnehmende mitnehmen k\u00f6nnen, sind konkrete Handlungsimpulse, bew\u00e4hrte Strategien und ein starkes Netzwerk &#8211; f\u00fcr eine zukunftsf\u00e4hige, sinnorientierte Unternehmensf\u00fchrung, die Mitarbeitende begeistert und bindet. Die Teilnehmenden erfahren, wie die Gemeinwohl-Bilanz als strategisches Instrument f\u00fcr Personalgewinnung, Kundenbindung und nachhaltige Wettbewerbsf\u00e4higkeit eingesetzt werden kann.<\/p>\n<p>* pm: Landkreis Marburg-Biedenkopf<\/p>\n","protected":false},"excerpt":{"rendered":"<p>Was Gemeinwohl-Unternehmen richtig machen, behandelt eine Fachkonferenz am Dienstag (9. Dezember). Sie richtet sich an Entscheider*innen, die zukunftsf\u00e4hig f\u00fchren wollen.<\/p>\n","protected":false},"author":2,"featured_media":0,"comment_status":"closed","ping_status":"open","sticky":false,"template":"","format":"standard","meta":{"advanced_seo_description":"","spay_email":"","jetpack_publicize_message":"","jetpack_is_tweetstorm":false,"jetpack_publicize_feature_enabled":true},"categories":[4],"tags":[5934,1095,605],"jetpack_featured_media_url":"","jetpack_publicize_connections":[],"jetpack_sharing_enabled":true,"jetpack_shortlink":"https:\/\/wp.me\/p8mhvd-4YA","jetpack-related-posts":[{"id":15460,"url":"http:\/\/marburg.news\/?p=15460","url_meta":{"origin":19132,"position":0},"title":"Vorerfasst: Kreis l\u00e4sst sich nach Gemeinwohl zertifizieren","date":"22. April 2024","format":false,"excerpt":"Der Landkreis Marburg-Biedenkopf m\u00f6chte das Gemeinwohl weiter st\u00e4rken. Deshalb durchl\u00e4uft die Kreisverwaltung als erste in Deutschland einen Bilanzierungs-Prozess im Hinblick auf Gemeinwohl-Kriterien. Als erste Kreisverwaltung in Deutschland erfasst die Kreisverwaltung Marburg-Biedenkopf den Beitrag ihres Handelns f\u00fcr das Gemeinwohl. Das Ziel ist, transparent und ehrlich einen Blick auf das eigene Handeln\u2026","rel":"","context":"In &quot;Politik&quot;","img":{"alt_text":"","src":"","width":0,"height":0},"classes":[]},{"id":19220,"url":"http:\/\/marburg.news\/?p=19220","url_meta":{"origin":19132,"position":1},"title":"Kreis kann: Gut bei Gemeinwohl bilanziert","date":"16. Dezember 2025","format":false,"excerpt":"Beim Gemeinwohl schneidet der Kreis gut ab. Als erste Kreisverwaltung in Deutschland wurde die Kreisverwaltung Marburg-Biedenkopf entsprechend bilanziert. Die Kreisverwaltung Marburg-Biedenkopf hat als erste Kreisverwaltung in Deutschland erfolgreich den Bilanzierungs-Prozess im Hinblick auf Gemeinwohl-Kriterien abgeschlossen. Damit \u00fcbernimmt die Kreisverwaltung eine Vorreiterrolle bei der transparenten Erfassung und Bewertung ihres Beitrags zum\u2026","rel":"","context":"In &quot;Politik&quot;","img":{"alt_text":"","src":"","width":0,"height":0},"classes":[]},{"id":19469,"url":"http:\/\/marburg.news\/?p=19469","url_meta":{"origin":19132,"position":2},"title":"Am Arbeitsmarkt: Vielfalt leben und Fachkr\u00e4fte gewinnen","date":"5. Februar 2026","format":false,"excerpt":"Arbeitgeber k\u00f6nnen sich ab Sonntag (15. Februar) f\u00fcr das G\u00fctesiegel \"Interkulturelle Vielfalt Leben\" bewerben. Erstmals ist das \u00fcber eine Online-Plattform m\u00f6glich. Bereits zum sechsten Mal k\u00f6nnen sich Arbeitgeberinnen und Arbeitgeber f\u00fcr das G\u00fctesiegel \"Interkulturelle Vielfalt Leben\" bewerben. Erstmals geht das einfach \u00fcber eine Online-Plattform. Das Siegel zeichnet Unternehmen und Organisationen\u2026","rel":"","context":"In &quot;Soziales&quot;","img":{"alt_text":"","src":"","width":0,"height":0},"classes":[]},{"id":7818,"url":"http:\/\/marburg.news\/?p=7818","url_meta":{"origin":19132,"position":3},"title":"Gemacht und geholfen: Nachbarschaftsprojekte im Klimaschutz bis 30. September einreichen","date":"24. September 2021","format":false,"excerpt":"Ideen f\u00fcr \"Nachbarschaftsprojekte im Klimaschutz\" k\u00f6nnen Manarburgerinnen und Marburger noch bis Donnerstag (30. September) einreichen. Darauf weist die Stadt Marburg hin. Mit den \"Nachbarschaftsprojekten im Klimaschutz\" m\u00f6chte die Universit\u00e4tsstadt Marburg allen Marburgerinnen und Marburgern die M\u00f6glichkeit geben, sich aktiv f\u00fcr den Klimaschutz vor Ort einzusetzen und gemeinsam mit Freund*innen, Nachbar*innen\u2026","rel":"","context":"In &quot;Politik&quot;","img":{"alt_text":"","src":"","width":0,"height":0},"classes":[]},{"id":13863,"url":"http:\/\/marburg.news\/?p=13863","url_meta":{"origin":19132,"position":4},"title":"Gemeinschaftlich geplant: Stadt f\u00f6rdert Nachbarschaftsprojekte im Klimaschutz","date":"20. September 2023","format":false,"excerpt":"Die Stadt f\u00f6rdert wieder \"Nachbarschaftsprojekte im Klimaschutz\". Einsendeschluss ist Sonntag (15. Oktober). Die Herbstrunde der \"Nachbarschaftsprojekte im Klimaschutz\" ist gestartet: Die Stadt f\u00f6rdert wieder Projekte, die einen Beitrag zum Klimaschutz sowie einen Beitrag zum Gemeinwohl leisten, mit 50.000 Euro. Antr\u00e4ge k\u00f6nnen Interessierte noch bis Sonntag (15. Oktober) einreichen. Bereits zum\u2026","rel":"","context":"In &quot;Politik&quot;","img":{"alt_text":"","src":"","width":0,"height":0},"classes":[]},{"id":6523,"url":"http:\/\/marburg.news\/?p=6523","url_meta":{"origin":19132,"position":5},"title":"Unter Firmen: G\u00fctesiegel f\u00fcr interkulturell engagierte Arbeitgeber","date":"11. Februar 2021","format":false,"excerpt":"Eine neue Ausschreibung f\u00fcr interkulturell engagierte Arbeitgeber haben Stadt und Landkreis herausgegeben. Zum zweiten Mal schreiben sie das G\u00fctesiegel \"Interkulturelle Vielfalt LEBEN\" aus. Nach dem erfolgreichen ersten Lauf schreiben die Universit\u00e4tsstadt Marburg und der Landkreis Marburg-Biedenkopf zum zweiten Mal das G\u00fctesiegel \"Interkulturelle Vielfalt LEBEN\" aus. Auf die Auszeichnung f\u00fcr interkulturelle\u2026","rel":"","context":"In &quot;Soziales&quot;","img":{"alt_text":"","src":"","width":0,"height":0},"classes":[]}],"_links":{"self":[{"href":"http:\/\/marburg.news\/index.php?rest_route=\/wp\/v2\/posts\/19132"}],"collection":[{"href":"http:\/\/marburg.news\/index.php?rest_route=\/wp\/v2\/posts"}],"about":[{"href":"http:\/\/marburg.news\/index.php?rest_route=\/wp\/v2\/types\/post"}],"author":[{"embeddable":true,"href":"http:\/\/marburg.news\/index.php?rest_route=\/wp\/v2\/users\/2"}],"replies":[{"embeddable":true,"href":"http:\/\/marburg.news\/index.php?rest_route=%2Fwp%2Fv2%2Fcomments&post=19132"}],"version-history":[{"count":0,"href":"http:\/\/marburg.news\/index.php?rest_route=\/wp\/v2\/posts\/19132\/revisions"}],"wp:attachment":[{"href":"http:\/\/marburg.news\/index.php?rest_route=%2Fwp%2Fv2%2Fmedia&parent=19132"}],"wp:term":[{"taxonomy":"category","embeddable":true,"href":"http:\/\/marburg.news\/index.php?rest_route=%2Fwp%2Fv2%2Fcategories&post=19132"},{"taxonomy":"post_tag","embeddable":true,"href":"http:\/\/marburg.news\/index.php?rest_route=%2Fwp%2Fv2%2Ftags&post=19132"}],"curies":[{"name":"wp","href":"https:\/\/api.w.org\/{rel}","templated":true}]}}