{"id":19119,"date":"2025-11-28T16:16:07","date_gmt":"2025-11-28T15:16:07","guid":{"rendered":"http:\/\/marburg.news\/?p=19119"},"modified":"2025-11-28T16:16:07","modified_gmt":"2025-11-28T15:16:07","slug":"in-cappel-unfallflucht-auf-tegut-parkplatz","status":"publish","type":"post","link":"http:\/\/marburg.news\/?p=19119","title":{"rendered":"In Cappel: Unfallflucht auf Tegut-Parkplatz"},"content":{"rendered":"<p>Offenbar bei einem Parkman\u00f6ver touchierte ein unbekannter Verkehrsteilnehmer auf dem Parkplatz des Tegut-Marktes an der Cappeler Stra\u00dfe einen Jeep. Der schwarze Renegade stand dort am Donnerstag (27. November) zwischen 8.15 und 8.42 Uhr. <!--more--><br \/>\nDer Schaden an der hinteren T\u00fcr der Beifahrerseite wird auf etwa 1.500 Euro gesch\u00e4tzt. Hinweise nehmen die Beamten der Polizei Marburg unter 06421\/406-0 entgegen.<\/p>\n<p>* pm: Polizei Marburg<\/p>\n","protected":false},"excerpt":{"rendered":"<p>Offenbar bei einem Parkman\u00f6ver touchierte ein unbekannter Verkehrsteilnehmer auf dem Parkplatz des Tegut-Marktes an der Cappeler Stra\u00dfe einen Jeep. Der schwarze Renegade stand dort am Donnerstag (27. November) zwischen 8.15 und 8.42 Uhr.<\/p>\n","protected":false},"author":2,"featured_media":0,"comment_status":"closed","ping_status":"open","sticky":false,"template":"","format":"standard","meta":{"advanced_seo_description":"","spay_email":"","jetpack_publicize_message":"","jetpack_is_tweetstorm":false,"jetpack_publicize_feature_enabled":true},"categories":[6],"tags":[637,16,34],"jetpack_featured_media_url":"","jetpack_publicize_connections":[],"jetpack_sharing_enabled":true,"jetpack_shortlink":"https:\/\/wp.me\/p8mhvd-4Yn","jetpack-related-posts":[{"id":4347,"url":"http:\/\/marburg.news\/?p=4347","url_meta":{"origin":19119,"position":0},"title":"Abr\u00e4umen mit Auto: Erneute Unfallflucht auf Tegut-Parkplatz in Cappel","date":"25. Oktober 2019","format":false,"excerpt":"Gegen die vordere Sto\u00dfstange eines VW Beetle stie\u00df ein Autoam Dienstag (22. Oktober). Zwischen 11 und 11.30 Uhr hinterlie\u00df der Fahrer einen Schaden von 700 Euro. Wieder einmal ereignete sich die Unfallflucht auf dem Parkplatz des Tegut-Markts an der Marburger Stra\u00dfe. Wie \u00fcblich, sucht die Polizei Zeugen. * pm: Polizei\u2026","rel":"","context":"In &quot;Sonstiges&quot;","img":{"alt_text":"","src":"","width":0,"height":0},"classes":[]},{"id":908,"url":"http:\/\/marburg.news\/?p=908","url_meta":{"origin":19119,"position":1},"title":"R\u00fcckw\u00e4rtsgang: Unfall auf Tegut-Parkplatz in Cappel","date":"1. August 2017","format":false,"excerpt":"Auf dem Tegut-Parkplatz an der Marburger Stra\u00dfe fuhr ein Unbekannter am Montag (31. Juli) gegen 16.40 Uhr beim Ausparken gegen einen gr\u00fcnen Subaru Forester. Der Schaden an der hinteren Sto\u00dfstange betr\u00e4gt 300 Euro. * pm: Polizei Marburg","rel":"","context":"In &quot;Sonstiges&quot;","img":{"alt_text":"","src":"","width":0,"height":0},"classes":[]},{"id":16040,"url":"http:\/\/marburg.news\/?p=16040","url_meta":{"origin":19119,"position":2},"title":"Am Ausparken: Unfallflucht auf Parkplatz in Cappel","date":"25. Juli 2024","format":false,"excerpt":"Vermutlich beim Ein- oder Ausparken touchierte ein unbekanntes Auto einen schwarzen Mercedes-Benz. Er stand am Dienstag (23. Juli) auf dem tegut-Parkplatz an der Marburger Stra\u00dfe. Anstatt sich um den Schaden von etwa 1.000 Euro zu k\u00fcmmern, entfernte sich der Verursacher nach dem Unfall zwischen 10.30 und 11.05 Uhr unerlaubt. Die\u2026","rel":"","context":"In &quot;Sonstiges&quot;","img":{"alt_text":"","src":"","width":0,"height":0},"classes":[]},{"id":19684,"url":"http:\/\/marburg.news\/?p=19684","url_meta":{"origin":19119,"position":3},"title":"Fahrerflucht: Verkehrsunfall auf Parkplatz in Cappel","date":"10. M\u00e4rz 2026","format":false,"excerpt":"Nach einer Unfallflucht auf einem Parkplatz in Cappel bittet die Polizei um Mithilfe. Zu der Verkehrsunfallflucht kam es am Samstag (7. M\u00e4rz) gegen 13.45 Uhr auf dem Kundenparkplatz des Tegut-Marktes an der Marburger Stra\u00dfe. Eine 24-j\u00e4hrige Fahrerin war mit ihrem schwarzen Opel Astra auf dem Parkplatz in Richtung Beltersh\u00e4user Stra\u00dfe\u2026","rel":"","context":"In &quot;Sonstiges&quot;","img":{"alt_text":"","src":"","width":0,"height":0},"classes":[]},{"id":2716,"url":"http:\/\/marburg.news\/?p=2716","url_meta":{"origin":19119,"position":4},"title":"Gut geschlagen: T\u00fcr gegen T\u00fcr auf Tegut-Parkplatz in Cappel","date":"9. Oktober 2018","format":false,"excerpt":"Als Auto des Unfallverursachers steht ein wei\u00dfes BMW Cabriolet fest. Die Ermittlungen zum Fahrer waren am Dienstag (9. Oktober) noch nicht abgeschlossen. Nach bisherigem Wissen schlug der verantwortliche Nutzer beim Einsteigen in den r\u00fcckw\u00e4rts eingeparkten BMW dessen Fahrert\u00fcr gegen die T\u00fcr eines schwarzen VW Golf. Anschlie\u00dfend fuhr er davon, ohne\u2026","rel":"","context":"In &quot;Sonstiges&quot;","img":{"alt_text":"","src":"","width":0,"height":0},"classes":[]},{"id":6833,"url":"http:\/\/marburg.news\/?p=6833","url_meta":{"origin":19119,"position":5},"title":"Unfallzeit: Unfallflucht auf Parkplatz in Cappel","date":"7. April 2021","format":false,"excerpt":"Zu einer Unfallflucht kam es am Dienstag (6. April) auf dem tegut-Parkplatz an der Marburger Stra\u00dfe. Ein ein- oder ausparkendes Auto verursachte zwischen 11 und 11.20 Uhr vorne rechts an einem roten VW Caddy einen Schaden von mindestens 300 Euro. Der rote Caddy mit Marburger Kennzeichen parkte vorw\u00e4rts in der\u2026","rel":"","context":"In &quot;Sonstiges&quot;","img":{"alt_text":"","src":"","width":0,"height":0},"classes":[]}],"_links":{"self":[{"href":"http:\/\/marburg.news\/index.php?rest_route=\/wp\/v2\/posts\/19119"}],"collection":[{"href":"http:\/\/marburg.news\/index.php?rest_route=\/wp\/v2\/posts"}],"about":[{"href":"http:\/\/marburg.news\/index.php?rest_route=\/wp\/v2\/types\/post"}],"author":[{"embeddable":true,"href":"http:\/\/marburg.news\/index.php?rest_route=\/wp\/v2\/users\/2"}],"replies":[{"embeddable":true,"href":"http:\/\/marburg.news\/index.php?rest_route=%2Fwp%2Fv2%2Fcomments&post=19119"}],"version-history":[{"count":0,"href":"http:\/\/marburg.news\/index.php?rest_route=\/wp\/v2\/posts\/19119\/revisions"}],"wp:attachment":[{"href":"http:\/\/marburg.news\/index.php?rest_route=%2Fwp%2Fv2%2Fmedia&parent=19119"}],"wp:term":[{"taxonomy":"category","embeddable":true,"href":"http:\/\/marburg.news\/index.php?rest_route=%2Fwp%2Fv2%2Fcategories&post=19119"},{"taxonomy":"post_tag","embeddable":true,"href":"http:\/\/marburg.news\/index.php?rest_route=%2Fwp%2Fv2%2Ftags&post=19119"}],"curies":[{"name":"wp","href":"https:\/\/api.w.org\/{rel}","templated":true}]}}