{"id":19118,"date":"2025-11-28T16:01:03","date_gmt":"2025-11-28T15:01:03","guid":{"rendered":"http:\/\/marburg.news\/?p=19118"},"modified":"2025-11-28T16:01:03","modified_gmt":"2025-11-28T15:01:03","slug":"im-waldtal-geparkter-grauer-touran-touchiert","status":"publish","type":"post","link":"http:\/\/marburg.news\/?p=19118","title":{"rendered":"Im Waldtal: Geparkter grauer Touran touchiert"},"content":{"rendered":"<p>Einen geparkten VW Touran touchiert hatt ein Unbekannter am Fuchspass. Der graue SUV stand dort am Mittwoch (26. November) zwischen 8.30 und 14.30 Uhr. <!--more--><br \/>\nDie Polizei sch\u00e4tzt den Schaden an der Fahrerseite auf etwa 1.000 Euro. Hinweise zum Verursacher nehmen die Beamten unter der Telefonnummer 06421\/406-0 entgegen.<\/p>\n<p>* pm: Polizei Marburg<\/p>\n","protected":false},"excerpt":{"rendered":"<p>Einen geparkten VW Touran touchiert hatt ein Unbekannter am Fuchspass. Der graue SUV stand dort am Mittwoch (26. November) zwischen 8.30 und 14.30 Uhr.<\/p>\n","protected":false},"author":2,"featured_media":0,"comment_status":"closed","ping_status":"open","sticky":false,"template":"","format":"standard","meta":{"advanced_seo_description":"","spay_email":"","jetpack_publicize_message":"","jetpack_is_tweetstorm":false,"jetpack_publicize_feature_enabled":true},"categories":[6],"tags":[16,454,34],"jetpack_featured_media_url":"","jetpack_publicize_connections":[],"jetpack_sharing_enabled":true,"jetpack_shortlink":"https:\/\/wp.me\/p8mhvd-4Ym","jetpack-related-posts":[{"id":13164,"url":"http:\/\/marburg.news\/?p=13164","url_meta":{"origin":19118,"position":0},"title":"Gleich besch\u00e4digt: Unfallflucht in der Neuen Kasseler Stra\u00dfe","date":"7. Juli 2023","format":false,"excerpt":"Eine Unfallflucht nach einem Parkplatzrempler meldete die Polizei am Freitag (7. Juli. Auf einem Parkplatz an der Neuen Kasseler Stra\u00dfe hatte ein Unbekannter am Donnerstag (6. Juli) einen abgestelltten VW touchiert. Vermutlich bei einem Parkman\u00f6ver besch\u00e4digte ein Unbekannter zwischen 5.10 und 18.15 Uhr den schwarzen Touran auf der Fahrerseite. Der\u2026","rel":"","context":"In &quot;Sonstiges&quot;","img":{"alt_text":"","src":"","width":0,"height":0},"classes":[]},{"id":8852,"url":"http:\/\/marburg.news\/?p=8852","url_meta":{"origin":19118,"position":1},"title":"Schaden am Auto: Unfallflucht auf Parkplatz beim G-Werk","date":"28. Februar 2022","format":false,"excerpt":"Eine Unfallflucht meldete die Polizei am Montag (28. Februar) Passiert ist der Unfall am Sonntag (27. Februar) zwischen 11 und 13.10 Uhr auf dem Parkplatz beim Alten Gaswerk an den Aff\u00f6llerwiesen. Vermutlich beim Ein- oder Ausparken kollidierte ein noch unbekanntes Auto mit der hinteren linken Ecke eines wei\u00dfen VW Touran.\u2026","rel":"","context":"In &quot;Sonstiges&quot;","img":{"alt_text":"","src":"","width":0,"height":0},"classes":[]},{"id":19205,"url":"http:\/\/marburg.news\/?p=19205","url_meta":{"origin":19118,"position":2},"title":"Unfallflucht: Beim Ausparken gegen Touran gesto\u00dfen","date":"12. Dezember 2025","format":false,"excerpt":"Beim R\u00fcckw\u00e4rtsausparken stie\u00df der Fahrer eines dunklen Audis am Freitag (5. Dezember) gegen einen geparkten schwarzen VW Touran. Anschlie\u00dfend fuhr der Audi weiter. Die Unfallflucht erfolgte gegen 22 Uhr auf dem Parkplatz der Alten Universit\u00e4tsbibliothek an der Wilhelm-R\u00f6pke-Stra\u00dfe. Den Schaden an dem vorderen rechten Kotfl\u00fcgel des VW beziffert die Polizei\u2026","rel":"","context":"In &quot;Sonstiges&quot;","img":{"alt_text":"","src":"","width":0,"height":0},"classes":[]},{"id":674,"url":"http:\/\/marburg.news\/?p=674","url_meta":{"origin":19118,"position":3},"title":"Wir sind fort: Unfallflucht im Taubenweg","date":"22. Juni 2017","format":false,"excerpt":"Der Schaden an einem grauen VW Touran betr\u00e4gt mindestens 1.000 Euro. Das Fahrzeug ist vorne links besch\u00e4digt. Der Touran parkte am Mittwoch (21. Juni) zwischen 17.45 und 19.45 Uhr auf dem Parkstreifen vor dem Haus Taubenweg 7. * pm: Polizei Marburg","rel":"","context":"In &quot;Sonstiges&quot;","img":{"alt_text":"","src":"","width":0,"height":0},"classes":[]},{"id":18607,"url":"http:\/\/marburg.news\/?p=18607","url_meta":{"origin":19118,"position":4},"title":"Im Touran: Mit leerem Zettel Unfallflucht vertuscht","date":"28. August 2025","format":false,"excerpt":"Einen leeren Zettel hat ein Unfallfahrer an der Windschutzscheibe eines besch\u00e4digten Autos. hinterlassen. Auf dem Parkplatz der Adolf-Reichwein-Schule an der Weintrautstra\u00dfe hatte er zuvor einen geparkten roten Golf an der vorderen Sto\u00dfstange undtouchiert. Dadurch verursachte der Fahrer eines schwarzen VW Touran einen Schaden von 2.500 Euro. Anschlie\u00dfend stieg er aus\u2026","rel":"","context":"In &quot;Sonstiges&quot;","img":{"alt_text":"","src":"","width":0,"height":0},"classes":[]},{"id":5996,"url":"http:\/\/marburg.news\/?p=5996","url_meta":{"origin":19118,"position":5},"title":"Auto abgestellt: Komplette Beifahrerseite verkratzt","date":"12. November 2020","format":false,"excerpt":"Irgendwer hat in der Nacht zum Mittwoch (11. November) einen braunen VW Touran verkratzt. Dabei entstand ein Schaden von vermutlich mindestens 2.000 Euro. Die Kratzer zogen sich \u00fcber die Heckklappe, den hinteren rechten Kotfl\u00fcgel und die hintere T\u00fcr auf der Beifahrerseite. Der Touran parkte zur Tatzeit auf dem Parkplatz zwischen\u2026","rel":"","context":"In &quot;Sonstiges&quot;","img":{"alt_text":"","src":"","width":0,"height":0},"classes":[]}],"_links":{"self":[{"href":"http:\/\/marburg.news\/index.php?rest_route=\/wp\/v2\/posts\/19118"}],"collection":[{"href":"http:\/\/marburg.news\/index.php?rest_route=\/wp\/v2\/posts"}],"about":[{"href":"http:\/\/marburg.news\/index.php?rest_route=\/wp\/v2\/types\/post"}],"author":[{"embeddable":true,"href":"http:\/\/marburg.news\/index.php?rest_route=\/wp\/v2\/users\/2"}],"replies":[{"embeddable":true,"href":"http:\/\/marburg.news\/index.php?rest_route=%2Fwp%2Fv2%2Fcomments&post=19118"}],"version-history":[{"count":0,"href":"http:\/\/marburg.news\/index.php?rest_route=\/wp\/v2\/posts\/19118\/revisions"}],"wp:attachment":[{"href":"http:\/\/marburg.news\/index.php?rest_route=%2Fwp%2Fv2%2Fmedia&parent=19118"}],"wp:term":[{"taxonomy":"category","embeddable":true,"href":"http:\/\/marburg.news\/index.php?rest_route=%2Fwp%2Fv2%2Fcategories&post=19118"},{"taxonomy":"post_tag","embeddable":true,"href":"http:\/\/marburg.news\/index.php?rest_route=%2Fwp%2Fv2%2Ftags&post=19118"}],"curies":[{"name":"wp","href":"https:\/\/api.w.org\/{rel}","templated":true}]}}