{"id":19117,"date":"2025-11-28T15:47:07","date_gmt":"2025-11-28T14:47:07","guid":{"rendered":"http:\/\/marburg.news\/?p=19117"},"modified":"2025-11-28T15:47:07","modified_gmt":"2025-11-28T14:47:07","slug":"im-landkreis-erwerbslosenzahl-um-08-prozent-gesunken","status":"publish","type":"post","link":"http:\/\/marburg.news\/?p=19117","title":{"rendered":"Im Landkreis: Erwerbslosenzahl um 0,8 Prozent gesunken"},"content":{"rendered":"<p>Um 0,8 Prozent gesunken ist die Erwerbslosenzahl im November 2025. Das besagt die Monatsbilanz des KreisJobCenters (KJC) von Freitag (28. November). <!--more--><br \/>\nIm November ist die Zahl der arbeitslosen Menschen gesunken, die Grundsicherung nach dem Zweiten Sozialgesetzbuch (SGB II) beziehen. Das KreisJobCenter (KJC) des Landkreises Marburg-Biedenkopf meldet in seiner aktuellen Statistik 3.850 erwerbsf\u00e4hige Leistungsberechtigte, die als arbeitslos registriert sind. Das ist ein R\u00fcckgang von 32 Personen oder 0,8 Prozent gegen\u00fcber dem <a href=\"http:\/\/marburg.news\/?p=18921\">Vormonat Oktober 2025<\/a>.<br \/>\nIm Vergleich mit dem November 2024 ist ein R\u00fcckgang der Erwerbslosen in der Zust\u00e4ndigkeit des KJC um 268 Personen oder 6,5 Prozent zu verzeichnen. Die Quote der arbeitslosen Grundsicherungsempfangenden an den zivilen Erwerbspersonen lag im November 2025 bei 2,8 Prozent. Im Vorjahresmonat lag die Quote bei drei Prozent.<br \/>\n&#8222;Wir liegen sowohl bei den Zahlen der Arbeitslosen, als auch bei denen der Bedarfsgemeinschaften und erwerbsf\u00e4higen Leistungsberechtigen aktuell deutlich unter dem bisherigen Jahresdurchschnitt des KreisJobCenters&#8220;, freute sich der Erste Kreisbeigeordnete Peter Neidel. Er hoffe, dass sich die Zahlen zum Jahresende weiterhin verbessern.<br \/>\nEnde November 2025 lag die Zahl der Bedarfsgemeinschaften bei 6.758. Damit sank sie im Vergleich zum Vormonat um 110 Bedarfsgemeinschaften beziehungsweise 1,6 Prozent. Verglichen mit dem Vorjahresmonat war das ein R\u00fcckgang um 197 Bedarfsgemeinschaften oder 2,8 Prozent.<br \/>\nDie Zahl der erwerbsf\u00e4higen Leistungsberechtigten sank auf 9.104 Personen und damit im Vergleich zum Vormonat um 104 Personen oder 1,1 Prozent. Gegen\u00fcber dem Vorjahresmonat ist ein R\u00fcckgang um 340 Personen oder 3,6 Prozent zu verzeichnen. Bei den Angaben zu den Bedarfsgemeinschaften und erwerbsf\u00e4higen Leistungsberechtigten handelt es sich um einen zum Stichtag 12. November 2025 ermittelten vorl\u00e4ufigen Bestand und nicht um eine offizielle Statistik. Der endg\u00fcltige Bestand f\u00fcr den Berichtsmonat November wird von der Bundesagentur f\u00fcr Arbeit (BA) nach einer Wartezeit von drei Monaten festgeschrieben.<\/p>\n<p>* pm: Landkreis Marburg-Biedenkopf<\/p>\n","protected":false},"excerpt":{"rendered":"<p>Um 0,8 Prozent gesunken ist die Erwerbslosenzahl im November 2025. Das besagt die Monatsbilanz des KreisJobCenters (KJC) von Freitag (28. November).<\/p>\n","protected":false},"author":2,"featured_media":0,"comment_status":"closed","ping_status":"open","sticky":false,"template":"","format":"standard","meta":{"advanced_seo_description":"","spay_email":"","jetpack_publicize_message":"","jetpack_is_tweetstorm":false,"jetpack_publicize_feature_enabled":true},"categories":[2,4],"tags":[1612,162,7221],"jetpack_featured_media_url":"","jetpack_publicize_connections":[],"jetpack_sharing_enabled":true,"jetpack_shortlink":"https:\/\/wp.me\/p8mhvd-4Yl","jetpack-related-posts":[{"id":11325,"url":"http:\/\/marburg.news\/?p=11325","url_meta":{"origin":19117,"position":0},"title":"Geringf\u00fcgig gesunken: KJC meldet R\u00fcckgang der Erwerbslosenzahl","date":"30. November 2022","format":false,"excerpt":"Die Arbeitslosenzahl ist im November leicht gesunken. Das besagt die aktuelle Monatsbilanz des KreisJobCenters (KJC). Gesunken ist im November die Anzahl der arbeitslosen Menschen, die Grundsicherung nach dem Sozialgesetzbuch II (SGB II) beziehen. Das KreisJobCenter (KJC) des Landkreises Marburg-Biedenkopf meldet in seiner aktuellen Statistik 3.731 erwerbsf\u00e4hige Leistungsberechtigte, die als arbeitslos\u2026","rel":"","context":"In &quot;Politik&quot;","img":{"alt_text":"","src":"","width":0,"height":0},"classes":[]},{"id":14696,"url":"http:\/\/marburg.news\/?p=14696","url_meta":{"origin":19117,"position":1},"title":"Gesunken: KJC verk\u00fcndete Erwerbslosenzahl von Dezember 2023","date":"3. Januar 2024","format":false,"excerpt":"Die Zahl der Erwerbslosen ist im Dezember um 3,5 Prozent gesunken. Das besagt die aktuelle Monatsbilanz des KreisJobCenters (KJC). Gesunken ist im Dezember 2023 die Zahl der arbeitslosen Menschen, die Grundsicherung nach dem Zweiten Sozialgesetzbuch (SGB II) beziehen. Das KreisJobCenter (KJC) des Landkreises Marburg-Biedenkopf meldet in seiner aktuellen Statistik 4.001\u2026","rel":"","context":"In &quot;Soziales&quot;","img":{"alt_text":"","src":"","width":0,"height":0},"classes":[]},{"id":2770,"url":"http:\/\/marburg.news\/?p=2770","url_meta":{"origin":19117,"position":2},"title":"Vor Job und Jobcenter: Erwerbslosenzahl leicht gesunken","date":"30. Oktober 2018","format":false,"excerpt":"Eine gesunkene Arbeitslosigkeit meldet das KJC f\u00fcr Oktober. Ihre Zahl verringerte sich um 14 Personen. ie Zahl der arbeitslosen Menschen, die das KreisJobCenter (KJC) Marburg-Biedenkopf betreut, ist im Oktober leicht gesunken. Die Monatsbilanz des KJC weist insgesamt 3.104 erwerbsf\u00e4hige Leistungsberechtigte aus, die als arbeitslos registriert sind. Das sind 14 Personen\u2026","rel":"","context":"In &quot;Soziales&quot;","img":{"alt_text":"","src":"","width":0,"height":0},"classes":[]},{"id":17263,"url":"http:\/\/marburg.news\/?p=17263","url_meta":{"origin":19117,"position":3},"title":"Gesunken: KJC ver\u00f6ffentlichte Monatsstatistik f\u00fcr Dezember 2024","date":"3. Januar 2025","format":false,"excerpt":"Die Erwerbslosenzahl ist im Dezember um 1,1 Prozent gesunken. Das besagt die aktuelle Monatsbilanz des KreisJobCenters (KJC). Gesunken ist im Dezember 2024 die Zahl der arbeitslosen Menschen, die Grundsicherung nach dem Zweiten Sozialgesetzbuch (SGB II) beziehen. Das KreisJobCenter (KJC) des Landkreises Marburg-Biedenkopf meldet in seiner aktuellen Statistik 4.072 erwerbsf\u00e4hige Leistungsberechtigte,\u2026","rel":"","context":"In &quot;Soziales&quot;","img":{"alt_text":"","src":"","width":0,"height":0},"classes":[]},{"id":19308,"url":"http:\/\/marburg.news\/?p=19308","url_meta":{"origin":19117,"position":4},"title":"Hoffnung f\u00fcr die Erwerbslosen: KJC meltet Tiefststand seit drei Jahren","date":"7. Januar 2026","format":false,"excerpt":"Die Erwerbslosenzahl ist im Dezember 2025 gesunken. Das besagt die aktuelle Monatsbilanz des KreisJobCenters (KJC). Um 1,5 Prozent gesunken ist Im Dezember die Zahl der arbeitslosen Menschen, die Grundsicherung nach dem Zweiten Sozialgesetzbuch (SGB II) beziehen. Das KreisJobCenter (KJC) des Landkreises Marburg-Biedenkopf meldete am Mittwoch (7. Januar) 3.793 erwerbsf\u00e4hige Leistungsberechtigte,\u2026","rel":"","context":"In &quot;Politik&quot;","img":{"alt_text":"","src":"","width":0,"height":0},"classes":[]},{"id":17745,"url":"http:\/\/marburg.news\/?p=17745","url_meta":{"origin":19117,"position":5},"title":"Zur\u00fcckgegangen: Zahl der Erwerbslosen leicht gesunken","date":"28. M\u00e4rz 2025","format":false,"excerpt":"Die Zahl der Erwerbslosen ist im M\u00e4rz um 1,5 Prozent gesunken. Das besagt die aktuelle Monatsbilanz des KreisJobCenters (KJC). Gesunken ist im M\u00e4rz 2025 die Zahl der arbeitslosen Menschen, die Grundsicherung nach dem Zweiten Sozialgesetzbuch (SGB II) beziehen. Das KreisJobCenter (KJC) des Landkreises Marburg-Biedenkopf meldet in seiner aktuellen Statistik 4.093\u2026","rel":"","context":"In &quot;Soziales&quot;","img":{"alt_text":"","src":"","width":0,"height":0},"classes":[]}],"_links":{"self":[{"href":"http:\/\/marburg.news\/index.php?rest_route=\/wp\/v2\/posts\/19117"}],"collection":[{"href":"http:\/\/marburg.news\/index.php?rest_route=\/wp\/v2\/posts"}],"about":[{"href":"http:\/\/marburg.news\/index.php?rest_route=\/wp\/v2\/types\/post"}],"author":[{"embeddable":true,"href":"http:\/\/marburg.news\/index.php?rest_route=\/wp\/v2\/users\/2"}],"replies":[{"embeddable":true,"href":"http:\/\/marburg.news\/index.php?rest_route=%2Fwp%2Fv2%2Fcomments&post=19117"}],"version-history":[{"count":0,"href":"http:\/\/marburg.news\/index.php?rest_route=\/wp\/v2\/posts\/19117\/revisions"}],"wp:attachment":[{"href":"http:\/\/marburg.news\/index.php?rest_route=%2Fwp%2Fv2%2Fmedia&parent=19117"}],"wp:term":[{"taxonomy":"category","embeddable":true,"href":"http:\/\/marburg.news\/index.php?rest_route=%2Fwp%2Fv2%2Fcategories&post=19117"},{"taxonomy":"post_tag","embeddable":true,"href":"http:\/\/marburg.news\/index.php?rest_route=%2Fwp%2Fv2%2Ftags&post=19117"}],"curies":[{"name":"wp","href":"https:\/\/api.w.org\/{rel}","templated":true}]}}