{"id":19093,"date":"2025-11-24T13:50:21","date_gmt":"2025-11-24T12:50:21","guid":{"rendered":"http:\/\/marburg.news\/?p=19093"},"modified":"2025-11-24T13:50:21","modified_gmt":"2025-11-24T12:50:21","slug":"kreuzungen-kennenlernen-jana-trommer-sitzt-diesmal-am-rudolphsplatz","status":"publish","type":"post","link":"http:\/\/marburg.news\/?p=19093","title":{"rendered":"Kreuzungen kennenlernen: Jana Trommer sitzt diesmal am Rudolphsplatz"},"content":{"rendered":"<p>Ihre n\u00e4chste &#8222;Kunstaktion&#8220; f\u00fcr Klimaschutz hat Jana Trommer am Montag (24. November) angek\u00fcndigt. Diesmal will sich die Kinderpsychologin wieder amRudolphsplatz auf die Stra\u00dfe setzen. <!--more--><br \/>\nStattfinden soll die Aktion am Freitag (28. November) von 16 bis 16.15 Uhr beim Fu\u00dfg\u00e4nger\u00fcbergang \u00fcber die Universit\u00e4tsstra\u00dfe in Richtung S\u00fcden. Mit ihrer <a href=\"http:\/\/marburg.news\/?p=19048\">allw\u00f6chentlichen &#8222;Kunstaktion&#8220;<\/a> m\u00f6chte Jana Trommer die St\u00f6rungen durch die Klimakrise symbolisieren und auf die Gefahren durch fehlenden Klimaschutz hinweisen. Zugleich fordert sie von der Regie\u00adrung, ernsthafte Schutzma\u00dfnahmen durch Klimaschutz zu ergreifen.<\/p>\n<p>* pm: Jana Trommer, Marburg<\/p>\n","protected":false},"excerpt":{"rendered":"<p>Ihre n\u00e4chste &#8222;Kunstaktion&#8220; f\u00fcr Klimaschutz hat Jana Trommer am Montag (24. November) angek\u00fcndigt. Diesmal will sich die Kinderpsychologin wieder amRudolphsplatz auf die Stra\u00dfe setzen.<\/p>\n","protected":false},"author":2,"featured_media":0,"comment_status":"closed","ping_status":"open","sticky":false,"template":"","format":"standard","meta":{"advanced_seo_description":"","spay_email":"","jetpack_publicize_message":"","jetpack_is_tweetstorm":false,"jetpack_publicize_feature_enabled":true},"categories":[2],"tags":[5169,506,4454],"jetpack_featured_media_url":"","jetpack_publicize_connections":[],"jetpack_sharing_enabled":true,"jetpack_shortlink":"https:\/\/wp.me\/p8mhvd-4XX","jetpack-related-posts":[{"id":19544,"url":"http:\/\/marburg.news\/?p=19544","url_meta":{"origin":19093,"position":0},"title":"Bemerkbar machen: Diesmal sitzt Jana Trommer Am Gr\u00fcn","date":"16. Februar 2026","format":false,"excerpt":"Ihre n\u00e4chste \"Kunstaktion f\u00fcr Klimaschutz\" hat Jana Trommer f\u00fcr Freitag (20. Februar) angek\u00fcndigt. Von 16.30 bis 16.45 Uhr will sie auf der Stra\u00dfe \"Am Gr\u00fcn\" sitzen. Beim Fu\u00dfg\u00e4nger\u00fcbergang an der Einm\u00fcndung der Stra\u00dfe \"Am Gr\u00fcn\" in die Universit\u00e4tsstra\u00dfe will Jana Trommer am Freitag (20. Februar) von 16.30 bis 16.45 Uhr\u2026","rel":"","context":"In &quot;Kultur&quot;","img":{"alt_text":"","src":"","width":0,"height":0},"classes":[]},{"id":19677,"url":"http:\/\/marburg.news\/?p=19677","url_meta":{"origin":19093,"position":1},"title":"Gegen Gleichg\u00fcltigkeit: Jana Trommer sitzt diemsal im S\u00fcdviertel","date":"9. M\u00e4rz 2026","format":false,"excerpt":"Jana Trommer macht weiter. Ihre n\u00e4chste \"Kunstaktion\" hat sie f\u00fcr Freitag (13. M\u00e4rz) angek\u00fcndigt. Diesmal m\u00f6chte Jana Trommer ihre allw\u00f6chentliche \"Kunstaktion\" f\u00fcr Klimaschutz auf der Frankfurter Stra\u00dfe beim Fu\u00dfg\u00e4nger\u00fcbergang \"Auf der Weide\" durchf\u00fchren. Mit ihrer Aktion am Freitag (13. M\u00e4rz) von 16.30 bis 16.45 Uhr m\u00f6chte die Marburger Psychologin wieder\u2026","rel":"","context":"In &quot;Kultur&quot;","img":{"alt_text":"","src":"","width":0,"height":0},"classes":[]},{"id":18941,"url":"http:\/\/marburg.news\/?p=18941","url_meta":{"origin":19093,"position":2},"title":"N\u00e4chste Aktion: Diesmal sitzt Jana Trommer am Pilgrimstein auf der Stra\u00dfe","date":"2. November 2025","format":false,"excerpt":"Eine erneute \"Kunstaktion\" hat die Psychologin Jana Trommer f\u00fcr Freitag (7. November) angek\u00fcndigt. Diesmal soll sie am Pilgrimstein unweit vom Rudolphsplatz stattfinden. Von 17 bis 17.15 Uhr will sich Jana Trommer bei der Fu\u00dfg\u00e4ngerampel am Oberstadtaufzug auf die Stra\u00dfe setzen. Damit m\u00f6chte sie die St\u00f6rungen durch die Klimakrise symbolisiere, auf\u2026","rel":"","context":"In &quot;Politik&quot;","img":{"alt_text":"","src":"","width":0,"height":0},"classes":[]},{"id":19124,"url":"http:\/\/marburg.news\/?p=19124","url_meta":{"origin":19093,"position":3},"title":"Kunst f\u00fcrs Klima: Jana Trommer setzt sich vor die Elisabethkirche","date":"1. Dezember 2025","format":false,"excerpt":"Ihre allw\u00f6chentliche \"Kunstaktion\" f\u00fcr Klimaschutz m\u00f6chte Jana Trommer diesmal vor der Elisabethkirche durchf\u00fchren. Das hat die Psychologin am Montag (1. Dezember) angek\u00fcndigt. Ihre Aktionsank\u00fcndigung entspricht inhaltlich wieder einmal den vorherigen Verlautbarungen: \"Am Freitag (5. Dezember) von 16 bis 16.15 Uhr werde ich in Marburg an der Elisabethkirche - Fu\u00dfg\u00e4nger\u00fcbergang Elisabethstra\u00dfe\u2026","rel":"","context":"In &quot;Kultur&quot;","img":{"alt_text":"","src":"","width":0,"height":0},"classes":[]},{"id":19640,"url":"http:\/\/marburg.news\/?p=19640","url_meta":{"origin":19093,"position":4},"title":"Vor\u00fcbergehend gesessen: Jana Trommer geht diesmal zur Gutenbergstra\u00dfe","date":"2. M\u00e4rz 2026","format":false,"excerpt":"Ihre allw\u00f6chentliche \"Kunstaktion\" f\u00fcr Klimaschutz will Jana Trommer am Freitag (6. M\u00e4rz) wieder auf der Gutenbergstra\u00dfe durchf\u00fchren. Das hat sie am Montag (2. M\u00e4rz) angek\u00fcndiggt. Am Freitag (6. M\u00e4rz) von 16.30 bis 16.45 Uhr will Jana Trommer auf der Gutenbergstra\u00dfe am Fu\u00dfg\u00e4nger\u00fcbergang bei der Einm\u00fcndung in die Universit\u00e4tsstra\u00dfe wieder eine\u2026","rel":"","context":"In &quot;Politik&quot;","img":{"alt_text":"","src":"","width":0,"height":0},"classes":[]},{"id":19048,"url":"http:\/\/marburg.news\/?p=19048","url_meta":{"origin":19093,"position":5},"title":"Permanent protestieren: Jana Trommer diesmal auf der Biegenstra\u00dfe","date":"17. November 2025","format":false,"excerpt":"Eine \"Kunstaktion\" zur Weltklimakonferenz \"#COP30\" hat Jana Trommer f\u00fcr Freitag (21. November) angek\u00fcndigt. Sie soll \"#F\u00fcrsLebenStehen\". Gem\u00e4\u00df ihrer \u00f6ffentlichen Aktions-Ank\u00fcndigung von Montag (17. November) will Jana Trommer am Freitag (21. November) von 16 bis 16.15 Uhr auf der Biegenstra\u00dfe beim Fu\u00dfg\u00e4nger\u00fcbergang zum Cineplex eine \"Kunstaktion durchf\u00fchren, mit der ich die\u2026","rel":"","context":"In &quot;Politik&quot;","img":{"alt_text":"","src":"","width":0,"height":0},"classes":[]}],"_links":{"self":[{"href":"http:\/\/marburg.news\/index.php?rest_route=\/wp\/v2\/posts\/19093"}],"collection":[{"href":"http:\/\/marburg.news\/index.php?rest_route=\/wp\/v2\/posts"}],"about":[{"href":"http:\/\/marburg.news\/index.php?rest_route=\/wp\/v2\/types\/post"}],"author":[{"embeddable":true,"href":"http:\/\/marburg.news\/index.php?rest_route=\/wp\/v2\/users\/2"}],"replies":[{"embeddable":true,"href":"http:\/\/marburg.news\/index.php?rest_route=%2Fwp%2Fv2%2Fcomments&post=19093"}],"version-history":[{"count":0,"href":"http:\/\/marburg.news\/index.php?rest_route=\/wp\/v2\/posts\/19093\/revisions"}],"wp:attachment":[{"href":"http:\/\/marburg.news\/index.php?rest_route=%2Fwp%2Fv2%2Fmedia&parent=19093"}],"wp:term":[{"taxonomy":"category","embeddable":true,"href":"http:\/\/marburg.news\/index.php?rest_route=%2Fwp%2Fv2%2Fcategories&post=19093"},{"taxonomy":"post_tag","embeddable":true,"href":"http:\/\/marburg.news\/index.php?rest_route=%2Fwp%2Fv2%2Ftags&post=19093"}],"curies":[{"name":"wp","href":"https:\/\/api.w.org\/{rel}","templated":true}]}}